{"id":23891,"date":"2020-06-11T12:59:12","date_gmt":"2020-06-11T10:59:12","guid":{"rendered":"https:\/\/www.pimealdia.org\/?p=23891\/"},"modified":"2020-06-11T12:59:33","modified_gmt":"2020-06-11T10:59:33","slug":"por-que-necesario-adaptar-los-seguros-nuevo-contexto-provocado-por-coronavirus","status":"publish","type":"post","link":"https:\/\/www.pimealdia.org\/es\/por-que-necesario-adaptar-los-seguros-nuevo-contexto-provocado-por-coronavirus\/","title":{"rendered":"Por qu\u00e9 es necesario adaptar los seguros al nuevo contexto provocado por el coronavirus"},"content":{"rendered":"<p style=\"text-align: justify;\">La crisis global provocada por el coronavirus ha supuesto un cambio de h\u00e1bitos que afecta a todos los aspectos de la vida, pero \u00bfc\u00f3mo ha afectado a nuestros riesgos?<\/p>\n<p style=\"text-align: justify;\">Con la llegada del Covid-19 hemos tomado conciencia de la fragilidad de lo que consider\u00e1bamos nuestra vida cotidiana, una realidad que viv\u00edamos como estable y permanente. Esta crisis ha supuesto un punto de inflexi\u00f3n en nuestra sociedad y forma de vida, tanto en la forma de trabajar como de relacionarnos, de convivir, de satisfacer necesidades o de afrontar el futuro.<\/p>\n<p style=\"text-align: justify;\"><strong>Adaptarse a estos nuevos tiempos y tomar medidas de cara al futuro es responsabilidad de todos.<\/strong> El sector asegurador, por su propio ADN de protecci\u00f3n y gesti\u00f3n de riesgos, ha reaccionado con agilidad ante esta \u201cnueva realidad\u201d y ha dado respuesta a las demandas de los clientes con <strong>ayudas econ\u00f3micas, carencias, incrementando las protecciones y adapt\u00e1ndose tecnol\u00f3gicamente a la situaci\u00f3n para poder mantener el nivel de atenci\u00f3n y servicio \u00f3ptimo.<\/strong><\/p>\n<p style=\"text-align: justify;\"><img loading=\"lazy\" class=\"size-medium wp-image-22676 alignright\" src=\"https:\/\/www.pimealdia.org\/wp-content\/uploads\/2019\/12\/blog-ok-300x203.jpg\" alt=\"\" width=\"300\" height=\"203\" srcset=\"https:\/\/www.pimealdia.org\/wp-content\/uploads\/2019\/12\/blog-ok-300x203.jpg 300w, https:\/\/www.pimealdia.org\/wp-content\/uploads\/2019\/12\/blog-ok-600x406.jpg 600w, https:\/\/www.pimealdia.org\/wp-content\/uploads\/2019\/12\/blog-ok-400x271.jpg 400w, https:\/\/www.pimealdia.org\/wp-content\/uploads\/2019\/12\/blog-ok.jpg 680w\" sizes=\"(max-width: 300px) 100vw, 300px\" \/>Por su parte, las empresas han sufrido un fuerte impacto econ\u00f3mico que las ha forzado, en muchos casos, a cerrar. Otras empresas han tenido que reinventarse, adaptar sus servicios y buscar nuevas f\u00f3rmulas para mantener su actividad econ\u00f3mica. Debemos tener presente que <strong>esta nueva situaci\u00f3n a la que nos enfrentamos a nivel econ\u00f3mico, empresarial y laboral tambi\u00e9n ha hecho cambiar los riesgos a los que nos exponemos y explica que sea de vital importancia adaptar los seguros<\/strong> a la coyuntura profesional y personal del momento.<\/p>\n<p style=\"text-align: justify;\">En relaci\u00f3n con este cambio en los h\u00e1bitos, desde\u00a0<a href=\"https:\/\/www.pimec.org\/ca\/pimes-autonoms\/serveis\/mediacio-dassegurances\">PIMEC\u00a0Mediaci\u00f3n de seguros<\/a> trabajamos para anticiparnos a las nuevas circunstancias y ayudar nuestros clientes a hacer una nueva planificaci\u00f3n aseguradora que les proporcione <strong>seguridad y tranquilidad, en el presente y en el futuro<\/strong>. Ponemos a tu disposici\u00f3n a nuestro equipo de asesores especializados para guiarte, orientarte y revisar tus seguros de manera personalizada, gratuita y sin compromiso. Estamos preparados para dar un servicio \u00f3ptimo de manera telef\u00f3nica, presencial o a trav\u00e9s de videoconferencia.<\/p>\n","protected":false},"excerpt":{"rendered":"<p>La crisis global provocada por el coronavirus ha supuesto un cambio de h\u00e1bitos que afecta a todos los aspectos de la vida, pero \u00bfc\u00f3mo ha afectado a nuestros riesgos? Con la llegada del Covid-19 hemos tomado conciencia de la fragilidad de lo que consider\u00e1bamos nuestra vida cotidiana, una realidad que viv\u00edamos como estable y permanente. Esta crisis ha supuesto un punto de inflexi\u00f3n en nuestra sociedad y forma de vida, tanto en la forma de trabajar como de relacionarnos, de convivir, de satisfacer necesidades o de afrontar el futuro. Adaptarse a estos nuevos tiempos y tomar medidas de cara al<\/p>\n","protected":false},"author":30,"featured_media":23351,"comment_status":"open","ping_status":"closed","sticky":false,"template":"","format":"standard","meta":[],"categories":[330,772],"tags":[],"_links":{"self":[{"href":"https:\/\/www.pimealdia.org\/es\/wp-json\/wp\/v2\/posts\/23891"}],"collection":[{"href":"https:\/\/www.pimealdia.org\/es\/wp-json\/wp\/v2\/posts"}],"about":[{"href":"https:\/\/www.pimealdia.org\/es\/wp-json\/wp\/v2\/types\/post"}],"author":[{"embeddable":true,"href":"https:\/\/www.pimealdia.org\/es\/wp-json\/wp\/v2\/users\/30"}],"replies":[{"embeddable":true,"href":"https:\/\/www.pimealdia.org\/es\/wp-json\/wp\/v2\/comments?post=23891"}],"version-history":[{"count":1,"href":"https:\/\/www.pimealdia.org\/es\/wp-json\/wp\/v2\/posts\/23891\/revisions"}],"predecessor-version":[{"id":23892,"href":"https:\/\/www.pimealdia.org\/es\/wp-json\/wp\/v2\/posts\/23891\/revisions\/23892"}],"wp:featuredmedia":[{"embeddable":true,"href":"https:\/\/www.pimealdia.org\/es\/wp-json\/wp\/v2\/media\/23351"}],"wp:attachment":[{"href":"https:\/\/www.pimealdia.org\/es\/wp-json\/wp\/v2\/media?parent=23891"}],"wp:term":[{"taxonomy":"category","embeddable":true,"href":"https:\/\/www.pimealdia.org\/es\/wp-json\/wp\/v2\/categories?post=23891"},{"taxonomy":"post_tag","embeddable":true,"href":"https:\/\/www.pimealdia.org\/es\/wp-json\/wp\/v2\/tags?post=23891"}],"curies":[{"name":"wp","href":"https:\/\/api.w.org\/{rel}","templated":true}]}}