{"id":24073,"date":"2020-07-30T11:16:15","date_gmt":"2020-07-30T09:16:15","guid":{"rendered":"https:\/\/www.pimealdia.org\/?p=24073\/"},"modified":"2020-07-30T11:18:56","modified_gmt":"2020-07-30T09:18:56","slug":"la-reanudacion","status":"publish","type":"post","link":"https:\/\/www.pimealdia.org\/es\/la-reanudacion\/","title":{"rendered":"La reanudaci\u00f3n"},"content":{"rendered":"<p style=\"text-align: justify;\">Hace semanas que muchos de nosotros, por no decir todos, anhelamos volver a la rutina por completo, a cierta normalidad. Creo que hablar de reanudaci\u00f3n es totalmente acertado; una reanudaci\u00f3n de nuestra actividad, a nivel social y econ\u00f3mico, es decir, una reanudaci\u00f3n de ciertos derechos que han quedado limitados durante este periodo. Toca hacerlo, pero, desde la m\u00e1s absoluta responsabilidad de saber que <strong>tenemos en nuestras manos minimizar los efectos devastadores que tendr\u00eda volver a una situaci\u00f3n similar.<\/strong><\/p>\n<p style=\"text-align: justify;\">Estoy convencido de que la gran mayor\u00eda de nosotros hemos perdido o conocemos a alguien que ha perdido gente querida; es una situaci\u00f3n no deseada y esperamos que no tengamos que vivir nada similar en mucho de tiempo, pero siempre hay o siempre me gusta buscar el lado positivo de las situaciones m\u00e1s adversas.<\/p>\n<p style=\"text-align: justify;\"><strong><img loading=\"lazy\" class=\"size-medium wp-image-23847 alignleft\" src=\"https:\/\/www.pimealdia.org\/wp-content\/uploads\/2020\/06\/pexels-photo-4031818-300x200.jpeg\" alt=\"\" width=\"300\" height=\"200\" srcset=\"https:\/\/www.pimealdia.org\/wp-content\/uploads\/2020\/06\/pexels-photo-4031818-300x200.jpeg 300w, https:\/\/www.pimealdia.org\/wp-content\/uploads\/2020\/06\/pexels-photo-4031818-1024x683.jpeg 1024w, https:\/\/www.pimealdia.org\/wp-content\/uploads\/2020\/06\/pexels-photo-4031818-1000x667.jpeg 1000w, https:\/\/www.pimealdia.org\/wp-content\/uploads\/2020\/06\/pexels-photo-4031818-800x533.jpeg 800w, https:\/\/www.pimealdia.org\/wp-content\/uploads\/2020\/06\/pexels-photo-4031818-600x400.jpeg 600w, https:\/\/www.pimealdia.org\/wp-content\/uploads\/2020\/06\/pexels-photo-4031818-400x267.jpeg 400w\" sizes=\"(max-width: 300px) 100vw, 300px\" \/>Ahora toca asimilar todo aquello que hemos aprendido o que, cuanto menos, tendr\u00edamos que haber aprendido.<\/strong> Coincido con muchas personas que se han pronunciado en contra de hablar de \u201cnueva normalidad\u201d, puesto que cada vez que superamos una crisis, la p\u00e9rdida de alg\u00fan familiar, un problema en nuestras empresas o cualquier otra traba, nos hemos adaptado y hemos vuelto con m\u00e1s o menos esfuerzo a la normalidad; \u00bfpor qu\u00e9 no lo tenemos que hacer ahora?<\/p>\n<p style=\"text-align: justify;\">Evidentemente esta normalidad comportar\u00e1 muchos cambios, muchos de los cuales habr\u00e1n llegado para quedarse y otros ser\u00e1n provisionales, pero <strong>si una vez m\u00e1s somos capaces de adaptarnos, nosotros y nuestras empresas saldremos adelante.<\/strong><\/p>\n<p style=\"text-align: justify;\">Como sociedad, si en este periodo no hemos aprendido a valorar m\u00e1s el tiempo, la compa\u00f1\u00eda, a relativizar los problemas y a disfrutar de las peque\u00f1as cosas, habremos perdido una gran oportunidad. <strong>Como empresarios, si ahora no valoramos m\u00e1s la importancia de la conciliaci\u00f3n, si no aplicamos la flexibilidad en nuestro d\u00eda a d\u00eda, o si no somos m\u00e1s productivos en la gesti\u00f3n de nuestro tiempo, habremos perdido otra gran oportunidad.<\/strong><\/p>\n<p style=\"text-align: justify;\">Por lo tanto, reflexionemos sobre lo que hemos vivido, no olvidemos r\u00e1pidamente todo aquello que hemos podido aprender durante este tiempo, y <strong>aprovechemos esta reanudaci\u00f3n para ser todav\u00eda mejores individualmente, puesto que si empezamos por nosotros haremos mejores nuestras empresas.<\/strong><\/p>\n","protected":false},"excerpt":{"rendered":"<p>Hace semanas que muchos de nosotros, por no decir todos, anhelamos volver a la rutina por completo, a cierta normalidad. Creo que hablar de reanudaci\u00f3n es totalmente acertado; una reanudaci\u00f3n de nuestra actividad, a nivel social y econ\u00f3mico, es decir, una reanudaci\u00f3n de ciertos derechos que han quedado limitados durante este periodo. Toca hacerlo, pero, desde la m\u00e1s absoluta responsabilidad de saber que tenemos en nuestras manos minimizar los efectos devastadores que tendr\u00eda volver a una situaci\u00f3n similar. Estoy convencido de que la gran mayor\u00eda de nosotros hemos perdido o conocemos a alguien que ha perdido gente querida; es una<\/p>\n","protected":false},"author":145,"featured_media":24065,"comment_status":"open","ping_status":"closed","sticky":false,"template":"","format":"standard","meta":[],"categories":[342],"tags":[],"_links":{"self":[{"href":"https:\/\/www.pimealdia.org\/es\/wp-json\/wp\/v2\/posts\/24073"}],"collection":[{"href":"https:\/\/www.pimealdia.org\/es\/wp-json\/wp\/v2\/posts"}],"about":[{"href":"https:\/\/www.pimealdia.org\/es\/wp-json\/wp\/v2\/types\/post"}],"author":[{"embeddable":true,"href":"https:\/\/www.pimealdia.org\/es\/wp-json\/wp\/v2\/users\/145"}],"replies":[{"embeddable":true,"href":"https:\/\/www.pimealdia.org\/es\/wp-json\/wp\/v2\/comments?post=24073"}],"version-history":[{"count":1,"href":"https:\/\/www.pimealdia.org\/es\/wp-json\/wp\/v2\/posts\/24073\/revisions"}],"predecessor-version":[{"id":24074,"href":"https:\/\/www.pimealdia.org\/es\/wp-json\/wp\/v2\/posts\/24073\/revisions\/24074"}],"wp:featuredmedia":[{"embeddable":true,"href":"https:\/\/www.pimealdia.org\/es\/wp-json\/wp\/v2\/media\/24065"}],"wp:attachment":[{"href":"https:\/\/www.pimealdia.org\/es\/wp-json\/wp\/v2\/media?parent=24073"}],"wp:term":[{"taxonomy":"category","embeddable":true,"href":"https:\/\/www.pimealdia.org\/es\/wp-json\/wp\/v2\/categories?post=24073"},{"taxonomy":"post_tag","embeddable":true,"href":"https:\/\/www.pimealdia.org\/es\/wp-json\/wp\/v2\/tags?post=24073"}],"curies":[{"name":"wp","href":"https:\/\/api.w.org\/{rel}","templated":true}]}}