{"id":24158,"date":"2020-09-07T10:40:54","date_gmt":"2020-09-07T08:40:54","guid":{"rendered":"https:\/\/www.pimealdia.org\/?p=24158\/"},"modified":"2020-09-18T09:50:24","modified_gmt":"2020-09-18T07:50:24","slug":"mereces-segunda-oportunidad","status":"publish","type":"post","link":"https:\/\/www.pimealdia.org\/es\/mereces-segunda-oportunidad\/","title":{"rendered":"Mereces una segunda oportunidad"},"content":{"rendered":"<p style=\"text-align: justify;\">Todo el mundo se merece una segunda oportunidad para poder volver a empezar, a pesar de las circunstancias econ\u00f3micas y empresariales adversas que pueda haber sufrido o que est\u00e9 sufriendo a consecuencia de la actual crisis causada por el coronavirus.<\/p>\n<p style=\"text-align: justify;\">Sabemos que te puedes sentir perdido, desesperado o desalentado, sin saber con qui\u00e9n hablar o contactar\u00a0para que te ayude a salir adelante y\u00a0superar esta situaci\u00f3n. Si nos permites la oportunidad, desde la Fundaci\u00f3n PIMEC te damos la mano y te ayudamos a poder tener una segunda oportunidad,\u00a0ya que creemos con firmeza que todo el mundo se la merece.<\/p>\n<p style=\"text-align: justify;\">Hace tiempo que trabajamos en este sentido,<strong> dando apoyo emocional, ayudando en las gestiones y tramitaciones necesarias para hacer un cierre ordenado de las empresas o aportando los conocimientos financieros y legales que permitan que los negocios sigan siendo viables<\/strong>. No est\u00e1s solo, y nosotros tampoco, dado que hemos ampliado nuestros servicios y tenemos el privilegio de poder contar con la colaboraci\u00f3n del servicio jur\u00eddico de PIMEC.<\/p>\n<blockquote>\n<p style=\"text-align: justify;\">\u201cSi algo nos demuestra la vida, es que de los errores se aprende y que, si no fallamos de vez en cuando, nunca entender\u00edamos el \u00e9xito porque el fracaso forma parte del \u00e9xito. Es de m\u00e1xima importancia integrar en nuestra sociedad la cultura del error y la segunda oportunidad, aprender a arriesgar y de los errores para crecer como profesionales y como personas\u201d.<\/p>\n<\/blockquote>\n<p style=\"text-align: justify;\">Comparando la situaci\u00f3n legal con la de los Estados Unidos, tambi\u00e9n vemos que en Espa\u00f1a el emprendedor que fracasa est\u00e1 estigmatizado. <strong>T<\/strong>enemos una Ley de la Segunda Oportunidad del a\u00f1o 2015, mientras que en los EE. UU. la primera ley es del 1898 porque<strong> el fracaso no est\u00e1 mal visto y se entiende que forma parte del aprendizaje.<\/strong> A la vez, esta ley apuesta firmemente porque nadie se quede atr\u00e1s, puesto que es injustificable una sociedad que deja a parte de sus miembros al margen, sin oportunidades y sin trabajo, y es por eso que creo que toca acelerar y activar la econom\u00eda para superar las consecuencias sociales y econ\u00f3micas de esta crisis. En este contexto, <strong>la Ley de la Segunda Oportunidad tendr\u00e1 una gran relevancia, puesto que permite a las personas endeudadas o insolventes la exoneraci\u00f3n de estas deudas y tener la posibilidad de volver a empezar<\/strong>. Se trata de una medida que estimula el esp\u00edritu emprendedor, tan decisivo para la generaci\u00f3n de actividad econ\u00f3mica y la creaci\u00f3n de empleo.<img loading=\"lazy\" class=\"size-medium wp-image-24152 alignright\" src=\"https:\/\/www.pimealdia.org\/wp-content\/uploads\/2020\/09\/thumbnail-1-300x200.jpg\" alt=\"\" width=\"300\" height=\"200\" srcset=\"https:\/\/www.pimealdia.org\/wp-content\/uploads\/2020\/09\/thumbnail-1-300x200.jpg 300w, https:\/\/www.pimealdia.org\/wp-content\/uploads\/2020\/09\/thumbnail-1-400x267.jpg 400w, https:\/\/www.pimealdia.org\/wp-content\/uploads\/2020\/09\/thumbnail-1.jpg 480w\" sizes=\"(max-width: 300px) 100vw, 300px\" \/><\/p>\n<p style=\"text-align: justify;\">La actual legislaci\u00f3n concursal es restrictiva y contribuye de manera notable a la ralentizaci\u00f3n de la actividad econ\u00f3mica y es por este motivo que la transposici\u00f3n de la Directiva Europea 2019\/1023 sobre insolvencia permitir\u00e1 resolver los errores reguladores de la norma vigente, que han\u00a0sido tan evidentes a la pr\u00e1ctica. Sin una exoneraci\u00f3n del cr\u00e9dito p\u00fablico no habr\u00e1 una verdadera segunda oportunidad para los empresarios insolventes y esto se traducir\u00e1 en m\u00e1s personas en el paro y gasto p\u00fablico.<\/p>\n<p style=\"text-align: justify;\"><strong>La segunda oportunidad es el mejor camino para ayudar a miles de personas que no podr\u00e1n hacer frente a las deudas generadas a causa de la actual pandemia<\/strong>. Para ejemplificar que la segunda oportunidad es un hecho y que puede llevar al \u00e9xito, quiero presentar dos casos:<\/p>\n<ul>\n<li style=\"text-align: justify;\">Un empresario dedicado al mantenimiento de\u00a0gasolineras que en 2018, ante una situaci\u00f3n empresarial complicada, decidi\u00f3 afrontarla de manera valiente y contactar con la Fundaci\u00f3n PIMEC. Una vez valorada la situaci\u00f3n inicial, desde la Fundaci\u00f3n hicimos un acompa\u00f1amiento personal, un asesoramiento econ\u00f3mico-financiero, y lo posimos en contacto con uno de nuestros mentores voluntarios, hecho que ha permitido que a trav\u00e9s de una reestructuraci\u00f3n econ\u00f3mica y de gastos la empresa pudiera salir adelante y est\u00e9 desde 2019 en proceso de consolidaci\u00f3n, en el que a lo largo de 3 a\u00f1os recibe un seguimiento de la Fundaci\u00f3n y su mentor.<\/li>\n<li style=\"text-align: justify;\">Una emprendedora que se ha reinventado durante esta crisis gracias al <a href=\"https:\/\/www.pimec.org\/es\/institucion\/actualidad\/casos-exito\/programa-emppersona\">programa emppersona<\/a>. Se puso en contacto con la Fundaci\u00f3n el pasado mes de febrero para crear un negocio de representaci\u00f3n de firmas notariales en una gestor\u00eda, nunca antes hab\u00eda\u00a0sido aut\u00f3noma y la mayor parte de su vida laboral hab\u00eda\u00a0sido responsable de servicios de atenci\u00f3n al cliente. Encuentra la oportunidad de comercializar m\u00e1quinas de ozono y desinfecci\u00f3n para empresas creando \u201cBioprevenci\u00f3n\u201d.<\/li>\n<\/ul>\n<p><strong>Objetivos de Desarrollo Sostenible\u00a0\u00a0(ODS) relacionados:<\/strong><\/p>\n<p><img loading=\"lazy\" class=\"alignnone wp-image-24144\" src=\"https:\/\/www.pimealdia.org\/wp-content\/uploads\/2020\/09\/08-300x300.jpg\" sizes=\"(max-width: 149px) 100vw, 149px\" srcset=\"https:\/\/www.pimealdia.org\/wp-content\/uploads\/2020\/09\/08-150x150@2x.jpg 300w, https:\/\/www.pimealdia.org\/wp-content\/uploads\/2020\/09\/08-150x150.jpg 150w, https:\/\/www.pimealdia.org\/wp-content\/uploads\/2020\/09\/08-400x400.jpg 400w, https:\/\/www.pimealdia.org\/wp-content\/uploads\/2020\/09\/08-50x50@2x.jpg 100w, https:\/\/www.pimealdia.org\/wp-content\/uploads\/2020\/09\/08-50x50.jpg 50w, https:\/\/www.pimealdia.org\/wp-content\/uploads\/2020\/09\/08.jpg 472w, https:\/\/www.pimealdia.org\/wp-content\/uploads\/2020\/09\/08-100x100@2x.jpg 200w\" alt=\"\" width=\"149\" height=\"149\" data-attachment-id=\"24144\" data-permalink=\"https:\/\/www.pimealdia.org\/mereixes-segona-oportunitat\/attachment\/08\/\" data-orig-file=\"https:\/\/www.pimealdia.org\/wp-content\/uploads\/2020\/09\/08.jpg\" data-orig-size=\"472,472\" data-comments-opened=\"1\" data-image-meta=\"{&quot;aperture&quot;:&quot;0&quot;,&quot;credit&quot;:&quot;&quot;,&quot;camera&quot;:&quot;&quot;,&quot;caption&quot;:&quot;&quot;,&quot;created_timestamp&quot;:&quot;0&quot;,&quot;copyright&quot;:&quot;&quot;,&quot;focal_length&quot;:&quot;0&quot;,&quot;iso&quot;:&quot;0&quot;,&quot;shutter_speed&quot;:&quot;0&quot;,&quot;title&quot;:&quot;&quot;,&quot;orientation&quot;:&quot;0&quot;}\" data-image-title=\"08\" data-image-description=\"\" data-medium-file=\"https:\/\/www.pimealdia.org\/wp-content\/uploads\/2020\/09\/08-300x300.jpg\" data-large-file=\"https:\/\/www.pimealdia.org\/wp-content\/uploads\/2020\/09\/08.jpg\" \/>\u00a0<img loading=\"lazy\" class=\"alignnone wp-image-24146\" src=\"https:\/\/www.pimealdia.org\/wp-content\/uploads\/2020\/09\/unnamed.png\" sizes=\"(max-width: 161px) 100vw, 161px\" srcset=\"https:\/\/www.pimealdia.org\/wp-content\/uploads\/2020\/09\/unnamed.png 225w, https:\/\/www.pimealdia.org\/wp-content\/uploads\/2020\/09\/unnamed-150x150.png 150w, https:\/\/www.pimealdia.org\/wp-content\/uploads\/2020\/09\/unnamed-50x50@2x.png 100w, https:\/\/www.pimealdia.org\/wp-content\/uploads\/2020\/09\/unnamed-50x50.png 50w, https:\/\/www.pimealdia.org\/wp-content\/uploads\/2020\/09\/unnamed-100x100@2x.png 200w\" alt=\"\" width=\"161\" height=\"161\" data-attachment-id=\"24146\" data-permalink=\"https:\/\/www.pimealdia.org\/mereixes-segona-oportunitat\/unnamed\/\" data-orig-file=\"https:\/\/www.pimealdia.org\/wp-content\/uploads\/2020\/09\/unnamed.png\" data-orig-size=\"225,225\" data-comments-opened=\"1\" data-image-meta=\"{&quot;aperture&quot;:&quot;0&quot;,&quot;credit&quot;:&quot;&quot;,&quot;camera&quot;:&quot;&quot;,&quot;caption&quot;:&quot;&quot;,&quot;created_timestamp&quot;:&quot;0&quot;,&quot;copyright&quot;:&quot;&quot;,&quot;focal_length&quot;:&quot;0&quot;,&quot;iso&quot;:&quot;0&quot;,&quot;shutter_speed&quot;:&quot;0&quot;,&quot;title&quot;:&quot;&quot;,&quot;orientation&quot;:&quot;0&quot;}\" data-image-title=\"unnamed\" data-image-description=\"\" data-medium-file=\"https:\/\/www.pimealdia.org\/wp-content\/uploads\/2020\/09\/unnamed.png\" data-large-file=\"https:\/\/www.pimealdia.org\/wp-content\/uploads\/2020\/09\/unnamed.png\" \/>\u00a0<img loading=\"lazy\" class=\"alignnone wp-image-24148\" src=\"https:\/\/www.pimealdia.org\/wp-content\/uploads\/2020\/09\/S-WEB-Goal-11-cat-300x300.png\" sizes=\"(max-width: 149px) 100vw, 149px\" srcset=\"https:\/\/www.pimealdia.org\/wp-content\/uploads\/2020\/09\/S-WEB-Goal-11-cat-150x150@2x.png 300w, https:\/\/www.pimealdia.org\/wp-content\/uploads\/2020\/09\/S-WEB-Goal-11-cat-150x150.png 150w, https:\/\/www.pimealdia.org\/wp-content\/uploads\/2020\/09\/S-WEB-Goal-11-cat-1024x1024.png 1024w, https:\/\/www.pimealdia.org\/wp-content\/uploads\/2020\/09\/S-WEB-Goal-11-cat-400x400@2x.png 800w, https:\/\/www.pimealdia.org\/wp-content\/uploads\/2020\/09\/S-WEB-Goal-11-cat-300x300@2x.png 600w, https:\/\/www.pimealdia.org\/wp-content\/uploads\/2020\/09\/S-WEB-Goal-11-cat-400x400.png 400w, https:\/\/www.pimealdia.org\/wp-content\/uploads\/2020\/09\/S-WEB-Goal-11-cat-50x50@2x.png 100w, https:\/\/www.pimealdia.org\/wp-content\/uploads\/2020\/09\/S-WEB-Goal-11-cat-50x50.png 50w, https:\/\/www.pimealdia.org\/wp-content\/uploads\/2020\/09\/S-WEB-Goal-11-cat.png 1500w, https:\/\/www.pimealdia.org\/wp-content\/uploads\/2020\/09\/S-WEB-Goal-11-cat-600x600@2x.png 1200w, https:\/\/www.pimealdia.org\/wp-content\/uploads\/2020\/09\/S-WEB-Goal-11-cat-100x100@2x.png 200w\" alt=\"\" width=\"149\" height=\"149\" data-attachment-id=\"24148\" data-permalink=\"https:\/\/www.pimealdia.org\/mereixes-segona-oportunitat\/s-web-goal-11-cat\/\" data-orig-file=\"https:\/\/www.pimealdia.org\/wp-content\/uploads\/2020\/09\/S-WEB-Goal-11-cat.png\" data-orig-size=\"1500,1500\" data-comments-opened=\"1\" data-image-meta=\"{&quot;aperture&quot;:&quot;0&quot;,&quot;credit&quot;:&quot;&quot;,&quot;camera&quot;:&quot;&quot;,&quot;caption&quot;:&quot;&quot;,&quot;created_timestamp&quot;:&quot;0&quot;,&quot;copyright&quot;:&quot;&quot;,&quot;focal_length&quot;:&quot;0&quot;,&quot;iso&quot;:&quot;0&quot;,&quot;shutter_speed&quot;:&quot;0&quot;,&quot;title&quot;:&quot;&quot;,&quot;orientation&quot;:&quot;0&quot;}\" data-image-title=\"S-WEB-Goal-11 cat\" data-image-description=\"\" data-medium-file=\"https:\/\/www.pimealdia.org\/wp-content\/uploads\/2020\/09\/S-WEB-Goal-11-cat-300x300.png\" data-large-file=\"https:\/\/www.pimealdia.org\/wp-content\/uploads\/2020\/09\/S-WEB-Goal-11-cat-1024x1024.png\" \/>\u00a0\u00a0<img loading=\"lazy\" class=\"alignnone wp-image-24150\" src=\"https:\/\/www.pimealdia.org\/wp-content\/uploads\/2020\/09\/S-WEB-Goal-17-cat-300x300.png\" sizes=\"(max-width: 145px) 100vw, 145px\" srcset=\"https:\/\/www.pimealdia.org\/wp-content\/uploads\/2020\/09\/S-WEB-Goal-17-cat-150x150@2x.png 300w, https:\/\/www.pimealdia.org\/wp-content\/uploads\/2020\/09\/S-WEB-Goal-17-cat-150x150.png 150w, https:\/\/www.pimealdia.org\/wp-content\/uploads\/2020\/09\/S-WEB-Goal-17-cat-1024x1024.png 1024w, https:\/\/www.pimealdia.org\/wp-content\/uploads\/2020\/09\/S-WEB-Goal-17-cat-400x400@2x.png 800w, https:\/\/www.pimealdia.org\/wp-content\/uploads\/2020\/09\/S-WEB-Goal-17-cat-300x300@2x.png 600w, https:\/\/www.pimealdia.org\/wp-content\/uploads\/2020\/09\/S-WEB-Goal-17-cat-400x400.png 400w, https:\/\/www.pimealdia.org\/wp-content\/uploads\/2020\/09\/S-WEB-Goal-17-cat-50x50@2x.png 100w, https:\/\/www.pimealdia.org\/wp-content\/uploads\/2020\/09\/S-WEB-Goal-17-cat-50x50.png 50w, https:\/\/www.pimealdia.org\/wp-content\/uploads\/2020\/09\/S-WEB-Goal-17-cat.png 1500w, https:\/\/www.pimealdia.org\/wp-content\/uploads\/2020\/09\/S-WEB-Goal-17-cat-600x600@2x.png 1200w, https:\/\/www.pimealdia.org\/wp-content\/uploads\/2020\/09\/S-WEB-Goal-17-cat-100x100@2x.png 200w\" alt=\"\" width=\"145\" height=\"145\" data-attachment-id=\"24150\" data-permalink=\"https:\/\/www.pimealdia.org\/mereixes-segona-oportunitat\/s-web-goal-17-cat\/\" data-orig-file=\"https:\/\/www.pimealdia.org\/wp-content\/uploads\/2020\/09\/S-WEB-Goal-17-cat.png\" data-orig-size=\"1500,1500\" data-comments-opened=\"1\" data-image-meta=\"{&quot;aperture&quot;:&quot;0&quot;,&quot;credit&quot;:&quot;&quot;,&quot;camera&quot;:&quot;&quot;,&quot;caption&quot;:&quot;&quot;,&quot;created_timestamp&quot;:&quot;0&quot;,&quot;copyright&quot;:&quot;&quot;,&quot;focal_length&quot;:&quot;0&quot;,&quot;iso&quot;:&quot;0&quot;,&quot;shutter_speed&quot;:&quot;0&quot;,&quot;title&quot;:&quot;&quot;,&quot;orientation&quot;:&quot;0&quot;}\" data-image-title=\"S-WEB-Goal-17 cat\" data-image-description=\"\" data-medium-file=\"https:\/\/www.pimealdia.org\/wp-content\/uploads\/2020\/09\/S-WEB-Goal-17-cat-300x300.png\" data-large-file=\"https:\/\/www.pimealdia.org\/wp-content\/uploads\/2020\/09\/S-WEB-Goal-17-cat-1024x1024.png\" \/><\/p>\n","protected":false},"excerpt":{"rendered":"<p>Todo el mundo se merece una segunda oportunidad para poder volver a empezar, a pesar de las circunstancias econ\u00f3micas y empresariales adversas que pueda haber sufrido o que est\u00e9 sufriendo a consecuencia de la actual crisis causada por el coronavirus. Sabemos que te puedes sentir perdido, desesperado o desalentado, sin saber con qui\u00e9n hablar o contactar\u00a0para que te ayude a salir adelante y\u00a0superar esta situaci\u00f3n. Si nos permites la oportunidad, desde la Fundaci\u00f3n PIMEC te damos la mano y te ayudamos a poder tener una segunda oportunidad,\u00a0ya que creemos con firmeza que todo el mundo se la merece. Hace tiempo<\/p>\n","protected":false},"author":147,"featured_media":24155,"comment_status":"open","ping_status":"closed","sticky":false,"template":"","format":"standard","meta":[],"categories":[338],"tags":[],"_links":{"self":[{"href":"https:\/\/www.pimealdia.org\/es\/wp-json\/wp\/v2\/posts\/24158"}],"collection":[{"href":"https:\/\/www.pimealdia.org\/es\/wp-json\/wp\/v2\/posts"}],"about":[{"href":"https:\/\/www.pimealdia.org\/es\/wp-json\/wp\/v2\/types\/post"}],"author":[{"embeddable":true,"href":"https:\/\/www.pimealdia.org\/es\/wp-json\/wp\/v2\/users\/147"}],"replies":[{"embeddable":true,"href":"https:\/\/www.pimealdia.org\/es\/wp-json\/wp\/v2\/comments?post=24158"}],"version-history":[{"count":3,"href":"https:\/\/www.pimealdia.org\/es\/wp-json\/wp\/v2\/posts\/24158\/revisions"}],"predecessor-version":[{"id":24231,"href":"https:\/\/www.pimealdia.org\/es\/wp-json\/wp\/v2\/posts\/24158\/revisions\/24231"}],"wp:featuredmedia":[{"embeddable":true,"href":"https:\/\/www.pimealdia.org\/es\/wp-json\/wp\/v2\/media\/24155"}],"wp:attachment":[{"href":"https:\/\/www.pimealdia.org\/es\/wp-json\/wp\/v2\/media?parent=24158"}],"wp:term":[{"taxonomy":"category","embeddable":true,"href":"https:\/\/www.pimealdia.org\/es\/wp-json\/wp\/v2\/categories?post=24158"},{"taxonomy":"post_tag","embeddable":true,"href":"https:\/\/www.pimealdia.org\/es\/wp-json\/wp\/v2\/tags?post=24158"}],"curies":[{"name":"wp","href":"https:\/\/api.w.org\/{rel}","templated":true}]}}