{"id":24241,"date":"2020-09-21T12:54:47","date_gmt":"2020-09-21T10:54:47","guid":{"rendered":"https:\/\/www.pimealdia.org\/?p=24241\/"},"modified":"2020-09-21T12:55:12","modified_gmt":"2020-09-21T10:55:12","slug":"posicionamiento-estrategico-las-marcas-ante-covid-19","status":"publish","type":"post","link":"https:\/\/www.pimealdia.org\/es\/posicionamiento-estrategico-las-marcas-ante-covid-19\/","title":{"rendered":"El posicionamiento estrat\u00e9gico de las marcas ante el Covid-19"},"content":{"rendered":"<p style=\"text-align: justify;\">La crisis sanitaria del Covid-19 ha estado impactando en todos los \u00e1mbitos de la econom\u00eda, cambiando incluso la din\u00e1mica de muchos mercados y los h\u00e1bitos de consumo. Este impacto ha supuesto de forma parad\u00f3jica que haya subido la demanda y el inter\u00e9s por ciertos productos y servicios, propiciados por el cambio de h\u00e1bitos en el mercado y, en especial, del consumidor final, todo provocado b\u00e1sicamente por las limitaciones y restricciones de circulaci\u00f3n y de aforos.<\/p>\n<p style=\"text-align: justify;\">Dentro de este contexto, la imagen y la marca de la empresa cobra una especial relevancia. Por un lado, para <strong>proteger el producto o servicio que se ha podido ver reactivado o potenciado por estos cambios en los h\u00e1bitos de mercado<\/strong> y, de otro, para <strong>reforzar o dar impulso al producto o servicio que se ha visto\u00a0afectado\u00a0por la crisis del Covid-19<\/strong>. Tanto en un caso, como en el otro, el posicionamiento de la marca en el mercado tiene importancia y se tiene que hacer <strong>de forma segura y con garant\u00edas<\/strong> para evitar una fuga de\u00a0competitividad\u00a0 y tambi\u00e9n para evitar el olvido en el mercado de los productos y servicios que han recibido un rev\u00e9s.<\/p>\n<p style=\"text-align: justify;\">Por todo esto, <strong>el registro de la marca se presenta como uno de los instrumentos para garantizar la titularidad de la misma hacia terceros que puedan competir en el mismo \u00e1mbito del mercado<\/strong> -o incluso en mercados conexos- <strong>y para tener una protecci\u00f3n ante malas praxis competenciales<\/strong> y, principalmente, para <strong>posicionarse como titular leg\u00edtimo de una marca concreta.<\/strong><\/p>\n<p style=\"text-align: justify;\">La falta de esta titularidad leg\u00edtima registrada resta seguridad y garant\u00edas en el mercado e incluso puede dejar abierta la puerta a favorecer a terceros competidores. Por lo tanto, el registro de la marca en tiempos de Covid no es un asunto f\u00fatil tanto en su faceta de refuerzo, como en su faceta de reactivaci\u00f3n y posicionamiento y, por este motivo, desde el Departamento Jur\u00eddico de PIMEC ofrecemos asesoramiento en el procedimiento de registro de marcas.<\/p>\n<p style=\"text-align: right;\"><strong>Raquel \u00c1lvarez<\/strong><br \/>\nResponsable del \u00c1rea Civil y Mercantil \u2013 Departamento Jur\u00eddico de PIMEC<\/p>\n","protected":false},"excerpt":{"rendered":"<p>La crisis sanitaria del Covid-19 ha estado impactando en todos los \u00e1mbitos de la econom\u00eda, cambiando incluso la din\u00e1mica de muchos mercados y los h\u00e1bitos de consumo. Este impacto ha supuesto de forma parad\u00f3jica que haya subido la demanda y el inter\u00e9s por ciertos productos y servicios, propiciados por el cambio de h\u00e1bitos en el mercado y, en especial, del consumidor final, todo provocado b\u00e1sicamente por las limitaciones y restricciones de circulaci\u00f3n y de aforos. Dentro de este contexto, la imagen y la marca de la empresa cobra una especial relevancia. Por un lado, para proteger el producto o servicio<\/p>\n","protected":false},"author":112,"featured_media":24240,"comment_status":"open","ping_status":"closed","sticky":false,"template":"","format":"standard","meta":[],"categories":[330],"tags":[],"_links":{"self":[{"href":"https:\/\/www.pimealdia.org\/es\/wp-json\/wp\/v2\/posts\/24241"}],"collection":[{"href":"https:\/\/www.pimealdia.org\/es\/wp-json\/wp\/v2\/posts"}],"about":[{"href":"https:\/\/www.pimealdia.org\/es\/wp-json\/wp\/v2\/types\/post"}],"author":[{"embeddable":true,"href":"https:\/\/www.pimealdia.org\/es\/wp-json\/wp\/v2\/users\/112"}],"replies":[{"embeddable":true,"href":"https:\/\/www.pimealdia.org\/es\/wp-json\/wp\/v2\/comments?post=24241"}],"version-history":[{"count":1,"href":"https:\/\/www.pimealdia.org\/es\/wp-json\/wp\/v2\/posts\/24241\/revisions"}],"predecessor-version":[{"id":24242,"href":"https:\/\/www.pimealdia.org\/es\/wp-json\/wp\/v2\/posts\/24241\/revisions\/24242"}],"wp:featuredmedia":[{"embeddable":true,"href":"https:\/\/www.pimealdia.org\/es\/wp-json\/wp\/v2\/media\/24240"}],"wp:attachment":[{"href":"https:\/\/www.pimealdia.org\/es\/wp-json\/wp\/v2\/media?parent=24241"}],"wp:term":[{"taxonomy":"category","embeddable":true,"href":"https:\/\/www.pimealdia.org\/es\/wp-json\/wp\/v2\/categories?post=24241"},{"taxonomy":"post_tag","embeddable":true,"href":"https:\/\/www.pimealdia.org\/es\/wp-json\/wp\/v2\/tags?post=24241"}],"curies":[{"name":"wp","href":"https:\/\/api.w.org\/{rel}","templated":true}]}}