{"id":24281,"date":"2020-09-28T11:21:53","date_gmt":"2020-09-28T09:21:53","guid":{"rendered":"https:\/\/www.pimealdia.org\/?p=24281\/"},"modified":"2020-09-28T11:22:17","modified_gmt":"2020-09-28T09:22:17","slug":"que-no-explican-los-periodicos-sobre-decreto-teletrabajo","status":"publish","type":"post","link":"https:\/\/www.pimealdia.org\/es\/que-no-explican-los-periodicos-sobre-decreto-teletrabajo\/","title":{"rendered":"\u00bfQu\u00e9 no te explican los peri\u00f3dicos sobre el decreto del teletrabajo?"},"content":{"rendered":"<p style=\"text-align: justify;\">El BOE ha publicado recientemente el <a href=\"https:\/\/www.boe.es\/boe\/dias\/2020\/09\/23\/pdfs\/BOE-A-2020-11043.pdf\">Real Decreto Ley 28\/2020<\/a> que regular\u00e1 el trabajo a distancia. Estos \u00faltimos d\u00edas se ha hablado mucho de esta nueva normativa, pero hay cuestiones importantes que no te explican los peri\u00f3dicos y que te queremos detallar a continuaci\u00f3n.<\/p>\n<p style=\"text-align: justify;\">Por ejemplo, el hecho de que los equipos y medios de trabajo, a pesar de que sea con finalidad de uso \u00fanico para trabajar, estar\u00e1n conectados en la misma red dom\u00e9stica que los equipos personales, que <strong>es m\u00e1s vulnerable a ciberataques<\/strong>, puede dar lugar a contingencias en cuanto a la confidencialidad y la protecci\u00f3n de datos.<\/p>\n<p style=\"text-align: justify;\"><img loading=\"lazy\" class=\"size-medium wp-image-24278 alignright\" src=\"https:\/\/www.pimealdia.org\/wp-content\/uploads\/2020\/09\/pexels-photo-4064230-200x300.jpeg\" alt=\"\" width=\"200\" height=\"300\" srcset=\"https:\/\/www.pimealdia.org\/wp-content\/uploads\/2020\/09\/pexels-photo-4064230-200x300.jpeg 200w, https:\/\/www.pimealdia.org\/wp-content\/uploads\/2020\/09\/pexels-photo-4064230-683x1024.jpeg 683w, https:\/\/www.pimealdia.org\/wp-content\/uploads\/2020\/09\/pexels-photo-4064230-533x800.jpeg 533w, https:\/\/www.pimealdia.org\/wp-content\/uploads\/2020\/09\/pexels-photo-4064230-400x600.jpeg 400w, https:\/\/www.pimealdia.org\/wp-content\/uploads\/2020\/09\/pexels-photo-4064230-267x400.jpeg 267w, https:\/\/www.pimealdia.org\/wp-content\/uploads\/2020\/09\/pexels-photo-4064230.jpeg 1000w\" sizes=\"(max-width: 200px) 100vw, 200px\" \/>Los medios de comunicaci\u00f3n tampoco te explican que se tendr\u00e1 que establecer un sistema y unos servicios de protecci\u00f3n del equipo ante los ciberataques en la red del domicilio de la persona trabajadora. En este sentido, esta nueva\u00a0circunstancia\u00a0supondr\u00e1 la necesidad de <strong>adaptar nuevamente el protocolo de protecci\u00f3n de datos<\/strong> y, en las instrucciones para hacer frente a la protecci\u00f3n de datos y seguridad de la informaci\u00f3n, tendr\u00e1 que participar la representaci\u00f3n legal de las personas trabajadoras.<\/p>\n<p style=\"text-align: justify;\">Seguimos explicando m\u00e1s detalles que no se han publicado en los diarios&#8230; <strong>\u00bfSab\u00edas que el acuerdo de teletrabajo es reversible?<\/strong> Lo es y el ejercicio de esta reversibilidad se debe realizar siguiendo los preceptos establecidos en la negociaci\u00f3n colectiva (convenios o acuerdos colectivos), o bien siguiendo el tr\u00e1mite que se haya podido prever en el propio acuerdo de teletrabajo. En el supuesto de que en ninguno de los dos casos est\u00e9 regulado c\u00f3mo ejercer la reversibilidad, se tendr\u00e1 que pactar entre ambas partes.<\/p>\n<p style=\"text-align: justify;\">Por otro lado, con independencia de que la persona trabajadora haga teletrabajo, <strong>tiene que estar adscrita en el centro de trabajo de la compa\u00f1\u00eda<\/strong>. Adem\u00e1s, es altamente recomendable establecer en el acuerdo del teletrabajo el <strong>procedimiento a seguir en el supuesto de que surjan dificultades t\u00e9cnicas<\/strong> que no permitan el normal desarrollo del trabajo a distancia.<\/p>\n<p style=\"text-align: right;\">\nEstrella Rinc\u00f3n<br \/>\nDirectora\u00a0del Departamento Jur\u00eddico y Laboral de\u00a0PIMEC<\/p>\n","protected":false},"excerpt":{"rendered":"<p>El BOE ha publicado recientemente el Real Decreto Ley 28\/2020 que regular\u00e1 el trabajo a distancia. Estos \u00faltimos d\u00edas se ha hablado mucho de esta nueva normativa, pero hay cuestiones importantes que no te explican los peri\u00f3dicos y que te queremos detallar a continuaci\u00f3n. Por ejemplo, el hecho de que los equipos y medios de trabajo, a pesar de que sea con finalidad de uso \u00fanico para trabajar, estar\u00e1n conectados en la misma red dom\u00e9stica que los equipos personales, que es m\u00e1s vulnerable a ciberataques, puede dar lugar a contingencias en cuanto a la confidencialidad y la protecci\u00f3n de datos.<\/p>\n","protected":false},"author":81,"featured_media":24277,"comment_status":"open","ping_status":"closed","sticky":false,"template":"","format":"standard","meta":[],"categories":[772,770,342],"tags":[],"_links":{"self":[{"href":"https:\/\/www.pimealdia.org\/es\/wp-json\/wp\/v2\/posts\/24281"}],"collection":[{"href":"https:\/\/www.pimealdia.org\/es\/wp-json\/wp\/v2\/posts"}],"about":[{"href":"https:\/\/www.pimealdia.org\/es\/wp-json\/wp\/v2\/types\/post"}],"author":[{"embeddable":true,"href":"https:\/\/www.pimealdia.org\/es\/wp-json\/wp\/v2\/users\/81"}],"replies":[{"embeddable":true,"href":"https:\/\/www.pimealdia.org\/es\/wp-json\/wp\/v2\/comments?post=24281"}],"version-history":[{"count":1,"href":"https:\/\/www.pimealdia.org\/es\/wp-json\/wp\/v2\/posts\/24281\/revisions"}],"predecessor-version":[{"id":24282,"href":"https:\/\/www.pimealdia.org\/es\/wp-json\/wp\/v2\/posts\/24281\/revisions\/24282"}],"wp:featuredmedia":[{"embeddable":true,"href":"https:\/\/www.pimealdia.org\/es\/wp-json\/wp\/v2\/media\/24277"}],"wp:attachment":[{"href":"https:\/\/www.pimealdia.org\/es\/wp-json\/wp\/v2\/media?parent=24281"}],"wp:term":[{"taxonomy":"category","embeddable":true,"href":"https:\/\/www.pimealdia.org\/es\/wp-json\/wp\/v2\/categories?post=24281"},{"taxonomy":"post_tag","embeddable":true,"href":"https:\/\/www.pimealdia.org\/es\/wp-json\/wp\/v2\/tags?post=24281"}],"curies":[{"name":"wp","href":"https:\/\/api.w.org\/{rel}","templated":true}]}}