{"id":24438,"date":"2020-11-24T10:48:24","date_gmt":"2020-11-24T08:48:24","guid":{"rendered":"https:\/\/www.pimealdia.org\/?p=24438\/"},"modified":"2020-11-24T10:48:24","modified_gmt":"2020-11-24T08:48:24","slug":"mascarillas-transparentes-seguridad-e-inclusion","status":"publish","type":"post","link":"https:\/\/www.pimealdia.org\/es\/mascarillas-transparentes-seguridad-e-inclusion\/","title":{"rendered":"Mascarillas transparentes: seguridad e inclusi\u00f3n"},"content":{"rendered":"<p>Mar\u00a0M\u00e0gic\u00a0es una pyme familiar barcelonesa que comercializa prendas de vestir y complementos con taller de bordado propio. Su gerente, J\u00falia Ferrer, explica que su actividad empresarial abraza diferentes sectores, tanto industriales como empresas que necesitan productos de imagen o\u00a0merchandising: \u201cEn el taller bordamos toda clase de productos, desde\u00a0cachemira\u00a0hasta piel, y una de nuestras prioridades es apoyar proyectos de dise\u00f1o o iniciativas personales o de empresas\u201d.<\/p>\n<p>Con la crisis del Covid-19 esta pyme sufri\u00f3 una gran disminuci\u00f3n de ventas, seg\u00fan confirma su gerente. \u201cLa actividad de nuestros clientes ha bajado en torno al 75% y, por lo tanto, tambi\u00e9n la nuestra con una afectaci\u00f3n debida en particular a la suspensi\u00f3n de actividades deportivas y las restricciones en el sector servicios\u201d, ha asegurado. En cambio, otros sectores que s\u00ed han funcionado, como el transporte y los talleres mec\u00e1nicos, han mantenido los pedidos con normalidad. J\u00falia Ferrer destaca que, como tienen un abanico enorme de clientes, han podido sobrevivir a los efectos de la pandemia, y desea \u201cvolver a recibir pedidos cuando se reactiven los sectores que siguen parados actualmente\u201d.<\/p>\n<p><img loading=\"lazy\" class=\"size-full wp-image-24433 alignright\" src=\"https:\/\/www.pimealdia.org\/wp-content\/uploads\/2020\/11\/mascarillas_trasparente_verde2_0x250.jpg\" alt=\"\" width=\"187\" height=\"250\" \/><strong><u>Mascarillas transparentes<br \/>\n<\/u><\/strong><br \/>\nJ\u00falia Ferrer explica que empezaron a dise\u00f1ar mascarillas higi\u00e9nicas para proteger al sector de la hosteler\u00eda, ante la demanda de algunos clientes, como por ejemplo el restaurante\u00a0Can\u00a0Llu\u00eds: \u201cIniciamos el proceso para homologar la mascarilla higi\u00e9nica y la enviamos a nuestros familiares y amigos. Entonces dos sobrinas, una logopeda y la otra profesora de lengua de signos, nos pusieron de manifiesto los problemas que est\u00e1 teniendo el colectivo de sordomudos con las mascarillas, puesto que tapan la boca e impiden una comunicaci\u00f3n \u00f3ptima a estas personas\u201d. As\u00ed es como surgi\u00f3 la idea de fabricar mascarillas transparentes, que ya se usan en escuelas, as\u00ed como logopedas y el colectivo de sordomudos, entre otros.<\/p>\n","protected":false},"excerpt":{"rendered":"<p>Mar\u00a0M\u00e0gic\u00a0es una pyme familiar barcelonesa que comercializa prendas de vestir y complementos con taller de bordado propio. Su gerente, J\u00falia Ferrer, explica que su actividad empresarial abraza diferentes sectores, tanto industriales como empresas que necesitan productos de imagen o\u00a0merchandising: \u201cEn el taller bordamos toda clase de productos, desde\u00a0cachemira\u00a0hasta piel, y una de nuestras prioridades es apoyar proyectos de dise\u00f1o o iniciativas personales o de empresas\u201d. Con la crisis del Covid-19 esta pyme sufri\u00f3 una gran disminuci\u00f3n de ventas, seg\u00fan confirma su gerente. \u201cLa actividad de nuestros clientes ha bajado en torno al 75% y, por lo tanto, tambi\u00e9n la nuestra<\/p>\n","protected":false},"author":83,"featured_media":24436,"comment_status":"open","ping_status":"closed","sticky":false,"template":"","format":"standard","meta":[],"categories":[330],"tags":[],"_links":{"self":[{"href":"https:\/\/www.pimealdia.org\/es\/wp-json\/wp\/v2\/posts\/24438"}],"collection":[{"href":"https:\/\/www.pimealdia.org\/es\/wp-json\/wp\/v2\/posts"}],"about":[{"href":"https:\/\/www.pimealdia.org\/es\/wp-json\/wp\/v2\/types\/post"}],"author":[{"embeddable":true,"href":"https:\/\/www.pimealdia.org\/es\/wp-json\/wp\/v2\/users\/83"}],"replies":[{"embeddable":true,"href":"https:\/\/www.pimealdia.org\/es\/wp-json\/wp\/v2\/comments?post=24438"}],"version-history":[{"count":1,"href":"https:\/\/www.pimealdia.org\/es\/wp-json\/wp\/v2\/posts\/24438\/revisions"}],"predecessor-version":[{"id":24439,"href":"https:\/\/www.pimealdia.org\/es\/wp-json\/wp\/v2\/posts\/24438\/revisions\/24439"}],"wp:featuredmedia":[{"embeddable":true,"href":"https:\/\/www.pimealdia.org\/es\/wp-json\/wp\/v2\/media\/24436"}],"wp:attachment":[{"href":"https:\/\/www.pimealdia.org\/es\/wp-json\/wp\/v2\/media?parent=24438"}],"wp:term":[{"taxonomy":"category","embeddable":true,"href":"https:\/\/www.pimealdia.org\/es\/wp-json\/wp\/v2\/categories?post=24438"},{"taxonomy":"post_tag","embeddable":true,"href":"https:\/\/www.pimealdia.org\/es\/wp-json\/wp\/v2\/tags?post=24438"}],"curies":[{"name":"wp","href":"https:\/\/api.w.org\/{rel}","templated":true}]}}