{"id":24453,"date":"2020-11-30T13:12:21","date_gmt":"2020-11-30T11:12:21","guid":{"rendered":"https:\/\/www.pimealdia.org\/?p=24453\/"},"modified":"2020-11-30T13:12:21","modified_gmt":"2020-11-30T11:12:21","slug":"los-epis-para-combatir-pandemia-museo-diseno","status":"publish","type":"post","link":"https:\/\/www.pimealdia.org\/es\/los-epis-para-combatir-pandemia-museo-diseno\/","title":{"rendered":"Los EPIs para combatir la pandemia en el Museo del Dise\u00f1o"},"content":{"rendered":"<p style=\"text-align: justify;\"><img loading=\"lazy\" class=\"size-medium wp-image-24446 alignright\" src=\"https:\/\/www.pimealdia.org\/wp-content\/uploads\/2020\/11\/exposici\u00f3_emergencia-1-200x300.jpg\" alt=\"\" width=\"200\" height=\"300\" srcset=\"https:\/\/www.pimealdia.org\/wp-content\/uploads\/2020\/11\/exposici\u00f3_emergencia-1-200x300.jpg 200w, https:\/\/www.pimealdia.org\/wp-content\/uploads\/2020\/11\/exposici\u00f3_emergencia-1-682x1024.jpg 682w, https:\/\/www.pimealdia.org\/wp-content\/uploads\/2020\/11\/exposici\u00f3_emergencia-1-532x800.jpg 532w, https:\/\/www.pimealdia.org\/wp-content\/uploads\/2020\/11\/exposici\u00f3_emergencia-1-399x600.jpg 399w, https:\/\/www.pimealdia.org\/wp-content\/uploads\/2020\/11\/exposici\u00f3_emergencia-1-266x400.jpg 266w, https:\/\/www.pimealdia.org\/wp-content\/uploads\/2020\/11\/exposici\u00f3_emergencia-1.jpg 1664w\" sizes=\"(max-width: 200px) 100vw, 200px\" \/>Con la llegada de la pandemia, <strong>muchas empresas han tenido que adaptar su actividad para sobrevivir a la crisis causada por el virus y para aprovechar las nuevas oportunidades de negocio que \u00e9ste ha dejado<\/strong>. Es el caso de la fabricaci\u00f3n y el dise\u00f1o de los Equipos de Protecci\u00f3n Individual (EPI)\u00a0o de la maquinaria cl\u00ednica.\n<\/p>\n<p style=\"text-align: justify;\">En este sentido, el Museo del Dise\u00f1o de Barcelona ha organizado una exposici\u00f3n sobre la pandemia bajo el t\u00edtulo \u201c\u00a1Emergencia! Dise\u00f1os contra la Covid-19\u201d, que se podr\u00e1 visitar hasta el 10 de enero para conocer de primera mano una selecci\u00f3n de las m\u00faltiples iniciativas que, desde el mundo del dise\u00f1o, han dado una respuesta r\u00e1pida a la crisis sanitaria causada por la pandemia.<\/p>\n<p style=\"text-align: justify;\"><strong>La mayor\u00eda de estos dise\u00f1os han nacido a principios de este a\u00f1o 2020 de la mano de muchas pymes catalanas y ante la necesidad urgente de salvar vidas y proteger a las personas del virus<\/strong>. La colecci\u00f3n expuesta en el museo cuenta con m\u00e1s de unas cincuenta piezas significativas, entre las cuales encontramos las mascarillas, como por ejemplo las dise\u00f1adas por la pyme del Maresme\u00a0ARPE.<\/p>\n<p style=\"text-align: justify;\"><img loading=\"lazy\" class=\" wp-image-24448 alignleft\" src=\"https:\/\/www.pimealdia.org\/wp-content\/uploads\/2020\/11\/exposici\u00f3_emergencia-11-200x300.jpg\" alt=\"\" width=\"162\" height=\"243\" srcset=\"https:\/\/www.pimealdia.org\/wp-content\/uploads\/2020\/11\/exposici\u00f3_emergencia-11-200x300.jpg 200w, https:\/\/www.pimealdia.org\/wp-content\/uploads\/2020\/11\/exposici\u00f3_emergencia-11-682x1024.jpg 682w, https:\/\/www.pimealdia.org\/wp-content\/uploads\/2020\/11\/exposici\u00f3_emergencia-11-532x800.jpg 532w, https:\/\/www.pimealdia.org\/wp-content\/uploads\/2020\/11\/exposici\u00f3_emergencia-11-399x600.jpg 399w, https:\/\/www.pimealdia.org\/wp-content\/uploads\/2020\/11\/exposici\u00f3_emergencia-11-266x400.jpg 266w, https:\/\/www.pimealdia.org\/wp-content\/uploads\/2020\/11\/exposici\u00f3_emergencia-11.jpg 1664w\" sizes=\"(max-width: 162px) 100vw, 162px\" \/>Estos\u00a0EPIs\u00a0se muestran al p\u00fablico con la voluntad de dar a conocer el rol del dise\u00f1o como algo \u00fatil y muy necesario, tal y como se ha demostrado a ra\u00edz de esta crisis sanitaria. En este proceso, <strong>las tecnolog\u00edas de la informaci\u00f3n y la digitalizaci\u00f3n han facilitado \u2013entre otras cuestiones\u2013 el dise\u00f1o colaborativo<\/strong>, la relaci\u00f3n fluida entre equipos transversales, la disponibilidad de acceder a dise\u00f1os en c\u00f3digo abierto y la posibilidad de imprimir en 3D en las empresas, en el mundo educativo o en los despachos.<\/p>\n","protected":false},"excerpt":{"rendered":"<p>Con la llegada de la pandemia, muchas empresas han tenido que adaptar su actividad para sobrevivir a la crisis causada por el virus y para aprovechar las nuevas oportunidades de negocio que \u00e9ste ha dejado. Es el caso de la fabricaci\u00f3n y el dise\u00f1o de los Equipos de Protecci\u00f3n Individual (EPI)\u00a0o de la maquinaria cl\u00ednica. En este sentido, el Museo del Dise\u00f1o de Barcelona ha organizado una exposici\u00f3n sobre la pandemia bajo el t\u00edtulo \u201c\u00a1Emergencia! Dise\u00f1os contra la Covid-19\u201d, que se podr\u00e1 visitar hasta el 10 de enero para conocer de primera mano una selecci\u00f3n de las m\u00faltiples iniciativas que,<\/p>\n","protected":false},"author":83,"featured_media":24451,"comment_status":"open","ping_status":"closed","sticky":false,"template":"","format":"standard","meta":[],"categories":[338],"tags":[],"_links":{"self":[{"href":"https:\/\/www.pimealdia.org\/es\/wp-json\/wp\/v2\/posts\/24453"}],"collection":[{"href":"https:\/\/www.pimealdia.org\/es\/wp-json\/wp\/v2\/posts"}],"about":[{"href":"https:\/\/www.pimealdia.org\/es\/wp-json\/wp\/v2\/types\/post"}],"author":[{"embeddable":true,"href":"https:\/\/www.pimealdia.org\/es\/wp-json\/wp\/v2\/users\/83"}],"replies":[{"embeddable":true,"href":"https:\/\/www.pimealdia.org\/es\/wp-json\/wp\/v2\/comments?post=24453"}],"version-history":[{"count":1,"href":"https:\/\/www.pimealdia.org\/es\/wp-json\/wp\/v2\/posts\/24453\/revisions"}],"predecessor-version":[{"id":24454,"href":"https:\/\/www.pimealdia.org\/es\/wp-json\/wp\/v2\/posts\/24453\/revisions\/24454"}],"wp:featuredmedia":[{"embeddable":true,"href":"https:\/\/www.pimealdia.org\/es\/wp-json\/wp\/v2\/media\/24451"}],"wp:attachment":[{"href":"https:\/\/www.pimealdia.org\/es\/wp-json\/wp\/v2\/media?parent=24453"}],"wp:term":[{"taxonomy":"category","embeddable":true,"href":"https:\/\/www.pimealdia.org\/es\/wp-json\/wp\/v2\/categories?post=24453"},{"taxonomy":"post_tag","embeddable":true,"href":"https:\/\/www.pimealdia.org\/es\/wp-json\/wp\/v2\/tags?post=24453"}],"curies":[{"name":"wp","href":"https:\/\/api.w.org\/{rel}","templated":true}]}}