{"id":24486,"date":"2020-12-14T13:04:51","date_gmt":"2020-12-14T11:04:51","guid":{"rendered":"https:\/\/www.pimealdia.org\/?p=24486\/"},"modified":"2020-12-14T13:05:39","modified_gmt":"2020-12-14T11:05:39","slug":"importancia-implementar-acciones-para-lograr-los-retos-agenda-2030-dentro-las-empresas","status":"publish","type":"post","link":"https:\/\/www.pimealdia.org\/es\/importancia-implementar-acciones-para-lograr-los-retos-agenda-2030-dentro-las-empresas\/","title":{"rendered":"La importancia de implementar acciones para lograr los retos de la Agenda 2030 dentro de las empresas"},"content":{"rendered":"<p style=\"text-align: justify;\">La situaci\u00f3n actual de crisis sanitaria, econ\u00f3mica y social a consecuencia de los efectos del Covid-19\u00a0ha hecho que se hayan acentuado algunas desigualdades y que algunos servicios esenciales hayan sufrido afectaciones, haciendo que las personas que pertenecen a colectivos en riesgo de exclusi\u00f3n social queden todav\u00eda m\u00e1s desamparadas.<\/p>\n<p style=\"text-align: justify;\">Ante esta situaci\u00f3n, la Fundaci\u00f3n\u00a0PIMEC\u00a0contin\u00faa trabajando para acercar a las pymes y a los aut\u00f3nomos de Catalu\u00f1a todas aquellas <strong>acciones y medidas que suponen un beneficio para la sociedad en general y que, a la vez, aportan valor a\u00f1adido a la actividad empresarial que desarrollan dentro de un ejercicio de Responsabilidad Social Corporativa.<\/strong><\/p>\n<p style=\"text-align: justify;\">En este sentido, desde la Fundaci\u00f3n\u00a0PIMEC\u00a0se sigue haciendo un trabajo de concienciaci\u00f3n dentro del tejido productivo catal\u00e1n sobre <strong>la importancia de implementar acciones para lograr la Agenda 2030 de las Naciones Unidas y sus Objetivos de Desarrollo sostenible (ODS)<\/strong>, como por ejemplo el que se hace conjuntamente con Unicef Comit\u00e9 Catalu\u00f1a, tal como se acord\u00f3 en el convenio de colaboraci\u00f3n firmado por ambas entidades durante el pasado mes de julio.<\/p>\n<p style=\"text-align: justify;\">Muchas veces las peque\u00f1as acciones pueden significar mejoras importantes a la hora de ir hacia un mundo m\u00e1s sostenible y\u00a0justo. Si todos aportamos nuestro granito de arena, podemos conseguir una mejor sociedad y un mejor entorno. En todo este proceso, <strong>las aportaciones que se hagan desde las empresas, independientemente de su medida y del sector al\u00a0que pertenecen, ser\u00e1n fundamentales<\/strong>\u00a0a la hora de sumar esfuerzos en este sentido.<\/p>\n","protected":false},"excerpt":{"rendered":"<p>La situaci\u00f3n actual de crisis sanitaria, econ\u00f3mica y social a consecuencia de los efectos del Covid-19\u00a0ha hecho que se hayan acentuado algunas desigualdades y que algunos servicios esenciales hayan sufrido afectaciones, haciendo que las personas que pertenecen a colectivos en riesgo de exclusi\u00f3n social queden todav\u00eda m\u00e1s desamparadas. Ante esta situaci\u00f3n, la Fundaci\u00f3n\u00a0PIMEC\u00a0contin\u00faa trabajando para acercar a las pymes y a los aut\u00f3nomos de Catalu\u00f1a todas aquellas acciones y medidas que suponen un beneficio para la sociedad en general y que, a la vez, aportan valor a\u00f1adido a la actividad empresarial que desarrollan dentro de un ejercicio de Responsabilidad Social<\/p>\n","protected":false},"author":140,"featured_media":24484,"comment_status":"open","ping_status":"closed","sticky":false,"template":"","format":"standard","meta":[],"categories":[338],"tags":[],"_links":{"self":[{"href":"https:\/\/www.pimealdia.org\/es\/wp-json\/wp\/v2\/posts\/24486"}],"collection":[{"href":"https:\/\/www.pimealdia.org\/es\/wp-json\/wp\/v2\/posts"}],"about":[{"href":"https:\/\/www.pimealdia.org\/es\/wp-json\/wp\/v2\/types\/post"}],"author":[{"embeddable":true,"href":"https:\/\/www.pimealdia.org\/es\/wp-json\/wp\/v2\/users\/140"}],"replies":[{"embeddable":true,"href":"https:\/\/www.pimealdia.org\/es\/wp-json\/wp\/v2\/comments?post=24486"}],"version-history":[{"count":1,"href":"https:\/\/www.pimealdia.org\/es\/wp-json\/wp\/v2\/posts\/24486\/revisions"}],"predecessor-version":[{"id":24487,"href":"https:\/\/www.pimealdia.org\/es\/wp-json\/wp\/v2\/posts\/24486\/revisions\/24487"}],"wp:featuredmedia":[{"embeddable":true,"href":"https:\/\/www.pimealdia.org\/es\/wp-json\/wp\/v2\/media\/24484"}],"wp:attachment":[{"href":"https:\/\/www.pimealdia.org\/es\/wp-json\/wp\/v2\/media?parent=24486"}],"wp:term":[{"taxonomy":"category","embeddable":true,"href":"https:\/\/www.pimealdia.org\/es\/wp-json\/wp\/v2\/categories?post=24486"},{"taxonomy":"post_tag","embeddable":true,"href":"https:\/\/www.pimealdia.org\/es\/wp-json\/wp\/v2\/tags?post=24486"}],"curies":[{"name":"wp","href":"https:\/\/api.w.org\/{rel}","templated":true}]}}