{"id":24681,"date":"2021-01-19T14:36:28","date_gmt":"2021-01-19T12:36:28","guid":{"rendered":"https:\/\/www.pimealdia.org\/?p=24681\/"},"modified":"2021-01-19T15:05:58","modified_gmt":"2021-01-19T13:05:58","slug":"comision-europea-adopta-plan-accion-sobre-propiedad-intelectual-e-industrial-dirigido-ayudar-las-pymes","status":"publish","type":"post","link":"https:\/\/www.pimealdia.org\/es\/comision-europea-adopta-plan-accion-sobre-propiedad-intelectual-e-industrial-dirigido-ayudar-las-pymes\/","title":{"rendered":"La Comisi\u00f3n Europea adopta un Plan de acci\u00f3n sobre propiedad intelectual e industrial dirigido a ayudar las pymes"},"content":{"rendered":"<p>Con\u00a0la finalidad de fomentar la recuperaci\u00f3n econ\u00f3mica de las pymes, <strong>la Comisi\u00f3n de la Uni\u00f3n Europea public\u00f3 el 25 de novembre de 2020 un Plan de acci\u00f3n\u00a0orientado a\u00a0que las empreses aprovechen al m\u00e1ximo\u00a0sus invenciones<\/strong>.<\/p>\n<p>El objectivo es promover la <strong>protecci\u00f3n de los activos intangibles<\/strong>, fundamentales en la actual econom\u00eda mundial,\u00a0tales como\u00a0marcas, dise\u00f1os, patentes, modelos de utilidad, etc.<\/p>\n<p>Para ello se ha creado un programa de subvenciones denominado \u201cFondo para pymes Ideas\u00a0Powered\u00a0for\u00a0Business\u201d. El programa, dotado\u00a0con\u00a0<strong>20 millones de euros<\/strong>, se ha puesto en marcha\u00a0con la ayuda de la Comisi\u00f3n de la Uni\u00f3n Europea, la\u00a0EUIPO y las oficinas de propiedad intelectual nacionales y regionales de la UE.<\/p>\n<p>Este Fondo <strong>se\u00a0dirige a pymes que deseen desarrollar\u00a0sus estrategias de Propiedad Intelectual (PI) y proteger sus derechos de PI a nivel nacional, regional o de la UE<\/strong>.<\/p>\n<p>Se plantean\u00a0ayudes a las pymes para dos tipus de servicios diferentes, que pueden solicitarse individual o complementariamente (una \u00fanica vez):<\/p>\n<ol>\n<li><strong>Servicios de prediagn\u00f3stico de la PI<\/strong> (IP\u00a0scan). Para ayudar a decidir qu\u00e9 derechos de PI\u00a0conviene solicitar a las pymes, c\u00f3mo puede ampliarse la cartera de PI si ya\u00a0se tienen derechos registrados y c\u00f3mo planificar\u00a0su estrategia PI.<\/li>\n<li><strong>Registro de marcas, dibujos o modelos, patentes o modelos de utilidad, a nivel UE, regional (en el Benelux) o nacional.<br \/>\n<\/strong><\/li>\n<\/ol>\n<p><strong>Podr\u00e1n reembolsarse a cada pyme hasta 1.500 euros en concepto de subvenci\u00f3n para costear estos servicios<\/strong>. Esta cifra podr\u00eda ser incluso superior en los casos de patentes, seg\u00fan las siguientes modalidades:<\/p>\n<p><img loading=\"lazy\" class=\"wp-image-24677 alignleft\" src=\"https:\/\/www.pimealdia.org\/wp-content\/uploads\/2021\/01\/pexels-pixabay-209224-300x203.jpg\" alt=\"\" width=\"282\" height=\"191\" srcset=\"https:\/\/www.pimealdia.org\/wp-content\/uploads\/2021\/01\/pexels-pixabay-209224-300x203.jpg 300w, https:\/\/www.pimealdia.org\/wp-content\/uploads\/2021\/01\/pexels-pixabay-209224-600x406.jpg 600w, https:\/\/www.pimealdia.org\/wp-content\/uploads\/2021\/01\/pexels-pixabay-209224-400x271.jpg 400w, https:\/\/www.pimealdia.org\/wp-content\/uploads\/2021\/01\/pexels-pixabay-209224.jpg 680w\" sizes=\"(max-width: 282px) 100vw, 282px\" \/><\/p>\n<ol>\n<li>Reembolso del 75% de los gastos subvencionables por el servicio 1.<\/li>\n<li>Reembolso del 50% de los gastos subvencionables\u00a0por el servicio 2.<\/li>\n<\/ol>\n<p>&nbsp;<\/p>\n<p>&nbsp;<\/p>\n<p>Durante el a\u00f1o 2021\u00a0 habr\u00e1<strong>\u00a05 convocatorias<\/strong> para poder solicitar las ayudes (en enero, marzo, mayo, julio y septiembre). Los per\u00edodos de solicitud son los siguientes:<\/p>\n<table style=\"height: 236px;\" width=\"817\">\n<tbody>\n<tr>\n<td align=\"center\" width=\"139\"><strong>Inicio del per\u00edodo de presentaci\u00f3n de solicitudes<\/strong><\/td>\n<td align=\"center\" width=\"89\"><strong>11.1.2021<\/strong><\/td>\n<td align=\"center\" width=\"89\"><strong>1.3.2021<\/strong><\/td>\n<td align=\"center\" width=\"89\"><strong>1.5.2021<\/strong><\/td>\n<td align=\"center\" width=\"89\"><strong>1.7.2021<\/strong><\/td>\n<td align=\"center\" width=\"89\"><strong>1.9.2021<\/strong><\/td>\n<\/tr>\n<tr>\n<td align=\"center\" width=\"139\"><strong>Fecha\u00a0l\u00edmite de presentaci\u00f3n de solicitudes<\/strong><\/td>\n<td align=\"center\" width=\"85\"><strong>31.1.2021<\/strong><\/td>\n<td align=\"center\" width=\"85\"><strong>31.3.2021<\/strong><\/td>\n<td align=\"center\" width=\"85\"><strong>31.5.2021<\/strong><\/td>\n<td align=\"center\" width=\"85\"><strong>31.7.2021<\/strong><\/td>\n<td align=\"center\" width=\"85\"><strong>30.9.2021<\/strong><\/td>\n<\/tr>\n<\/tbody>\n<\/table>\n<p>&nbsp;<\/p>\n<p><strong>Enlaces relacionados:<\/strong><br \/>\n<a href=\"https:\/\/euipo.europa.eu\/ohimportal\/es\/grants-sme-fund\">Convocatoria del Fondo para pymes<\/a><\/p>\n<p style=\"text-align: right;\">Ana Palao Bernabeu<br \/>\nAbogada experta en propiedad industrial e intelectual<br \/>\nPalao Bernabeu Abogados<\/p>\n","protected":false},"excerpt":{"rendered":"<p>Con\u00a0la finalidad de fomentar la recuperaci\u00f3n econ\u00f3mica de las pymes, la Comisi\u00f3n de la Uni\u00f3n Europea public\u00f3 el 25 de novembre de 2020 un Plan de acci\u00f3n\u00a0orientado a\u00a0que las empreses aprovechen al m\u00e1ximo\u00a0sus invenciones. El objectivo es promover la protecci\u00f3n de los activos intangibles, fundamentales en la actual econom\u00eda mundial,\u00a0tales como\u00a0marcas, dise\u00f1os, patentes, modelos de utilidad, etc. Para ello se ha creado un programa de subvenciones denominado \u201cFondo para pymes Ideas\u00a0Powered\u00a0for\u00a0Business\u201d. El programa, dotado\u00a0con\u00a020 millones de euros, se ha puesto en marcha\u00a0con la ayuda de la Comisi\u00f3n de la Uni\u00f3n Europea, la\u00a0EUIPO y las oficinas de propiedad intelectual nacionales y<\/p>\n","protected":false},"author":142,"featured_media":24671,"comment_status":"open","ping_status":"closed","sticky":false,"template":"","format":"standard","meta":[],"categories":[330],"tags":[],"_links":{"self":[{"href":"https:\/\/www.pimealdia.org\/es\/wp-json\/wp\/v2\/posts\/24681"}],"collection":[{"href":"https:\/\/www.pimealdia.org\/es\/wp-json\/wp\/v2\/posts"}],"about":[{"href":"https:\/\/www.pimealdia.org\/es\/wp-json\/wp\/v2\/types\/post"}],"author":[{"embeddable":true,"href":"https:\/\/www.pimealdia.org\/es\/wp-json\/wp\/v2\/users\/142"}],"replies":[{"embeddable":true,"href":"https:\/\/www.pimealdia.org\/es\/wp-json\/wp\/v2\/comments?post=24681"}],"version-history":[{"count":10,"href":"https:\/\/www.pimealdia.org\/es\/wp-json\/wp\/v2\/posts\/24681\/revisions"}],"predecessor-version":[{"id":24685,"href":"https:\/\/www.pimealdia.org\/es\/wp-json\/wp\/v2\/posts\/24681\/revisions\/24685"}],"wp:featuredmedia":[{"embeddable":true,"href":"https:\/\/www.pimealdia.org\/es\/wp-json\/wp\/v2\/media\/24671"}],"wp:attachment":[{"href":"https:\/\/www.pimealdia.org\/es\/wp-json\/wp\/v2\/media?parent=24681"}],"wp:term":[{"taxonomy":"category","embeddable":true,"href":"https:\/\/www.pimealdia.org\/es\/wp-json\/wp\/v2\/categories?post=24681"},{"taxonomy":"post_tag","embeddable":true,"href":"https:\/\/www.pimealdia.org\/es\/wp-json\/wp\/v2\/tags?post=24681"}],"curies":[{"name":"wp","href":"https:\/\/api.w.org\/{rel}","templated":true}]}}