{"id":24703,"date":"2021-01-21T10:27:16","date_gmt":"2021-01-21T08:27:16","guid":{"rendered":"https:\/\/www.pimealdia.org\/?p=24703\/"},"modified":"2021-01-20T15:08:12","modified_gmt":"2021-01-20T13:08:12","slug":"motivos-para-optimismo-hacia-2021-despues-2020-muy-dificil","status":"publish","type":"post","link":"https:\/\/www.pimealdia.org\/es\/motivos-para-optimismo-hacia-2021-despues-2020-muy-dificil\/","title":{"rendered":"Motivos para el optimismo hacia el 2021 despu\u00e9s de un 2020 muy dif\u00edcil"},"content":{"rendered":"<p style=\"text-align: justify;\"><span data-contrast=\"none\">El\u00a0pasado 2020 nos ha tocado vivir un momento dif\u00edcil sanitariamente, socialmente y econ\u00f3micamente a causa de la pandemia mundial, la cual lleg\u00f3 de manera inesperada a principios de a\u00f1o. Recuerdo que al empezar la ve\u00edamos lejana, en China, pero nos lleg\u00f3 con toda su crueldad: muchos contagiados, muchos problemas a las UCI. Pero, sin duda,\u00a0<strong>lo m\u00e1s grave ha\u00a0sido que muchos familiares, amigos y conocidos nos han dejado<\/strong>.<\/span><\/p>\n<p style=\"text-align: justify;\"><strong>Las consecuencias para las pymes y los aut\u00f3nomos tambi\u00e9n han sido y son terribles<\/strong>. Negocios cerrados por siempre jam\u00e1s, otros con muchas dificultades para sobrevivir, ayudas exiguas y que cuesta que lleguen, incertidumbre de futuro&#8230;. No me quiero alargar repasando las preocupaciones, pero es dif\u00edcil dirigiros unas palabras sin dejarme llevar por el sentimiento que representa la Covid-19.<\/p>\n<p style=\"text-align: justify;\"><strong>En\u00a0PIMEC\u00a0y la Fundaci\u00f3n\u00a0PIMEC\u00a0hemos procurado volcarnos en orientar, ayudar y formar a nuestros socios<\/strong> y pienso que el trabajo hecho hasta ahora ha\u00a0sido extraordinario. Aparte de esto, la entidad contin\u00faa creciendo y, a pesar de la situaci\u00f3n, continuamos aumentando los servicios orientados a las empresas y los pronunciamientos institucionales en favor de todo aquello que interesa a nuestro colectivo de pymes y aut\u00f3nomos. Y as\u00ed seguiremos, como ya\u00a0hacemos desde hace a\u00f1os.<\/p>\n<p style=\"text-align: justify;\">El a\u00f1o 2021 llega con algunas incertidumbres, <strong>pero tambi\u00e9n hay que ser optimistas y pensar que puede ser mejor que este 2020 que dejamos atr\u00e1s<\/strong>, donde todo ha ido de mal en peor\u00a0por culpa de los efectos del coronavirus. <strong>Las vacunas que est\u00e1n saliendo, los fondos europeos, y el aumento del ahorro familiar se pueden convertir en oportunidades, en consumo y en m\u00e1s producci\u00f3n<\/strong>.<\/p>\n<p style=\"text-align: justify;\">Hay que destacar otros hechos que nos pueden hacer mirar con optimismo el 2021. Factores indicativos como, por ejemplo, <strong>el hecho que las relaciones entre los Estados Unidos de Am\u00e9rica y Europa pueden mejorar con el nombramiento del nuevo presidente, Joe Biden<\/strong>, y la marcha de Donald Trump.<\/p>\n<p style=\"text-align: justify;\">Con esta esperanza, os deseo que se cumplan las mejores expectativas para el a\u00f1o entrante y que encar\u00e9is con mucha fuerza e ilusi\u00f3n los nuevos retos que esta pandemia nos deja al tejido empresarial, como la digitalizaci\u00f3n, la innovaci\u00f3n y la sostenibilidad. <span data-ccp-props=\"{&quot;134233117&quot;:true,&quot;134233118&quot;:true,&quot;201341983&quot;:0,&quot;335551550&quot;:6,&quot;335551620&quot;:6,&quot;335559740&quot;:240}\">\u00a0<\/span><\/p>\n<p><span data-ccp-props=\"{&quot;134233117&quot;:true,&quot;134233118&quot;:true,&quot;201341983&quot;:0,&quot;335551550&quot;:6,&quot;335551620&quot;:6,&quot;335559740&quot;:240}\">\u00a0<\/span><\/p>\n<p style=\"text-align: right;\"><span data-contrast=\"none\">Josep Gonz\u00e1lez i Sala<\/span><span data-ccp-props=\"{&quot;134233117&quot;:true,&quot;134233118&quot;:true,&quot;201341983&quot;:0,&quot;335551550&quot;:3,&quot;335551620&quot;:3,&quot;335559740&quot;:240}\"><br \/>\n<\/span><span data-contrast=\"none\">President de PIMEC<\/span><span data-ccp-props=\"{&quot;134233117&quot;:true,&quot;134233118&quot;:true,&quot;201341983&quot;:0,&quot;335551550&quot;:3,&quot;335551620&quot;:3,&quot;335559740&quot;:240}\">\u00a0<\/span><\/p>\n<p><span data-ccp-props=\"{&quot;201341983&quot;:0,&quot;335551550&quot;:6,&quot;335551620&quot;:6,&quot;335559739&quot;:160,&quot;335559740&quot;:259}\">\u00a0<\/span><\/p>\n","protected":false},"excerpt":{"rendered":"<p>El\u00a0pasado 2020 nos ha tocado vivir un momento dif\u00edcil sanitariamente, socialmente y econ\u00f3micamente a causa de la pandemia mundial, la cual lleg\u00f3 de manera inesperada a principios de a\u00f1o. Recuerdo que al empezar la ve\u00edamos lejana, en China, pero nos lleg\u00f3 con toda su crueldad: muchos contagiados, muchos problemas a las UCI. Pero, sin duda,\u00a0lo m\u00e1s grave ha\u00a0sido que muchos familiares, amigos y conocidos nos han dejado. Las consecuencias para las pymes y los aut\u00f3nomos tambi\u00e9n han sido y son terribles. Negocios cerrados por siempre jam\u00e1s, otros con muchas dificultades para sobrevivir, ayudas exiguas y que cuesta que lleguen, incertidumbre<\/p>\n","protected":false},"author":126,"featured_media":24701,"comment_status":"open","ping_status":"closed","sticky":false,"template":"","format":"standard","meta":[],"categories":[770,342],"tags":[746],"_links":{"self":[{"href":"https:\/\/www.pimealdia.org\/es\/wp-json\/wp\/v2\/posts\/24703"}],"collection":[{"href":"https:\/\/www.pimealdia.org\/es\/wp-json\/wp\/v2\/posts"}],"about":[{"href":"https:\/\/www.pimealdia.org\/es\/wp-json\/wp\/v2\/types\/post"}],"author":[{"embeddable":true,"href":"https:\/\/www.pimealdia.org\/es\/wp-json\/wp\/v2\/users\/126"}],"replies":[{"embeddable":true,"href":"https:\/\/www.pimealdia.org\/es\/wp-json\/wp\/v2\/comments?post=24703"}],"version-history":[{"count":2,"href":"https:\/\/www.pimealdia.org\/es\/wp-json\/wp\/v2\/posts\/24703\/revisions"}],"predecessor-version":[{"id":24707,"href":"https:\/\/www.pimealdia.org\/es\/wp-json\/wp\/v2\/posts\/24703\/revisions\/24707"}],"wp:featuredmedia":[{"embeddable":true,"href":"https:\/\/www.pimealdia.org\/es\/wp-json\/wp\/v2\/media\/24701"}],"wp:attachment":[{"href":"https:\/\/www.pimealdia.org\/es\/wp-json\/wp\/v2\/media?parent=24703"}],"wp:term":[{"taxonomy":"category","embeddable":true,"href":"https:\/\/www.pimealdia.org\/es\/wp-json\/wp\/v2\/categories?post=24703"},{"taxonomy":"post_tag","embeddable":true,"href":"https:\/\/www.pimealdia.org\/es\/wp-json\/wp\/v2\/tags?post=24703"}],"curies":[{"name":"wp","href":"https:\/\/api.w.org\/{rel}","templated":true}]}}