{"id":24754,"date":"2021-01-28T14:33:56","date_gmt":"2021-01-28T12:33:56","guid":{"rendered":"https:\/\/www.pimealdia.org\/?p=24754\/"},"modified":"2021-01-28T17:53:15","modified_gmt":"2021-01-28T15:53:15","slug":"fondos-europeos-cuando-y-como-llegaran-las-pymes","status":"publish","type":"post","link":"https:\/\/www.pimealdia.org\/es\/fondos-europeos-cuando-y-como-llegaran-las-pymes\/","title":{"rendered":"Fondos europeos: \u00bfcu\u00e1ndo y c\u00f3mo llegar\u00e1n a las pymes?"},"content":{"rendered":"<p style=\"text-align: justify;\"><i><span data-contrast=\"none\">Es muy importante garantizar que las pymes reciban los recursos que les corresponden, en funci\u00f3n de su peso en la econom\u00eda y la ocupaci\u00f3n.<\/span><\/i><\/p>\n<p style=\"text-align: justify;\">El Parlamento Europeo aprob\u00f3 el pasado 16 de diciembre el paquete presupuestario europeo, negociado ya en julio pero despu\u00e9s sometido al veto de Hungr\u00eda y Polonia. El presupuesto prev\u00e9 una dotaci\u00f3n ordinaria de 1,07 billones de euros y una dotaci\u00f3n extraordinaria de 750.000 millones, conocida como\u00a0Next\u00a0Generation\u00a0EU (NGEU).<\/p>\n<p style=\"text-align: justify;\">El\u00a0NGEU\u00a0tiene el objetivo de estimular la inversi\u00f3n privada para facilitar la recuperaci\u00f3n de la econom\u00eda europea despu\u00e9s de la Covid-19. Por primera vez a la historia, estos recursos se captar\u00e1n a los mercados financieros internacionales con una emisi\u00f3n de deuda mancomunada de la Uni\u00f3n Europea (UE). El dinero se tendr\u00e1n que comprometer hasta el 2023, pero se podr\u00e1n gastar hasta el final del 2027, principalmente en proyectos de digitalizaci\u00f3n y sostenibilidad.<\/p>\n<p style=\"text-align: justify;\">El Estado espa\u00f1ol recibir\u00e1 unos 140.000 millones de euros del\u00a0Next\u00a0Generation\u00a0EU, de los cuales 60.000 ser\u00e1n en forma de transferencias y el resto en forma de pr\u00e9stamos. De momento, el Gobierno espa\u00f1ol solo tiene intenci\u00f3n de usar las transferencias y ha previsto ya un gasto adicional de 26.000 millones de euros a los Presupuestos Generales del Estado (PGE) para el 2021.<\/p>\n<h4 style=\"text-align: justify;\"><span data-contrast=\"none\">\u00bfPor qu\u00e9 motivo es importante que lleguen a las pymes?<\/span><\/h4>\n<p style=\"text-align: justify;\">Las peque\u00f1as y medianas empresas tienen que tener un papel relevante en la futura distribuci\u00f3n de estos fondos europeos, puesto que representan el grosor de la econom\u00eda y de la ocupaci\u00f3n del pa\u00eds.<\/p>\n<p style=\"text-align: justify;\">En un reciente encuentro digital de\u00a0PIMEC, la m\u00e1xima responsable de la Comisi\u00f3n Europea para los fondos\u00a0NGEU, Maria Teresa F\u00e0bregas, reiter\u00f3 la voluntad de la UE que las pymes acontezcan los principales beneficiarios de los fondos, hecho que la propia Comisi\u00f3n seguir\u00e1 de cerca.<\/p>\n<p style=\"text-align: justify;\">Por eso,\u00a0PIMEC\u00a0ha alentado el tejido empresarial a hacer llegar sus propuestas, sobre todo en aquellas inversiones enfocadas a la digitalizaci\u00f3n, la innovaci\u00f3n y la sostenibilidad, con el objetivo de agregar los proyectos recibidos y hacerlos llegar a los responsables de la gesti\u00f3n de los fondos europeos a los gobiernos espa\u00f1ol y catal\u00e1n. As\u00ed, se prev\u00e9 crear ocupaci\u00f3n e ir hacia econom\u00edas m\u00e1s sostenibles y digitalizadas.<\/p>\n<p style=\"text-align: justify;\"><img loading=\"lazy\" class=\"aligncenter wp-image-24751 size-full\" src=\"https:\/\/www.pimealdia.org\/wp-content\/uploads\/2021\/01\/web-ok-acte-ue-fons-1.jpg\" alt=\"\" width=\"840\" height=\"400\" srcset=\"https:\/\/www.pimealdia.org\/wp-content\/uploads\/2021\/01\/web-ok-acte-ue-fons-1.jpg 840w, https:\/\/www.pimealdia.org\/wp-content\/uploads\/2021\/01\/web-ok-acte-ue-fons-1-300x143.jpg 300w, https:\/\/www.pimealdia.org\/wp-content\/uploads\/2021\/01\/web-ok-acte-ue-fons-1-800x381.jpg 800w, https:\/\/www.pimealdia.org\/wp-content\/uploads\/2021\/01\/web-ok-acte-ue-fons-1-600x286.jpg 600w, https:\/\/www.pimealdia.org\/wp-content\/uploads\/2021\/01\/web-ok-acte-ue-fons-1-400x190.jpg 400w\" sizes=\"(max-width: 840px) 100vw, 840px\" \/><\/p>\n<hr \/>\n<blockquote>\n<h3 style=\"text-align: justify;\">Los fondos europeos son una gran oportunidad para Espa\u00f1a y Catalu\u00f1a si se gestionan con criterios de transparencia, agilidad, eficiencia y objetividad.<\/h3>\n<\/blockquote>\n<hr \/>\n<p style=\"text-align: justify;\">PIMEC?ha\u00a0recogido propuestas de inversi\u00f3n de?m\u00e1s de 200 pymes por un valor mediano de 300.000 euros; un 60% de los proyectos tienen que ver con la digitalizaci\u00f3n y un 35% con la sostenibilidad.<\/p>\n<h4 style=\"text-align: justify;\"><span data-contrast=\"none\">\u00bfCu\u00e1ndo y c\u00f3mo llegar\u00e1n a las pymes?<\/span><\/h4>\n<p style=\"text-align: justify;\">El Estado espa\u00f1ol tendr\u00e1 que completar primero su Plan de Recuperaci\u00f3n y hacerlo llegar a la Comisi\u00f3n Europea. De hecho, est\u00e1 previsto que esto pase las pr\u00f3ximas semanas.<\/p>\n<p style=\"text-align: justify;\">La Comisi\u00f3n Europa tendr\u00e1 dos meses para evaluar el Plan que, como los planes del resto de estados miembros, se aprobar\u00e1 al si del Consejo Europeo. Adem\u00e1s, evaluar\u00e1 semestralmente el cumplimiento del Plan de Recuperaci\u00f3n presentado y otros compromisos y, en funci\u00f3n de los logros, ir\u00e1 liberando los recursos del\u00a0Next\u00a0Generation\u00a0EU. Por lo tanto, se espera que las convocatorias derivadas del\u00a0NGEU\u00a0empiecen a publicarse en marzo o el abril del 2021.<\/p>\n<p style=\"text-align: justify;\">El Gobierno espa\u00f1ol tiene la intenci\u00f3n de aprovechar instrumentos y convocatorias ya existentes, que ahora contar\u00e1n, pero, con muchos m\u00e1s recursos, seg\u00fan prev\u00e9n los PGE para el 2021 ya aprobados. Los ministerios m\u00e1s relevantes ser\u00e1n los de Industria, Transformaci\u00f3n Digital y Transici\u00f3n Ecol\u00f3gica.<\/p>\n<p style=\"text-align: justify;\">A pesar de que todav\u00eda no se ha concretado, se prev\u00e9 que las comunidades aut\u00f3nomas gestionen los fondos en aquellos \u00e1mbitos donde tienen competencias, como es el caso del turismo o del comercio.<\/p>\n<hr \/>\n<blockquote>\n<h3 style=\"text-align: justify;\">Es imprescindible que las empresas conozcan de primera mano los criterios de la UE para prever los ejes de acci\u00f3n en la hora del reparto de los fondos.<\/h3>\n<\/blockquote>\n<hr \/>\n<p style=\"text-align: justify;\">Por otro lado, el Gobierno espa\u00f1ol prev\u00e9 crear un registro de entidades promotoras de proyectos estrat\u00e9gicos y permitir tambi\u00e9n la solicitud de ayudas por parte de agrupaciones de entidades. En este sentido,\u00a0PIMEC\u00a0est\u00e1 igualmente recogiendo propuestas de colectivos, como gremios, asociaciones sectoriales y colegios profesionales. A modo de ejemplo, a continuaci\u00f3n exponemos algunos de los proyectos:<\/p>\n<h6 style=\"text-align: justify;\"><span data-ccp-props=\"{&quot;201341983&quot;:0,&quot;335551550&quot;:6,&quot;335551620&quot;:6,&quot;335559739&quot;:150,&quot;335559740&quot;:240}\">\u00a0<\/span><span data-contrast=\"none\">Proyectos en sostenibilidad<\/span><span data-ccp-props=\"{&quot;201341983&quot;:0,&quot;335551550&quot;:6,&quot;335551620&quot;:6,&quot;335559739&quot;:150,&quot;335559740&quot;:240}\">\u00a0<\/span><\/h6>\n<ul style=\"text-align: justify;\">\n<li data-leveltext=\"?\" data-font=\"Symbol\" data-listid=\"1\" data-aria-posinset=\"1\" data-aria-level=\"1\">Los pol\u00edgonos industriales gestionados por\u00a0PIMEC\u00a0Pol\u00edgonos trabajan para presentar una propuesta agrupada de instalaci\u00f3n de energ\u00eda solar en los tejados de las naves con el objetivo de favorecer el autoconsumo y reducir la factura energ\u00e9tica.<\/li>\n<li data-leveltext=\"?\" data-font=\"Symbol\" data-listid=\"1\" data-aria-posinset=\"2\" data-aria-level=\"1\">PIMEC\u00a0Agroalimentaria impulsa un innovador sistema de tratamiento de los purines, que potencialmente se podr\u00eda instalar en las 92.000 granjas de porcino de todo el Estado. Mientras Alemania trata el 65% de las emisiones de purines, aqu\u00ed llegamos tan solo al 5%.<\/li>\n<li data-leveltext=\"?\" data-font=\"Symbol\" data-listid=\"1\" data-aria-posinset=\"2\" data-aria-level=\"1\">Gasolineras catalanas estudian la instalaci\u00f3n de un innovador sistema para evitar la evaporaci\u00f3n de la gasolina, hecho que genera p\u00e9rdidas econ\u00f3micas y contaminaci\u00f3n atmosf\u00e9rica.<\/li>\n<\/ul>\n<p style=\"text-align: justify;\"><span data-ccp-props=\"{&quot;134233279&quot;:true,&quot;201341983&quot;:0,&quot;335551550&quot;:6,&quot;335551620&quot;:6,&quot;335559685&quot;:720,&quot;335559739&quot;:150,&quot;335559740&quot;:240}\">\u00a0<\/span><\/p>\n<h6 style=\"text-align: justify;\"><span data-contrast=\"none\">Proyectos en digitalizaci\u00f3n<\/span><span data-ccp-props=\"{&quot;201341983&quot;:0,&quot;335551550&quot;:6,&quot;335551620&quot;:6,&quot;335559739&quot;:150,&quot;335559740&quot;:240}\">\u00a0<\/span><\/h6>\n<p style=\"text-align: justify;\">Las m\u00e1s de 2.000 cl\u00ednicas dentales catalanas trabajan para implantar un innovador esc\u00e1ner en 3D que permita optimizar los plazos y trabajos de diagnosis y tratamiento dental. Combinado con una impresora 3D, este esc\u00e1ner ahorra el uso de materiales relacionados con la construcci\u00f3n de piezas bucodentales.<\/p>\n<p style=\"text-align: justify;\">Las escuelas de formaci\u00f3n adscritas a\u00a0PIMEC\u00a0agrupan esfuerzos en la digitalizaci\u00f3n de sus aulas para poder ofrecer formaci\u00f3n h\u00edbrida, presencial y virtual. Una iniciativa parecida es la que desean impulsar los gimnasios, despu\u00e9s de que la pandemia haya fomentado el ejercicio f\u00edsico a domicilio.<\/p>\n<p><span data-ccp-props=\"{&quot;201341983&quot;:0,&quot;335551550&quot;:2,&quot;335551620&quot;:2,&quot;335559739&quot;:150,&quot;335559740&quot;:240}\">\u00a0<\/span><\/p>\n<p>&nbsp;<\/p>\n","protected":false},"excerpt":{"rendered":"<p>Es muy importante garantizar que las pymes reciban los recursos que les corresponden, en funci\u00f3n de su peso en la econom\u00eda y la ocupaci\u00f3n. El Parlamento Europeo aprob\u00f3 el pasado 16 de diciembre el paquete presupuestario europeo, negociado ya en julio pero despu\u00e9s sometido al veto de Hungr\u00eda y Polonia. El presupuesto prev\u00e9 una dotaci\u00f3n ordinaria de 1,07 billones de euros y una dotaci\u00f3n extraordinaria de 750.000 millones, conocida como\u00a0Next\u00a0Generation\u00a0EU (NGEU). El\u00a0NGEU\u00a0tiene el objetivo de estimular la inversi\u00f3n privada para facilitar la recuperaci\u00f3n de la econom\u00eda europea despu\u00e9s de la Covid-19. Por primera vez a la historia, estos recursos se<\/p>\n","protected":false},"author":83,"featured_media":24756,"comment_status":"open","ping_status":"closed","sticky":false,"template":"","format":"standard","meta":[],"categories":[330],"tags":[],"_links":{"self":[{"href":"https:\/\/www.pimealdia.org\/es\/wp-json\/wp\/v2\/posts\/24754"}],"collection":[{"href":"https:\/\/www.pimealdia.org\/es\/wp-json\/wp\/v2\/posts"}],"about":[{"href":"https:\/\/www.pimealdia.org\/es\/wp-json\/wp\/v2\/types\/post"}],"author":[{"embeddable":true,"href":"https:\/\/www.pimealdia.org\/es\/wp-json\/wp\/v2\/users\/83"}],"replies":[{"embeddable":true,"href":"https:\/\/www.pimealdia.org\/es\/wp-json\/wp\/v2\/comments?post=24754"}],"version-history":[{"count":4,"href":"https:\/\/www.pimealdia.org\/es\/wp-json\/wp\/v2\/posts\/24754\/revisions"}],"predecessor-version":[{"id":24776,"href":"https:\/\/www.pimealdia.org\/es\/wp-json\/wp\/v2\/posts\/24754\/revisions\/24776"}],"wp:featuredmedia":[{"embeddable":true,"href":"https:\/\/www.pimealdia.org\/es\/wp-json\/wp\/v2\/media\/24756"}],"wp:attachment":[{"href":"https:\/\/www.pimealdia.org\/es\/wp-json\/wp\/v2\/media?parent=24754"}],"wp:term":[{"taxonomy":"category","embeddable":true,"href":"https:\/\/www.pimealdia.org\/es\/wp-json\/wp\/v2\/categories?post=24754"},{"taxonomy":"post_tag","embeddable":true,"href":"https:\/\/www.pimealdia.org\/es\/wp-json\/wp\/v2\/tags?post=24754"}],"curies":[{"name":"wp","href":"https:\/\/api.w.org\/{rel}","templated":true}]}}