{"id":24858,"date":"2021-02-10T12:56:46","date_gmt":"2021-02-10T10:56:46","guid":{"rendered":"https:\/\/www.pimealdia.org\/?p=24858\/"},"modified":"2021-02-10T13:23:48","modified_gmt":"2021-02-10T11:23:48","slug":"propuestas-economicas-y-empresariales-ante-14-f","status":"publish","type":"post","link":"https:\/\/www.pimealdia.org\/es\/propuestas-economicas-y-empresariales-ante-14-f\/","title":{"rendered":"Propuestas econ\u00f3micas y empresariales ante el 14-F"},"content":{"rendered":"<p style=\"text-align: justify;\">Este domingo los catalanes estamos citados a las urnas, por primera vez en un contexto de pandemia, y el nuevo Govern que resulte de estos comicios tendr\u00e1 que <strong>priorizar medidas sanitarias y econ\u00f3micas para hacer frente a los efectos de la Covid-19<\/strong> en la salud de las personas, pero tambi\u00e9n en la del tejido productivo del pa\u00eds.<\/p>\n<p style=\"text-align: justify;\">As\u00ed mismo, el futuro Ejecutivo catal\u00e1n tendr\u00e1 que formular unos Presupuestos para el 2021 que contemplen las partidas presupuestarias necesarias para superar esta situaci\u00f3n de crisis. Con el convencimiento de que la econom\u00eda solo se recuperar\u00e1 cuando las pymes y los aut\u00f3nomos reactiven su actividad y mejoren su competitividad, desde PIMEC reclamamos unas cuentas con <strong>inversiones y partidas que permitan poner en marcha y desarrollar medidas urgentes, directas, coordinadas, generosas y sostenidas en el tiempo para las empresas. <\/strong><\/p>\n<p style=\"text-align: justify;\">En este sentido, y en nuestra labor de representar y defender los intereses de las pymes y los aut\u00f3nomos de Catalunya, pedimos al pr\u00f3ximo Govern las siguientes medidas:<\/p>\n<p style=\"text-align: justify;\">En primer lugar, queremos destacar la necesidad de <strong>dar un impulso y una aceleraci\u00f3n a los protocolos de vacunaci\u00f3n masiva<\/strong> y a las pruebas sanitarias como mecanismos b\u00e1sicos para el retorno a una relativa normalidad. Tambi\u00e9n es urgente la puesta en marcha de <strong>l\u00edneas de compensaci\u00f3n econ\u00f3mica para los sectores afectados por las restricciones a la actividad empresarial,<\/strong> a trav\u00e9s de ayudas directas, de un refuerzo de las l\u00edneas de financiaci\u00f3n del ICF y de la condonaci\u00f3n de impuestos y tasas, as\u00ed como otras medidas fiscales como, por ejemplo, una rebaja de entre un 10 y un 15% de los tipos impositivos de la escala auton\u00f3mica del IRPF aplicable a la base liquidable general.<\/p>\n<p style=\"text-align: justify;\">Deseamos al futuro Ejecutivo muchos aciertos, que tendr\u00edan que pasar por <strong>simplificar la burocracia administrativa, facilitar el acceso de las pymes a la compra p\u00fablica y cumplir y hacer cumplir los plazos de pago legales para acabar con la lacra de la morosidad empresarial.<\/strong> Por otro lado, estos aciertos tambi\u00e9n pasar\u00edan por no desaprovechar la gran oportunidad que suponen los <strong>fondos de recuperaci\u00f3n y resiliencia europeos<\/strong> para las empresas catalanas. En sus manos estar\u00e1 la capacidad de participaci\u00f3n y de influencia en los puestos de decisi\u00f3n a la hora de potenciar proyectos solventes y estrat\u00e9gicos para nuestra econom\u00eda.<\/p>\n<p style=\"text-align: justify;\">Para propiciar la recuperaci\u00f3n de la competitividad de nuestro tejido productivo, ser\u00eda conveniente destinar inversiones para <strong>promover la transformaci\u00f3n tecnol\u00f3gica y digital de los negocios, as\u00ed como su internacionalizaci\u00f3n.<\/strong> Adem\u00e1s, se pueden establecer incentivos y ayudas para las empresas que promueven <strong>la sostenibilidad y la econom\u00eda circular.<\/strong> Entre otras cuestiones, tambi\u00e9n es necesario <strong>invertir en las infraestructuras estrat\u00e9gicas, impulsar el mundo rural y forestal<\/strong> y, en materia de formaci\u00f3n, urge integrar y <strong>adaptar la oferta formativa a las necesidades reales de las empresas. <\/strong><\/p>\n<p style=\"text-align: justify;\">Finalmente, pedimos al futuro Govern de la Generalitat que siga impulsando los e<strong>spacios de concertaci\u00f3n y di\u00e1logo sociales <\/strong>y que trabaje para<strong> desplegar la Ley de participaci\u00f3n institucional y del di\u00e1logo y la concertaci\u00f3n sociales,<\/strong> con el objetivo de poner las bases de la reconstrucci\u00f3n econ\u00f3mica en el escenario pospandemia. Desde PIMEC nos ponemos de nuevo a disposici\u00f3n de la Administraci\u00f3n P\u00fablica para trabajar conjuntamente en beneficio de las pymes y de los aut\u00f3nomos de Catalunya, con di\u00e1logo y voluntad.<\/p>\n","protected":false},"excerpt":{"rendered":"<p>Este domingo los catalanes estamos citados a las urnas, por primera vez en un contexto de pandemia, y el nuevo Govern que resulte de estos comicios tendr\u00e1 que priorizar medidas sanitarias y econ\u00f3micas para hacer frente a los efectos de la Covid-19 en la salud de las personas, pero tambi\u00e9n en la del tejido productivo del pa\u00eds. As\u00ed mismo, el futuro Ejecutivo catal\u00e1n tendr\u00e1 que formular unos Presupuestos para el 2021 que contemplen las partidas presupuestarias necesarias para superar esta situaci\u00f3n de crisis. Con el convencimiento de que la econom\u00eda solo se recuperar\u00e1 cuando las pymes y los aut\u00f3nomos reactiven<\/p>\n","protected":false},"author":155,"featured_media":24857,"comment_status":"open","ping_status":"closed","sticky":false,"template":"","format":"standard","meta":[],"categories":[330,342],"tags":[742,754,714],"_links":{"self":[{"href":"https:\/\/www.pimealdia.org\/es\/wp-json\/wp\/v2\/posts\/24858"}],"collection":[{"href":"https:\/\/www.pimealdia.org\/es\/wp-json\/wp\/v2\/posts"}],"about":[{"href":"https:\/\/www.pimealdia.org\/es\/wp-json\/wp\/v2\/types\/post"}],"author":[{"embeddable":true,"href":"https:\/\/www.pimealdia.org\/es\/wp-json\/wp\/v2\/users\/155"}],"replies":[{"embeddable":true,"href":"https:\/\/www.pimealdia.org\/es\/wp-json\/wp\/v2\/comments?post=24858"}],"version-history":[{"count":1,"href":"https:\/\/www.pimealdia.org\/es\/wp-json\/wp\/v2\/posts\/24858\/revisions"}],"predecessor-version":[{"id":24859,"href":"https:\/\/www.pimealdia.org\/es\/wp-json\/wp\/v2\/posts\/24858\/revisions\/24859"}],"wp:featuredmedia":[{"embeddable":true,"href":"https:\/\/www.pimealdia.org\/es\/wp-json\/wp\/v2\/media\/24857"}],"wp:attachment":[{"href":"https:\/\/www.pimealdia.org\/es\/wp-json\/wp\/v2\/media?parent=24858"}],"wp:term":[{"taxonomy":"category","embeddable":true,"href":"https:\/\/www.pimealdia.org\/es\/wp-json\/wp\/v2\/categories?post=24858"},{"taxonomy":"post_tag","embeddable":true,"href":"https:\/\/www.pimealdia.org\/es\/wp-json\/wp\/v2\/tags?post=24858"}],"curies":[{"name":"wp","href":"https:\/\/api.w.org\/{rel}","templated":true}]}}