{"id":24896,"date":"2021-02-17T13:02:57","date_gmt":"2021-02-17T11:02:57","guid":{"rendered":"https:\/\/www.pimealdia.org\/?p=24896\/"},"modified":"2021-02-23T14:33:52","modified_gmt":"2021-02-23T12:33:52","slug":"mar-magic-empresa-que-ha-encontrado-oportunidad-ante-covid-19","status":"publish","type":"post","link":"https:\/\/www.pimealdia.org\/es\/mar-magic-empresa-que-ha-encontrado-oportunidad-ante-covid-19\/","title":{"rendered":"Mar M\u00e0gic, una empresa que ha encontrado una oportunidad ante la Covid-19"},"content":{"rendered":"<p>El tejido empresarial catal\u00e1n siempre ha destacado por tener una gran capacidad de superaci\u00f3n y adaptaci\u00f3n, y la \u00e9poca que actualmente estamos viviendo no nos tiene que hacer perder esta capacidad. Por eso, la <a href=\"https:\/\/www.pimec.org\/ca\/fundacio-pimec\" target=\"_blank\" rel=\"noopener noreferrer\">Fundaci\u00f3n\u00a0PIMEC\u00a0<\/a>ha buscado, mediante una encuesta, a personas empresarias que, ante la crisis, han encontrado nuevas oportunidades de negocio y\/o han realizado acciones de colaboraci\u00f3n en su entorno o con la sociedad en general. Todo y la disparidad de los sectores empresariales, hemos seleccionado unos casos ejemplares dignos de ser presentados y tenidos en cuenta como buenas pr\u00e1cticas o acciones para afrontar las crisis,\u00a0 son casos inspiradores.<\/p>\n<p>Adem\u00e1s, son ejemplo tambi\u00e9n por estar alineadas con la Agenda 2030 y sus Objetivos (ODS)\u00a0y, por lo tanto, forman parte de la campa\u00f1a de sensibilizaci\u00f3n hacia la sostenibilidad en las micros y pymes que estamos llevando a cabo desde la Fundaci\u00f3n\u00a0PIMEC.<\/p>\n<p>A lo largo de las pr\u00f3ximas semanas os presentaremos empresas que han encontrado nuevas oportunidades y buenas pr\u00e1cticas gracias a su resiliencia ante la adversidad generada por la COVID-19.<\/p>\n<p>En esta primera entrega os presentamos <a href=\"http:\/\/marmagic.es\/es\/\" target=\"_blank\" rel=\"noopener noreferrer\"><strong>Mar M\u00e0gic<\/strong><\/a>, empresa ubicada en Barcelona y alineada con la Agenda 2030 y los Objetivos de Desarrollo Sostenible de Salud y bienestar (ODS 3), Educaci\u00f3n de calidad (ODS 4), Reducci\u00f3n de las desigualdades (ODS 10) y Consumo y producci\u00f3n responsable (ODS 12).<\/p>\n<p><a href=\"http:\/\/marmagic.es\/es\/\" target=\"_blank\" rel=\"noopener noreferrer\"><strong>Mar M\u00e0gic<\/strong><\/a> es una empresa familiar de ropa de vestir y complementos, que van desde el bordado hasta la serigraf\u00eda. En marzo de 2020, conscientes de la situaci\u00f3n y ante la necesidad de ayudar a su entorno, deciden fabricar mascarillas con las m\u00e1quinas de bordar. A ra\u00edz de esto, detectan que las mascarillas de tela no son inclusivas, ya que no son adecuadas para el colectivo de las personas sordomudas, que no pueden leer los labios de la otra persona. Por ello deciden fabricar una mascarilla transparente, que gracias a la colaboraci\u00f3n con proveedores y centros tecnol\u00f3gicos ha pasado todas las pruebas necesarias para poder ser homologada.<\/p>\n<p>Mar M\u00e0gic ha elaborado mascarillas inclusivas a precios asequibles, e incluso el Departamento de Ense\u00f1anza les ha encargado su fabricaci\u00f3n.<\/p>\n<p><iframe loading=\"lazy\" title=\"Mar M\u00e0gic, una empresa que ha trobat una oportunitat arran de la Covid-19\" width=\"1170\" height=\"658\" src=\"https:\/\/www.youtube.com\/embed\/s8Sezil8k20?feature=oembed\" frameborder=\"0\" allow=\"accelerometer; autoplay; clipboard-write; encrypted-media; gyroscope; picture-in-picture\" allowfullscreen><\/iframe><\/p>\n<p>Agradecemos la colaboraci\u00f3n de la agencia de comunicaci\u00f3n\u00a0<a href=\"https:\/\/www.avelasmedia.com\/\" target=\"_blank\" rel=\"noopener noreferrer\">AvelasMedia<\/a>\u00a0en la producci\u00f3n del v\u00eddeo.<\/p>\n<p>El caso presentado en este art\u00edculo est\u00e1 alineado con la Agenda 2030, y en concreto con los\u00a0ODS: Salud y bienestar (ODS\u00a03), Educaci\u00f3n de calidad (ODS\u00a04), Reducci\u00f3n de las Desigualdades (ODS\u00a010) y Consumo y producci\u00f3n responsable (ODS\u00a012).<\/p>\n<p><img loading=\"lazy\" class=\"aligncenter size-medium wp-image-24925\" src=\"https:\/\/www.pimealdia.org\/wp-content\/uploads\/2021\/02\/ods-300x75.jpg\" alt=\"\" width=\"300\" height=\"75\" srcset=\"https:\/\/www.pimealdia.org\/wp-content\/uploads\/2021\/02\/ods-300x75.jpg 300w, https:\/\/www.pimealdia.org\/wp-content\/uploads\/2021\/02\/ods-1024x255.jpg 1024w, https:\/\/www.pimealdia.org\/wp-content\/uploads\/2021\/02\/ods-1000x249.jpg 1000w, https:\/\/www.pimealdia.org\/wp-content\/uploads\/2021\/02\/ods-800x199.jpg 800w, https:\/\/www.pimealdia.org\/wp-content\/uploads\/2021\/02\/ods-600x150.jpg 600w, https:\/\/www.pimealdia.org\/wp-content\/uploads\/2021\/02\/ods-400x100.jpg 400w\" sizes=\"(max-width: 300px) 100vw, 300px\" \/><\/p>\n","protected":false},"excerpt":{"rendered":"<p>El tejido empresarial catal\u00e1n siempre ha destacado por tener una gran capacidad de superaci\u00f3n y adaptaci\u00f3n, y la \u00e9poca que actualmente estamos viviendo no nos tiene que hacer perder esta capacidad. Por eso, la Fundaci\u00f3n\u00a0PIMEC\u00a0ha buscado, mediante una encuesta, a personas empresarias que, ante la crisis, han encontrado nuevas oportunidades de negocio y\/o han realizado acciones de colaboraci\u00f3n en su entorno o con la sociedad en general. Todo y la disparidad de los sectores empresariales, hemos seleccionado unos casos ejemplares dignos de ser presentados y tenidos en cuenta como buenas pr\u00e1cticas o acciones para afrontar las crisis,\u00a0 son casos inspiradores.<\/p>\n","protected":false},"author":140,"featured_media":24929,"comment_status":"open","ping_status":"closed","sticky":false,"template":"","format":"standard","meta":[],"categories":[330,338,342],"tags":[718,780,754],"_links":{"self":[{"href":"https:\/\/www.pimealdia.org\/es\/wp-json\/wp\/v2\/posts\/24896"}],"collection":[{"href":"https:\/\/www.pimealdia.org\/es\/wp-json\/wp\/v2\/posts"}],"about":[{"href":"https:\/\/www.pimealdia.org\/es\/wp-json\/wp\/v2\/types\/post"}],"author":[{"embeddable":true,"href":"https:\/\/www.pimealdia.org\/es\/wp-json\/wp\/v2\/users\/140"}],"replies":[{"embeddable":true,"href":"https:\/\/www.pimealdia.org\/es\/wp-json\/wp\/v2\/comments?post=24896"}],"version-history":[{"count":6,"href":"https:\/\/www.pimealdia.org\/es\/wp-json\/wp\/v2\/posts\/24896\/revisions"}],"predecessor-version":[{"id":24982,"href":"https:\/\/www.pimealdia.org\/es\/wp-json\/wp\/v2\/posts\/24896\/revisions\/24982"}],"wp:featuredmedia":[{"embeddable":true,"href":"https:\/\/www.pimealdia.org\/es\/wp-json\/wp\/v2\/media\/24929"}],"wp:attachment":[{"href":"https:\/\/www.pimealdia.org\/es\/wp-json\/wp\/v2\/media?parent=24896"}],"wp:term":[{"taxonomy":"category","embeddable":true,"href":"https:\/\/www.pimealdia.org\/es\/wp-json\/wp\/v2\/categories?post=24896"},{"taxonomy":"post_tag","embeddable":true,"href":"https:\/\/www.pimealdia.org\/es\/wp-json\/wp\/v2\/tags?post=24896"}],"curies":[{"name":"wp","href":"https:\/\/api.w.org\/{rel}","templated":true}]}}