{"id":25068,"date":"2021-03-04T13:46:28","date_gmt":"2021-03-04T11:46:28","guid":{"rendered":"https:\/\/www.pimealdia.org\/?p=25068\/"},"modified":"2021-03-07T13:20:03","modified_gmt":"2021-03-07T11:20:03","slug":"teletrabajo-mucho-mas-que-cuestion-genero","status":"publish","type":"post","link":"https:\/\/www.pimealdia.org\/es\/teletrabajo-mucho-mas-que-cuestion-genero\/","title":{"rendered":"Teletrabajo, mucho m\u00e1s que una cuesti\u00f3n de g\u00e9nero"},"content":{"rendered":"<p style=\"text-align: justify;\"><span data-contrast=\"auto\">Ahora hace un a\u00f1o, antes de que todos<\/span><span data-contrast=\"auto\">\u00a0<\/span><span data-contrast=\"auto\">traslad\u00e1ramos\u00a0<\/span><span data-contrast=\"auto\">nuestras oficinas\u00a0<\/span><span data-contrast=\"auto\">a nuestros hogares, el teletrabajo era una quimera que no estaba al alcance de todo el mundo. \u00c9ramos unas pocas las que peregrin\u00e1bamos\u00a0<\/span><span data-contrast=\"auto\">en el\u00a0<\/span><span data-contrast=\"auto\">desierto explicando\u00a0<\/span><span data-contrast=\"auto\">sus<\/span><span data-contrast=\"auto\">\u00a0bondades, y nos costaba mucho tener la oportunidad de llevarlo del plano te\u00f3rico al real en\u00a0<\/span><span data-contrast=\"auto\">el mundo<\/span><span data-contrast=\"auto\">\u00a0de las pymes.<\/span><span data-ccp-props=\"{&quot;335551550&quot;:6,&quot;335551620&quot;:6,&quot;335559739&quot;:200}\">\u00a0<\/span><\/p>\n<p style=\"text-align: justify;\"><span data-contrast=\"auto\">El orden l\u00f3gico de las cosas era<\/span><span data-contrast=\"auto\">:\u00a0<\/span><span data-contrast=\"auto\">primero la <strong>digitalizaci\u00f3n<\/strong> y, ya despu\u00e9s, llegar\u00eda el <strong>teletrabajo<\/strong>, de forma progresiva, porque pensar q<\/span><span data-contrast=\"auto\">ue el reinado del\u00a0<\/span><strong>presencialismo<\/strong><span data-contrast=\"auto\">\u00a0pod\u00eda dejar\u00a0<\/span><span data-contrast=\"auto\">paso\u00a0<\/span><span data-contrast=\"auto\">a otras formas de trabajo produc\u00eda un absoluto rechazo.<\/span><span data-ccp-props=\"{&quot;335551550&quot;:6,&quot;335551620&quot;:6,&quot;335559739&quot;:200}\">\u00a0<\/span><\/p>\n<p style=\"text-align: justify;\"><strong>La COVID-19 nos ha obligado a\u00a0dar\u00a0<\/strong><span data-contrast=\"auto\"><strong>un salto de 10 a\u00f1os<\/strong>, de forma tan abrupta que incluso nos hemos cuestionado las bondades del t<\/span><span data-contrast=\"auto\">eletrabajo, pero la buena noticia es que\u00a0<\/span><span data-contrast=\"auto\">el\u00a0<\/span><span data-contrast=\"auto\">teletrabajo es\u00a0<\/span><span data-contrast=\"auto\">mucho m\u00e1s que coger precipitadamente el\u00a0<\/span><span data-contrast=\"auto\">ordenador y empezar a trabajar en<\/span><span data-contrast=\"auto\">\u00a0la\u00a0<\/span><span data-contrast=\"auto\">mesa\u00a0<\/span><span data-contrast=\"auto\">del comedor mientras asumimos responsabilidades familiares dif\u00edciles de compatibilizar.<\/span><span data-ccp-props=\"{&quot;335551550&quot;:6,&quot;335551620&quot;:6,&quot;335559739&quot;:200}\">\u00a0<\/span><\/p>\n<p style=\"text-align: justify;\"><strong>El teletrabajo nos tiene que ayudar a repensar la forma en la que trabajamos, la organizaci\u00f3n de nuestros equipos, la planificaci\u00f3n,\u00a0el\u00a0trabajo p<\/strong><span data-contrast=\"auto\"><strong>or objetivos, los liderazgos<\/strong>&#8230;,\u00a0<\/span><span data-contrast=\"auto\">e impulsar<\/span><span data-contrast=\"auto\">\u00a0el cambio cultural que nos\u00a0<\/span><span data-contrast=\"auto\">debe<\/span><span data-contrast=\"auto\">\u00a0llevar a formas de trabajo m\u00e1s productivas y m\u00e1s igualitarias entre hombres y mujeres, que permita<\/span><span data-contrast=\"auto\">n<\/span><span data-contrast=\"auto\">\u00a0la conciliaci\u00f3n e impulse<\/span><span data-contrast=\"auto\">n<\/span><span data-contrast=\"auto\">\u00a0la corresponsabilidad.<\/span><span data-ccp-props=\"{&quot;335551550&quot;:6,&quot;335551620&quot;:6,&quot;335559739&quot;:200}\">\u00a0<\/span><\/p>\n<p style=\"text-align: justify;\"><span data-contrast=\"auto\">Una de las vertie<\/span><span data-contrast=\"auto\">ntes positivas de la pandemia es<\/span><span data-contrast=\"auto\">\u00a0que puede contribuir a <strong>que el teletrabajo abandone el estigma femenino<\/strong>, pues se hab\u00eda convertido en una herramienta de doble\u00a0<\/span><span data-contrast=\"auto\">filo<\/span><span data-contrast=\"auto\">, que permit\u00eda conciliar, pero era una conciliaci\u00f3n fundamentalmente de mujeres que las acababa alejando del n\u00facleo de decisiones y del trabajo en equipo, todav\u00eda\u00a0<\/span><span data-contrast=\"auto\">centrado<\/span><span data-contrast=\"auto\">\u00a0en el\u00a0<\/span><span data-contrast=\"auto\">presencialismo<\/span><span data-contrast=\"auto\">. En definitiva, las alejaba del lu<\/span><span data-contrast=\"auto\">gar do<\/span><span data-contrast=\"auto\">nde pasaban las cosas y de las posibilidades de promoci\u00f3n.<\/span><span data-ccp-props=\"{&quot;335551550&quot;:6,&quot;335551620&quot;:6,&quot;335559739&quot;:200}\">\u00a0<\/span><\/p>\n<p style=\"text-align: justify;\"><span data-contrast=\"auto\">As\u00ed pues, la\u00a0<\/span><span data-contrast=\"auto\">cuesti\u00f3n es si el teletrabajo es<\/span><span data-contrast=\"auto\">\u00a0una verdadera <strong>herramienta de<\/strong><\/span><span data-contrast=\"auto\"><strong>\u00a0conciliaci\u00f3n<\/strong>, y la respuesta es s\u00ed; pero la conciliaci\u00f3n no es<\/span><span data-contrast=\"auto\">\u00a0exclusiva de las mujeres y<\/span><span data-contrast=\"auto\">,<\/span><span data-contrast=\"auto\">\u00a0por tanto<\/span><span data-contrast=\"auto\">,<\/span><span data-contrast=\"auto\">\u00a0no puede servir para reforzar estereotipos de g\u00e9nero con una mirada\u00a0<\/span><span data-contrast=\"auto\">dirigida\u00a0<\/span><span data-contrast=\"auto\">\u00fanicamente hacia la poblaci\u00f3n femenina, y en este sentido se puede\u00a0<\/span><span data-contrast=\"auto\">aplicar<\/span><span data-contrast=\"auto\">\u00a0por medio de propuestas como:<\/span><span data-ccp-props=\"{&quot;335551550&quot;:6,&quot;335551620&quot;:6,&quot;335559739&quot;:200}\">\u00a0<\/span><\/p>\n<ul style=\"text-align: justify;\">\n<li><span data-contrast=\"auto\"> Ante el<\/span><span data-contrast=\"auto\">art.<\/span><span data-contrast=\"auto\">34.8\u00a0<\/span><span data-contrast=\"auto\">ET,<\/span><span data-contrast=\"auto\">\u00a0que facilita el teletrabajo para la conciliaci\u00f3n de la vida laboral y familiar sin necesidad de solicitar reducci\u00f3n de jornada<\/span><span data-contrast=\"auto\">,<\/span><span data-contrast=\"auto\">\u00a0la respuesta tiene que ser la anticipaci\u00f3n y\/o\u00a0<\/span><span data-contrast=\"auto\">el\u00a0<\/span><span data-contrast=\"auto\">establecimiento<\/span><span data-contrast=\"auto\">, por un lado,<\/span><span data-contrast=\"auto\">\u00a0de criterios organizativos y de impulso de la corresponsabilidad en la aplicaci\u00f3n del\u00a0<\/span><span data-contrast=\"auto\">mencionado precepto,<\/span><span data-contrast=\"auto\">\u00a0y<\/span><span data-contrast=\"auto\">, por otro lado,<\/span><span data-contrast=\"auto\">\u00a0de<\/span><span data-contrast=\"auto\">\u00a0la<\/span><span data-contrast=\"auto\">\u00a0flexibilidad horaria<\/span><span data-contrast=\"auto\">.<\/span><span data-ccp-props=\"{&quot;335551550&quot;:6,&quot;335551620&quot;:6,&quot;335559739&quot;:200}\">\u00a0<\/span><\/li>\n<li><span data-contrast=\"auto\"> Ofrecimiento del teletrabajo de<\/span><span data-contrast=\"auto\">forma paritaria a hombres y mujeres<\/span><span data-contrast=\"auto\">.<\/span><\/li>\n<li><span data-contrast=\"auto\"> Extensi\u00f3n del teletrabajo a supuestos no vinculados a la conciliaci\u00f3n<\/span><span data-contrast=\"auto\">.<\/span><\/li>\n<li><span data-contrast=\"auto\"> Plan\u00a0<\/span><span data-contrast=\"auto\">de\u00a0<\/span><span data-contrast=\"auto\">Igualdad como inversi\u00f3n: compromiso y productividad<\/span><span data-contrast=\"auto\">.<\/span><span data-ccp-props=\"{&quot;335551550&quot;:6,&quot;335551620&quot;:6,&quot;335559739&quot;:200}\">\u00a0<\/span><\/li>\n<\/ul>\n<p style=\"text-align: justify;\"><span class=\"EOP SCXW23849605 BCX0\" data-ccp-props=\"{&quot;335551550&quot;:6,&quot;335551620&quot;:6,&quot;335559731&quot;:357}\"><span class=\"TextRun SCXW255668630 BCX0\" lang=\"ES-ES\" xml:lang=\"ES-ES\" data-contrast=\"auto\"><span class=\"NormalTextRun SCXW255668630 BCX0\">En definitiva, me permito la licencia, buscando la complicidad con la ic\u00f3nica\u00a0<\/span><\/span><span class=\"TextRun SCXW255668630 BCX0\" lang=\"ES-ES\" xml:lang=\"ES-ES\" data-contrast=\"auto\"><span class=\"NormalTextRun SCXW255668630 BCX0\">m<\/span><\/span><span class=\"TextRun SCXW255668630 BCX0\" lang=\"ES-ES\" xml:lang=\"ES-ES\" data-contrast=\"auto\"><span class=\"NormalTextRun SCXW255668630 BCX0\">agistrada de los EE.UU. Ruth\u00a0<\/span><\/span><span class=\"TextRun SCXW255668630 BCX0\" lang=\"ES-ES\" xml:lang=\"ES-ES\" data-contrast=\"auto\"><span class=\"NormalTextRun SCXW255668630 BCX0\">Bader<\/span><\/span><span class=\"TextRun SCXW255668630 BCX0\" lang=\"ES-ES\" xml:lang=\"ES-ES\" data-contrast=\"auto\"><span class=\"NormalTextRun SCXW255668630 BCX0\">\u00a0<\/span><\/span><span class=\"TextRun SCXW255668630 BCX0\" lang=\"ES-ES\" xml:lang=\"ES-ES\" data-contrast=\"auto\"><span class=\"NormalTextRun SCXW255668630 BCX0\">Ginsburg<\/span><\/span><span class=\"TextRun SCXW255668630 BCX0\" lang=\"ES-ES\" xml:lang=\"ES-ES\" data-contrast=\"auto\"><span class=\"NormalTextRun SCXW255668630 BCX0\">,\u00a0<\/span><\/span><span class=\"TextRun SCXW255668630 BCX0\" lang=\"ES-ES\" xml:lang=\"ES-ES\" data-contrast=\"auto\"><span class=\"NormalTextRun SCXW255668630 BCX0\">de afirmar que el teletrabajo es<\/span><\/span><span class=\"TextRun SCXW255668630 BCX0\" lang=\"ES-ES\" xml:lang=\"ES-ES\" data-contrast=\"auto\"><span class=\"NormalTextRun SCXW255668630 BCX0\">\u00a0mucho m\u00e1s que una cuesti\u00f3n de g\u00e9nero.<\/span><\/span><span class=\"EOP SCXW255668630 BCX0\" data-ccp-props=\"{&quot;335551550&quot;:6,&quot;335551620&quot;:6,&quot;335559739&quot;:200}\">\u00a0<\/span> <\/span><\/p>\n","protected":false},"excerpt":{"rendered":"<p>Ahora hace un a\u00f1o, antes de que todos\u00a0traslad\u00e1ramos\u00a0nuestras oficinas\u00a0a nuestros hogares, el teletrabajo era una quimera que no estaba al alcance de todo el mundo. \u00c9ramos unas pocas las que peregrin\u00e1bamos\u00a0en el\u00a0desierto explicando\u00a0sus\u00a0bondades, y nos costaba mucho tener la oportunidad de llevarlo del plano te\u00f3rico al real en\u00a0el mundo\u00a0de las pymes.\u00a0 El orden l\u00f3gico de las cosas era:\u00a0primero la digitalizaci\u00f3n y, ya despu\u00e9s, llegar\u00eda el teletrabajo, de forma progresiva, porque pensar que el reinado del\u00a0presencialismo\u00a0pod\u00eda dejar\u00a0paso\u00a0a otras formas de trabajo produc\u00eda un absoluto rechazo.\u00a0 La COVID-19 nos ha obligado a\u00a0dar\u00a0un salto de 10 a\u00f1os, de forma tan abrupta que incluso<\/p>\n","protected":false},"author":93,"featured_media":25070,"comment_status":"open","ping_status":"closed","sticky":false,"template":"","format":"standard","meta":[],"categories":[332],"tags":[722,765,663],"_links":{"self":[{"href":"https:\/\/www.pimealdia.org\/es\/wp-json\/wp\/v2\/posts\/25068"}],"collection":[{"href":"https:\/\/www.pimealdia.org\/es\/wp-json\/wp\/v2\/posts"}],"about":[{"href":"https:\/\/www.pimealdia.org\/es\/wp-json\/wp\/v2\/types\/post"}],"author":[{"embeddable":true,"href":"https:\/\/www.pimealdia.org\/es\/wp-json\/wp\/v2\/users\/93"}],"replies":[{"embeddable":true,"href":"https:\/\/www.pimealdia.org\/es\/wp-json\/wp\/v2\/comments?post=25068"}],"version-history":[{"count":6,"href":"https:\/\/www.pimealdia.org\/es\/wp-json\/wp\/v2\/posts\/25068\/revisions"}],"predecessor-version":[{"id":25199,"href":"https:\/\/www.pimealdia.org\/es\/wp-json\/wp\/v2\/posts\/25068\/revisions\/25199"}],"wp:featuredmedia":[{"embeddable":true,"href":"https:\/\/www.pimealdia.org\/es\/wp-json\/wp\/v2\/media\/25070"}],"wp:attachment":[{"href":"https:\/\/www.pimealdia.org\/es\/wp-json\/wp\/v2\/media?parent=25068"}],"wp:term":[{"taxonomy":"category","embeddable":true,"href":"https:\/\/www.pimealdia.org\/es\/wp-json\/wp\/v2\/categories?post=25068"},{"taxonomy":"post_tag","embeddable":true,"href":"https:\/\/www.pimealdia.org\/es\/wp-json\/wp\/v2\/tags?post=25068"}],"curies":[{"name":"wp","href":"https:\/\/api.w.org\/{rel}","templated":true}]}}