{"id":25087,"date":"2021-03-04T14:41:57","date_gmt":"2021-03-04T12:41:57","guid":{"rendered":"https:\/\/www.pimealdia.org\/?p=25087\/"},"modified":"2021-03-05T10:14:24","modified_gmt":"2021-03-05T08:14:24","slug":"recuerdos-y-realidad","status":"publish","type":"post","link":"https:\/\/www.pimealdia.org\/es\/recuerdos-y-realidad\/","title":{"rendered":"Recuerdos y realidad"},"content":{"rendered":"<p style=\"text-align: justify;\">Mi nombre es Jenny Alayo Casta\u00f1eda, peruana de nacimiento. Llegu\u00e9 a Barcelona hace m\u00e1s de 20 a\u00f1os, y vine con el sue\u00f1o de ejercer mi carrera aqu\u00ed, pero mi<strong>\u00a0realidad <\/strong>fue otra: tuve que luchar incesantemente para traer a mi hija conmigo, trabajando sin parar; aprend\u00ed el catal\u00e1n, a\u00fan recuerdo con cari\u00f1o a mis compa\u00f1eros, la mayor\u00eda de aqu\u00ed, de Barcelona, que no hablaban el idioma o les daba verg\u00fcenza practicarlo por culpa de la represi\u00f3n del pasado. Yo s\u00ed me atrev\u00eda, y les dec\u00eda: si no os enfrent\u00e1is a vuestros miedos, no los superar\u00e9is. No tem\u00e1is las cr\u00edticas, <strong>temed la pasividad ante la injusticia; eso s\u00ed es vergonzoso.<\/strong><\/p>\n<p style=\"text-align: justify;\">Me fui formando con una filosof\u00eda de<strong>\u00a0luchar<\/strong> por mis derechos, sabiendo que es el mejor legado para mis hijas. Entr\u00e9 en el sector del taxi, hace m\u00e1s de 7 a\u00f1os, un sector mayoritariamente masculino, que me enriquece d\u00eda a d\u00eda y que me fortalece, lo que me permiti\u00f3 desde el primer d\u00eda combinar mi responsabilidad de madre con mi desempe\u00f1o laboral.<\/p>\n<p style=\"text-align: justify;\">Desde el pasado 28 de enero, he asumido la presidencia de la Agrupaci\u00f3n Taxi Companys (ATC), un gran reto como profesional y mujer. Continuar\u00e9 trabajando con tes\u00f3n, en equipo y, sobre todo, fomentando la uni\u00f3n en el sector; todos somos necesarios, cuantos m\u00e1s, mejor.<\/p>\n<p style=\"text-align: justify;\">La realidad actual originada por la COVID-19 nos hace reinventar y planificar nuevas rutas de trabajo, desde una movilidad urbana con aumento de paradas en hospitales, cl\u00ednicas, centros de salud para gente mayor, de plazas de paradas ya existentes, as\u00ed como estar regulados en un 60% de lunes a viernes y en un 25% los fines de semana.<\/p>\n<p style=\"text-align: justify;\">Desde la agrupaci\u00f3n que presido, la junta, el consejo y todos los socios y colaboradores como PakTaxi, Anget y TLU, seguimos pidiendo a los gobiernos central, auton\u00f3mico y local que velen por el cumplimiento de la LEY 1\/30; por el levantamiento de esa cautelar impuesta desde el TSJC a la licencia municipal, por el cumplimiento de la regulaci\u00f3n en las VTC que se saltan la precontrataci\u00f3n de los 15 minutos; que cuenten con nosotros para el Plan de Movilidad Urbana, entre otros. No podemos permitir que la ilegalidad y el incumplimiento de las leyes se conviertan en algo normal. El\u00a0taxi es un\u00a0<strong>servicio p\u00fablico de inter\u00e9s general y esencial<\/strong>,\u00a0 as\u00ed lo estableci\u00f3 el Tribunal Supremo en el 2018.<\/p>\n<p style=\"text-align: justify;\">Seguiremos velando por nuestros derechos y por el derecho de los ciudadanos a tener una movilidad segura y regulada, con precios justos, y continuaremos trabajando para ser el <strong>mejor taxi de Europa.\u00a0<\/strong><\/p>\n","protected":false},"excerpt":{"rendered":"<p>Mi nombre es Jenny Alayo Casta\u00f1eda, peruana de nacimiento. Llegu\u00e9 a Barcelona hace m\u00e1s de 20 a\u00f1os, y vine con el sue\u00f1o de ejercer mi carrera aqu\u00ed, pero mi\u00a0realidad fue otra: tuve que luchar incesantemente para traer a mi hija conmigo, trabajando sin parar; aprend\u00ed el catal\u00e1n, a\u00fan recuerdo con cari\u00f1o a mis compa\u00f1eros, la mayor\u00eda de aqu\u00ed, de Barcelona, que no hablaban el idioma o les daba verg\u00fcenza practicarlo por culpa de la represi\u00f3n del pasado. Yo s\u00ed me atrev\u00eda, y les dec\u00eda: si no os enfrent\u00e1is a vuestros miedos, no los superar\u00e9is. No tem\u00e1is las cr\u00edticas, temed la<\/p>\n","protected":false},"author":157,"featured_media":25083,"comment_status":"open","ping_status":"closed","sticky":false,"template":"","format":"standard","meta":[],"categories":[330,338,770],"tags":[722,765,780],"_links":{"self":[{"href":"https:\/\/www.pimealdia.org\/es\/wp-json\/wp\/v2\/posts\/25087"}],"collection":[{"href":"https:\/\/www.pimealdia.org\/es\/wp-json\/wp\/v2\/posts"}],"about":[{"href":"https:\/\/www.pimealdia.org\/es\/wp-json\/wp\/v2\/types\/post"}],"author":[{"embeddable":true,"href":"https:\/\/www.pimealdia.org\/es\/wp-json\/wp\/v2\/users\/157"}],"replies":[{"embeddable":true,"href":"https:\/\/www.pimealdia.org\/es\/wp-json\/wp\/v2\/comments?post=25087"}],"version-history":[{"count":2,"href":"https:\/\/www.pimealdia.org\/es\/wp-json\/wp\/v2\/posts\/25087\/revisions"}],"predecessor-version":[{"id":25090,"href":"https:\/\/www.pimealdia.org\/es\/wp-json\/wp\/v2\/posts\/25087\/revisions\/25090"}],"wp:featuredmedia":[{"embeddable":true,"href":"https:\/\/www.pimealdia.org\/es\/wp-json\/wp\/v2\/media\/25083"}],"wp:attachment":[{"href":"https:\/\/www.pimealdia.org\/es\/wp-json\/wp\/v2\/media?parent=25087"}],"wp:term":[{"taxonomy":"category","embeddable":true,"href":"https:\/\/www.pimealdia.org\/es\/wp-json\/wp\/v2\/categories?post=25087"},{"taxonomy":"post_tag","embeddable":true,"href":"https:\/\/www.pimealdia.org\/es\/wp-json\/wp\/v2\/tags?post=25087"}],"curies":[{"name":"wp","href":"https:\/\/api.w.org\/{rel}","templated":true}]}}