{"id":25307,"date":"2021-03-16T14:50:38","date_gmt":"2021-03-16T12:50:38","guid":{"rendered":"https:\/\/www.pimealdia.org\/?p=25307\/"},"modified":"2021-03-17T10:47:47","modified_gmt":"2021-03-17T08:47:47","slug":"granja-educacion-emocional-traves-transformacion-digital-raiz-covid-19","status":"publish","type":"post","link":"https:\/\/www.pimealdia.org\/es\/granja-educacion-emocional-traves-transformacion-digital-raiz-covid-19\/","title":{"rendered":"La Granja, la educaci\u00f3n emocional a trav\u00e9s de la transformaci\u00f3n digital a ra\u00edz de la COVID-19"},"content":{"rendered":"<p style=\"text-align: justify;\"><strong>Un ejemplo de empresa que se ha visto abocada a buscar una nueva oportunidad, gracias a su resiliencia ante la adversidad generada por la COVID-19. <\/strong><\/p>\n<p style=\"text-align: justify;\">La COVID-19 ha afectado de pleno a la salud y el bienestar emocional de la sociedad y, aunque pueda parecer extra\u00f1o, la transformaci\u00f3n digital de las empresas en \u00e9poca de pandemia ha permitido, a muchos profesionales de este sector, continuar desarrollando su trabajo, tan esencial en estos tiempos convulsos que vivimos. La Fundaci\u00f3n PIMEC sigue ofreciendo ejemplos de empresariado resiliente e inspirador, que ha sabido adaptarse a estas nuevas necesidades y ya las ha incorporado en su d\u00eda a d\u00eda.<\/p>\n<p style=\"text-align: justify;\">En esta entrega os presentamos <a href=\"https:\/\/barcelona.lagranja.top\/\" target=\"_blank\" rel=\"noopener noreferrer\">La Granja<\/a>, empresa ubicada en Santa Maria de Palautordera y alineada con la Agenda 2030 y los Objetivos de Desarrollo Sostenible de Salud y bienestar (ODS 3) y Educaci\u00f3n de calidad (ODS 4).<\/p>\n<p style=\"text-align: justify;\"><strong>La Granja <\/strong><\/p>\n<p style=\"text-align: justify;\"><a href=\"https:\/\/barcelona.lagranja.top\/\" target=\"_blank\" rel=\"noopener noreferrer\">La Granja<\/a> es un centro de educaci\u00f3n emocional situado en pleno Montseny, donde ni\u00f1os, j\u00f3venes y adultos trabajan las competencias emocionales. La pandemia pone a prueba la empresa a todos los niveles, no tan solo econ\u00f3mico, sino tambi\u00e9n a nivel de las relaciones personales entre el equipo, que siente rabia, frustraci\u00f3n, tristeza\u2026 Pero la resiliencia ha jugado un papel importante y ha provocado un cambio de actitud en todos ellos, lo que los lleva a ser proactivos, a buscar oportunidades y a dar apoyo y herramientas de educaci\u00f3n emocional a la sociedad, principalmente v\u00eda digital. A trav\u00e9s de la <strong>digitalizaci\u00f3n<\/strong> encuentran nuevas oportunidades como la creaci\u00f3n de un consultorio emocional en l\u00ednea para ense\u00f1ar a los padres c\u00f3mo relacionarse con los hijos en pleno confinamiento, la elaboraci\u00f3n de un cuento sobre el virus, la organizaci\u00f3n de sesiones terap\u00e9uticas para adolescentes v\u00eda zoom, o incluso dando herramientas de educaci\u00f3n emocional a escuelas de Argentina y M\u00e9xico.<\/p>\n<p style=\"text-align: justify;\">\u00a1Para ellos ha sido comenzar de nuevo, una oportunidad para reflexionar y decidir qu\u00e9 quieren hacer!<\/p>\n<p><iframe loading=\"lazy\" title=\"La Granja, l\u2019educaci\u00f3 emocional a trav\u00e9s de la transformaci\u00f3 digital arran de la COVID-19\" width=\"1170\" height=\"658\" src=\"https:\/\/www.youtube.com\/embed\/FYdUZCx559U?feature=oembed\" frameborder=\"0\" allow=\"accelerometer; autoplay; clipboard-write; encrypted-media; gyroscope; picture-in-picture\" allowfullscreen><\/iframe><\/p>\n<p style=\"text-align: justify;\">Agradecemos la colaboraci\u00f3n de la agencia de comunicaci\u00f3n <a href=\"https:\/\/www.avelasmedia.com\/\" target=\"_blank\" rel=\"noopener noreferrer\">AvelasMedia<\/a> en este proyecto.<\/p>\n<p style=\"text-align: justify;\">Todos los casos presentados en este art\u00edculo est\u00e1n alineados con la Agenda 2030, y en concreto con los ODS 3 (Bienestar y salud) y 4 (Educaci\u00f3n de calidad).<\/p>\n<p style=\"text-align: justify;\"><img loading=\"lazy\" class=\"aligncenter size-medium wp-image-25316\" src=\"https:\/\/www.pimealdia.org\/wp-content\/uploads\/2021\/03\/odss-300x150.jpg\" alt=\"\" width=\"300\" height=\"150\" srcset=\"https:\/\/www.pimealdia.org\/wp-content\/uploads\/2021\/03\/odss-300x150.jpg 300w, https:\/\/www.pimealdia.org\/wp-content\/uploads\/2021\/03\/odss-1024x510.jpg 1024w, https:\/\/www.pimealdia.org\/wp-content\/uploads\/2021\/03\/odss-1000x499.jpg 1000w, https:\/\/www.pimealdia.org\/wp-content\/uploads\/2021\/03\/odss-800x399.jpg 800w, https:\/\/www.pimealdia.org\/wp-content\/uploads\/2021\/03\/odss-600x299.jpg 600w, https:\/\/www.pimealdia.org\/wp-content\/uploads\/2021\/03\/odss-400x199.jpg 400w\" sizes=\"(max-width: 300px) 100vw, 300px\" \/><\/p>\n","protected":false},"excerpt":{"rendered":"<p>Un ejemplo de empresa que se ha visto abocada a buscar una nueva oportunidad, gracias a su resiliencia ante la adversidad generada por la COVID-19. La COVID-19 ha afectado de pleno a la salud y el bienestar emocional de la sociedad y, aunque pueda parecer extra\u00f1o, la transformaci\u00f3n digital de las empresas en \u00e9poca de pandemia ha permitido, a muchos profesionales de este sector, continuar desarrollando su trabajo, tan esencial en estos tiempos convulsos que vivimos. La Fundaci\u00f3n PIMEC sigue ofreciendo ejemplos de empresariado resiliente e inspirador, que ha sabido adaptarse a estas nuevas necesidades y ya las ha incorporado<\/p>\n","protected":false},"author":140,"featured_media":25312,"comment_status":"open","ping_status":"closed","sticky":false,"template":"","format":"standard","meta":[],"categories":[332,338],"tags":[780,714],"_links":{"self":[{"href":"https:\/\/www.pimealdia.org\/es\/wp-json\/wp\/v2\/posts\/25307"}],"collection":[{"href":"https:\/\/www.pimealdia.org\/es\/wp-json\/wp\/v2\/posts"}],"about":[{"href":"https:\/\/www.pimealdia.org\/es\/wp-json\/wp\/v2\/types\/post"}],"author":[{"embeddable":true,"href":"https:\/\/www.pimealdia.org\/es\/wp-json\/wp\/v2\/users\/140"}],"replies":[{"embeddable":true,"href":"https:\/\/www.pimealdia.org\/es\/wp-json\/wp\/v2\/comments?post=25307"}],"version-history":[{"count":5,"href":"https:\/\/www.pimealdia.org\/es\/wp-json\/wp\/v2\/posts\/25307\/revisions"}],"predecessor-version":[{"id":25326,"href":"https:\/\/www.pimealdia.org\/es\/wp-json\/wp\/v2\/posts\/25307\/revisions\/25326"}],"wp:featuredmedia":[{"embeddable":true,"href":"https:\/\/www.pimealdia.org\/es\/wp-json\/wp\/v2\/media\/25312"}],"wp:attachment":[{"href":"https:\/\/www.pimealdia.org\/es\/wp-json\/wp\/v2\/media?parent=25307"}],"wp:term":[{"taxonomy":"category","embeddable":true,"href":"https:\/\/www.pimealdia.org\/es\/wp-json\/wp\/v2\/categories?post=25307"},{"taxonomy":"post_tag","embeddable":true,"href":"https:\/\/www.pimealdia.org\/es\/wp-json\/wp\/v2\/tags?post=25307"}],"curies":[{"name":"wp","href":"https:\/\/api.w.org\/{rel}","templated":true}]}}