{"id":25397,"date":"2021-03-25T14:53:14","date_gmt":"2021-03-25T12:53:14","guid":{"rendered":"https:\/\/www.pimealdia.org\/?p=25397\/"},"modified":"2021-03-25T16:01:25","modified_gmt":"2021-03-25T14:01:25","slug":"futuro-pais-se-encuentra-sus-raices","status":"publish","type":"post","link":"https:\/\/www.pimealdia.org\/es\/futuro-pais-se-encuentra-sus-raices\/","title":{"rendered":"El futuro del pa\u00eds se encuentra en sus ra\u00edces"},"content":{"rendered":"<p style=\"text-align: justify;\">En momentos como los actuales en que se est\u00e1 pensando en la formaci\u00f3n de un nuevo Gobierno en Catalunya, y a nivel de Estado la deuda est\u00e1 en constante crecimiento, y los sectores econ\u00f3micos se encuentran ante una respuesta insuficiente por parte del propio Estado, es hora de reivindicar si alguien sabe ad\u00f3nde vamos.<\/p>\n<p style=\"text-align: justify;\">Nosotros, desde PIMEC, y muy especialmente desde el sector agroalimentario, pensamos que es hora de volver a las ra\u00edces del desarrollo de todo el pa\u00eds.<\/p>\n<p style=\"text-align: justify;\">Creemos que en el mundo rural encontramos el equilibrio, y este equilibrio nos genera estabilidad, y la estabilidad nos da confianza. Todos estos componentes son necesarios para <strong>afrontar el futuro, un futuro que pasa por ser, antes que nada, solidario, por trabajar con cooperaci\u00f3n y, desde la humildad, afrontar estos nuevos retos postpandemia.<\/strong><\/p>\n<p style=\"text-align: justify;\">No podemos rehuir lo que todos sabemos. Cuando alguien tiene problemas normalmente vuelve a sus or\u00edgenes a buscar las fuerzas para reemprender; la identidad nos da fuerza, la estima a la tierra y su gente nos animan a trabajar y compartir, todo ayuda a superar los problemas que la vida nos va poniendo delante.<\/p>\n<p style=\"text-align: justify;\">El sector agroalimentario es uno de los sectores que ha seguido trabajando para garantizar que la poblaci\u00f3n pueda disponer en todo momento de comida, pero hay subsectores dentro del agroalimentario que han sufrido mucho, a causa precisamente de la COVID-19.<strong> A pesar de todo,<\/strong> <strong>las exportaciones han sido de las m\u00e1s<img loading=\"lazy\" class=\"size-medium wp-image-25394 alignright\" src=\"https:\/\/www.pimealdia.org\/wp-content\/uploads\/2021\/03\/camps-1-300x203.jpg\" alt=\"\" width=\"300\" height=\"203\" srcset=\"https:\/\/www.pimealdia.org\/wp-content\/uploads\/2021\/03\/camps-1-300x203.jpg 300w, https:\/\/www.pimealdia.org\/wp-content\/uploads\/2021\/03\/camps-1-600x406.jpg 600w, https:\/\/www.pimealdia.org\/wp-content\/uploads\/2021\/03\/camps-1-400x271.jpg 400w, https:\/\/www.pimealdia.org\/wp-content\/uploads\/2021\/03\/camps-1.jpg 680w\" sizes=\"(max-width: 300px) 100vw, 300px\" \/> importantes de la historia.\u00a0<\/strong>Toda la poblaci\u00f3n en general contin\u00faa sometida a una presi\u00f3n y a unas medidas y condicionantes, que se han ido asumiendo a pesar de la poca coherencia demostrada por todas las autoridades a la hora de aplicar estas medidas y de darles la l\u00f3gica y el sentido com\u00fan que en muchas ocasiones hemos aportado m\u00e1s la sociedad en su conjunto\u00a0que esas mismas autoridades.<strong>\u00a0<\/strong><\/p>\n<p style=\"text-align: justify;\"><strong>El sector agroalimentario\u00a0necesita que, ahora, la poblaci\u00f3n en general le reconozca su aportaci\u00f3n y solidaridad con un consumo prioritario de los productos de proximidad y con la visita\u00a0al territorio, dando vida al mundo rural y a sus tradiciones.<\/strong><\/p>\n<p style=\"text-align: justify;\">Por parte del nuevo Gobierno y las diferentes administraciones necesitamos que, de una vez por todas, tengan claro que el futuro del pa\u00eds tambi\u00e9n pasa para dialogar con la gente de estos territorios; basta ya de hacer normas y leyes sin este di\u00e1logo, sin el consenso con el territorio, no nos sirven decisiones tomadas desde despachos de Barcelona u otras capitales por parte de una tecnocracia que no trabaja en el territorio, ni lo vive ni lo entiende y que lo ve con una mirada de fin de semana, m\u00e1s que como una realidad econ\u00f3mica y de futuro en todos los \u00e1mbitos econ\u00f3micos.<\/p>\n<p style=\"text-align: justify;\">El territorio provee de energ\u00eda, de renovables, de investigaci\u00f3n del paisaje, de bioeconom\u00eda, entiende y practica la econom\u00eda circular, y promueve m\u00e1s que nadie la sostenibilidad a todos los niveles. Es por este motivo que <strong>las nuevas ayudas del NEXT GENERATION de la UE deben tener unos destinatarios seguros: el sector agroalimentario y las PYMES del territorio.<\/strong><\/p>\n","protected":false},"excerpt":{"rendered":"<p>En momentos como los actuales en que se est\u00e1 pensando en la formaci\u00f3n de un nuevo Gobierno en Catalunya, y a nivel de Estado la deuda est\u00e1 en constante crecimiento, y los sectores econ\u00f3micos se encuentran ante una respuesta insuficiente por parte del propio Estado, es hora de reivindicar si alguien sabe ad\u00f3nde vamos. Nosotros, desde PIMEC, y muy especialmente desde el sector agroalimentario, pensamos que es hora de volver a las ra\u00edces del desarrollo de todo el pa\u00eds. Creemos que en el mundo rural encontramos el equilibrio, y este equilibrio nos genera estabilidad, y la estabilidad nos da confianza.<\/p>\n","protected":false},"author":91,"featured_media":25390,"comment_status":"open","ping_status":"closed","sticky":false,"template":"","format":"standard","meta":[],"categories":[330,770],"tags":[713,780],"_links":{"self":[{"href":"https:\/\/www.pimealdia.org\/es\/wp-json\/wp\/v2\/posts\/25397"}],"collection":[{"href":"https:\/\/www.pimealdia.org\/es\/wp-json\/wp\/v2\/posts"}],"about":[{"href":"https:\/\/www.pimealdia.org\/es\/wp-json\/wp\/v2\/types\/post"}],"author":[{"embeddable":true,"href":"https:\/\/www.pimealdia.org\/es\/wp-json\/wp\/v2\/users\/91"}],"replies":[{"embeddable":true,"href":"https:\/\/www.pimealdia.org\/es\/wp-json\/wp\/v2\/comments?post=25397"}],"version-history":[{"count":5,"href":"https:\/\/www.pimealdia.org\/es\/wp-json\/wp\/v2\/posts\/25397\/revisions"}],"predecessor-version":[{"id":25407,"href":"https:\/\/www.pimealdia.org\/es\/wp-json\/wp\/v2\/posts\/25397\/revisions\/25407"}],"wp:featuredmedia":[{"embeddable":true,"href":"https:\/\/www.pimealdia.org\/es\/wp-json\/wp\/v2\/media\/25390"}],"wp:attachment":[{"href":"https:\/\/www.pimealdia.org\/es\/wp-json\/wp\/v2\/media?parent=25397"}],"wp:term":[{"taxonomy":"category","embeddable":true,"href":"https:\/\/www.pimealdia.org\/es\/wp-json\/wp\/v2\/categories?post=25397"},{"taxonomy":"post_tag","embeddable":true,"href":"https:\/\/www.pimealdia.org\/es\/wp-json\/wp\/v2\/tags?post=25397"}],"curies":[{"name":"wp","href":"https:\/\/api.w.org\/{rel}","templated":true}]}}