{"id":25486,"date":"2021-03-31T09:24:15","date_gmt":"2021-03-31T07:24:15","guid":{"rendered":"https:\/\/www.pimealdia.org\/?p=25417\/"},"modified":"2021-05-11T16:15:36","modified_gmt":"2021-05-11T14:15:36","slug":"teletrabajo-sin-corresponsabilidad-no","status":"publish","type":"post","link":"https:\/\/www.pimealdia.org\/es\/teletrabajo-sin-corresponsabilidad-no\/","title":{"rendered":"Teletrabajo: sin corresponsabilidad, \u00a1no!"},"content":{"rendered":"<p style=\"text-align: justify;\"><em><span class=\"TextRun SCXW212589195 BCX0\" lang=\"ES-ES\" xml:lang=\"ES-ES\" data-contrast=\"auto\"><span class=\"NormalTextRun SCXW212589195 BCX0\">Desde que la Covid-19 ha generalizado el trabajo a distancia, numerosos estudios han evidenciado que, lejos de ser un motor de conciliaci\u00f3n, el teletrabajo puede ser una trampa peligrosa para las mujeres que se ven obligadas a trabajar y\u00a0<\/span><\/span><span class=\"TextRun SCXW212589195 BCX0\" lang=\"ES-ES\" xml:lang=\"ES-ES\" data-contrast=\"auto\"><span class=\"NormalTextRun SCXW212589195 BCX0\">a cuidar\u00a0<\/span><\/span><span class=\"TextRun SCXW212589195 BCX0\" lang=\"ES-ES\" xml:lang=\"ES-ES\" data-contrast=\"auto\"><span class=\"NormalTextRun SCXW212589195 BCX0\">de los hijos a tiempo completo.<\/span><\/span><span class=\"EOP SCXW212589195 BCX0\" data-ccp-props=\"{&quot;201341983&quot;:0,&quot;335551550&quot;:6,&quot;335551620&quot;:6,&quot;335559739&quot;:160,&quot;335559740&quot;:259}\">\u00a0<\/span><\/em><\/p>\n<p style=\"text-align: justify;\"><span data-contrast=\"auto\">Antes de que la llegada de la pandemia cambiara nuestras vidas \u2013tanto familiar como profesionalmente\u2013, el teletrabajo era reivindicado como una oportunidad de conciliar ambas vertientes personales a pesar de que, ciertamente, no estaba muy extendido.<\/span><span data-ccp-props=\"{&quot;201341983&quot;:0,&quot;335551550&quot;:6,&quot;335551620&quot;:6,&quot;335559739&quot;:160,&quot;335559740&quot;:259}\">\u00a0<\/span><\/p>\n<p style=\"text-align: justify;\"><span data-contrast=\"auto\">Desde hace<\/span><span data-contrast=\"auto\">\u00a0ya<\/span><span data-contrast=\"auto\">\u00a0mucho tiempo<\/span><span data-contrast=\"auto\">,<\/span><span data-contrast=\"auto\">\u00a0la digitalizaci\u00f3n de las empresas era una realidad que permit\u00eda trabajar de forma remota;\u00a0<\/span><span data-contrast=\"auto\">sin embargo<\/span><span data-contrast=\"auto\">, ha hecho falta\u00a0<\/span><span data-contrast=\"auto\">el mazazo<\/span><span data-contrast=\"auto\">\u00a0de una pandemia mortal p<\/span><span data-contrast=\"auto\">ara que<\/span><span data-contrast=\"auto\">\u00a0los responsables de equipos claudicaran y probaran los beneficios del teletrabajo.<\/span><span data-ccp-props=\"{&quot;201341983&quot;:0,&quot;335551550&quot;:6,&quot;335551620&quot;:6,&quot;335559739&quot;:160,&quot;335559740&quot;:259}\">\u00a0<\/span><\/p>\n<p style=\"text-align: justify;\"><span data-contrast=\"auto\">Ya podemos afirmar que esta ser\u00e1 una de las pocas aportaciones positivas de la Covid-19 en nuestras vidas profesionales. Las empresas han podido comprobar que, en contra de<\/span><span data-contrast=\"auto\">\u00a0lo<\/span><span data-contrast=\"auto\">\u00a0que tem\u00edan, <strong>la digitalizaci\u00f3n hace posible un control m\u00e1s exhaustivo del trabajo,<\/strong> porque permite acceder en tiempo real a todos los datos e indicadores de actividad de las empresas, sin ning\u00fan filtro ni interpretaci\u00f3n.<\/span><span data-ccp-props=\"{&quot;201341983&quot;:0,&quot;335551550&quot;:6,&quot;335551620&quot;:6,&quot;335559739&quot;:160,&quot;335559740&quot;:259}\">\u00a0<\/span><\/p>\n<p style=\"text-align: justify;\"><span data-contrast=\"auto\">As\u00ed pues, estamos ante un cambio estructural imparable que, sobre el papel, tendr\u00eda que ser\u00a0<\/span><span data-contrast=\"auto\">un\u00a0<\/span><span data-contrast=\"auto\">aliado de la conciliaci\u00f3n profesional y personal de todos los trabajadores y trabajadoras.<\/span><span data-ccp-props=\"{&quot;201341983&quot;:0,&quot;335551550&quot;:6,&quot;335551620&quot;:6,&quot;335559739&quot;:160,&quot;335559740&quot;:259}\">\u00a0<\/span><\/p>\n<p style=\"text-align: justify;\"><span data-contrast=\"auto\">Pero hay que\u00a0<\/span><span data-contrast=\"auto\">ir con\u00a0<\/span><span data-contrast=\"auto\">cuidado de que esta oportunidad no se convierta en una trampa para las mujeres trabajadoras. <strong>Voces tan autorizadas como el FMI o la\u00a0<\/strong><\/span><strong>propia\u00a0Encuesta de Poblaci\u00f3n Activa de Espa\u00f1a alertan\u00a0de\u00a0<\/strong><span data-contrast=\"auto\"><strong>que hay m\u00e1s mujeres que hombres teletrabajando<\/strong>. Por otro lado, una encuesta realizada por la asociaci\u00f3n \u201cYo no renuncio\u201d indica que en el 36% de los casos es la pareja quien sale a trabajar fuera de casa, mientras que solo en un 16% son ellas quien<\/span><span data-contrast=\"auto\">es<\/span><span data-contrast=\"auto\">\u00a0lo hacen. Seg\u00fan datos de la misma encuesta, 8 de cada 10 mujeres aseguran que tienen dificultades para teletrabajar\u00a0<\/span><span data-contrast=\"auto\">debido<\/span><span data-contrast=\"auto\">, en el 97% de los casos,\u00a0<\/span><span data-contrast=\"auto\">a<\/span><span data-contrast=\"auto\">\u00a0las interrupciones de los hijos.<\/span><span data-ccp-props=\"{&quot;201341983&quot;:0,&quot;335551550&quot;:6,&quot;335551620&quot;:6,&quot;335559739&quot;:160,&quot;335559740&quot;:259}\">\u00a0<\/span><\/p>\n<p style=\"text-align: justify;\"><span data-contrast=\"auto\">Ante estos datos, \u00bfpodemos afirmar que se est\u00e1 avanzando en t\u00e9rminos de conciliaci\u00f3n? Quiz\u00e1s s\u00ed, pero \u00bflo estamos haciendo a expensas de la corresponsabilidad?<\/span><span data-ccp-props=\"{&quot;201341983&quot;:0,&quot;335551550&quot;:6,&quot;335551620&quot;:6,&quot;335559739&quot;:160,&quot;335559740&quot;:259}\">\u00a0<\/span><\/p>\n<p style=\"text-align: justify;\"><span data-contrast=\"auto\">Es evidente que las mujeres son las que m\u00e1s teletrabajan y que son ellas quienes\u00a0<\/span><span data-contrast=\"auto\">est\u00e1n m\u00e1s al cuidado<\/span><span data-contrast=\"auto\">\u00a0del hogar y de los hijos; por lo tanto,<strong> la corresponsabilidad hombre-mujer en el \u00e1mbito dom\u00e9stico se ha visto ninguneada<\/strong>. La flexibilidad horaria juega en contra de las trabajadoras que se quedan en casa, porque acaban dedicando todas las horas de la jornada a trabajar y cuidar los hijos, sin descanso.<\/span><span data-ccp-props=\"{&quot;201341983&quot;:0,&quot;335551550&quot;:6,&quot;335551620&quot;:6,&quot;335559739&quot;:160,&quot;335559740&quot;:259}\">\u00a0<\/span><\/p>\n<p style=\"text-align: justify;\"><span data-contrast=\"auto\">Adem\u00e1s, no podemos olvidar que cuando las mujeres est\u00e1n teletrabajando, tienen menos presencia en los foros profesionales y esta\u00a0<\/span><span data-contrast=\"auto\">falta<\/span><span data-contrast=\"auto\">\u00a0de visibilidad no les permite ejercer influencia.<\/span><span data-ccp-props=\"{&quot;201341983&quot;:0,&quot;335551550&quot;:6,&quot;335551620&quot;:6,&quot;335559739&quot;:160,&quot;335559740&quot;:259}\">\u00a0<\/span><\/p>\n<p style=\"text-align: justify;\"><span data-contrast=\"auto\">Por todo ello, <strong>hay que dotar el teletrabajo de una perspectiva de g\u00e9nero, tanto desde el punto de vista legislativo como en cuanto a su implementaci\u00f3n.<\/strong> As\u00ed se concluy\u00f3 en el <a href=\"https:\/\/www.pimealdia.org\/es\/nuevos-retos-futuro-para-asesor-igualdad-oportunidades\/\" target=\"_blank\" rel=\"noopener noreferrer\">II Congreso Mujer y Empresa de PIMEC<\/a>, celebrado el pasado mes de noviembre.<\/span><span data-ccp-props=\"{&quot;201341983&quot;:0,&quot;335551550&quot;:6,&quot;335551620&quot;:6,&quot;335559739&quot;:160,&quot;335559740&quot;:259}\">\u00a0<\/span><\/p>\n<p style=\"text-align: justify;\"><span data-contrast=\"auto\">Es necesario equilibrar la situaci\u00f3n fomentando la presencialidad de las mujeres en su<\/span><span data-contrast=\"auto\">\u00a0puesto\u00a0<\/span><span data-contrast=\"auto\">de trabajo y, al mismo tiempo, promoviendo el teletrabajo de los hombres. Estas son las principales medidas propuestas en el Congreso:<\/span><span data-ccp-props=\"{&quot;201341983&quot;:0,&quot;335551550&quot;:6,&quot;335551620&quot;:6,&quot;335559739&quot;:160,&quot;335559740&quot;:259}\">\u00a0<\/span><\/p>\n<ul style=\"text-align: justify;\">\n<li><span data-contrast=\"auto\"> Establecer medidas de seguimiento (no de fiscalizaci\u00f3n ni penalizaci\u00f3n) que permitan controlar la implementaci\u00f3n de un teletrabajo adecuado, generando los KPI de control, seguimiento y evaluaci\u00f3<\/span><span data-contrast=\"auto\">n<\/span><span data-contrast=\"auto\">.<\/span><\/li>\n<li><span data-contrast=\"auto\"> Apoyo econ\u00f3mico y fiscal a las pymes de forma que puedan implementar el teletrabajo adecuadamente.<\/span><\/li>\n<li><span data-contrast=\"auto\"> Realizar campa\u00f1as de sensibilizaci\u00f3n para una implementaci\u00f3n del teletrabajo con perspectiva de g\u00e9nero.<\/span><\/li>\n<\/ul>\n<p style=\"text-align: justify;\"><span data-contrast=\"auto\">El teletrabajo tiene que ser una opci\u00f3n que las personas puedan elegir y se\u00a0<\/span><span data-contrast=\"auto\">debe<\/span><span data-contrast=\"auto\">\u00a0poder ejercer sin que esto suponga la asunci\u00f3n de responsabilidades dom\u00e9sticas por el simple hecho de estar en casa. Las mujeres tienen que procurar proteger los\u00a0<\/span><span data-contrast=\"auto\">logros conseguidos<\/span><span data-contrast=\"auto\">\u00a0en t\u00e9rminos de corresponsabilidad en los \u00faltimos a\u00f1os y ser muy conscientes de que trabajar en casa mientras se prepara la cena o se ponen lavadoras puede suponer un gran paso atr\u00e1s<\/span><span data-contrast=\"auto\">.<\/span><span data-ccp-props=\"{&quot;201341983&quot;:0,&quot;335551550&quot;:6,&quot;335551620&quot;:6,&quot;335559739&quot;:160,&quot;335559740&quot;:259}\">\u00a0<\/span><\/p>\n<p style=\"text-align: justify;\"><span data-contrast=\"auto\">Trabajar en casa, s\u00ed. Asumir la responsabilidad dom\u00e9stica de forma no paritaria, no.<\/span><span data-ccp-props=\"{&quot;201341983&quot;:0,&quot;335551550&quot;:6,&quot;335551620&quot;:6,&quot;335559739&quot;:160,&quot;335559740&quot;:259}\">\u00a0<\/span><\/p>\n<p style=\"text-align: right;\"><span style=\"color: #000080;\"><strong>Noelia\u00a0Hurtado\u00a0<\/strong><br \/>\nVicepresidenta de la Comisi\u00f3n Ejecutiva de PIMEC Vall\u00e8s Occidental<br \/>\nPresidenta de PIMEC Mujer y Empresa del Vall\u00e8s\u00a0<\/span><\/p>\n","protected":false},"excerpt":{"rendered":"<p>Desde que la Covid-19 ha generalizado el trabajo a distancia, numerosos estudios han evidenciado que, lejos de ser un motor de conciliaci\u00f3n, el teletrabajo puede ser una trampa peligrosa para las mujeres que se ven obligadas a trabajar y\u00a0a cuidar\u00a0de los hijos a tiempo completo.\u00a0 Antes de que la llegada de la pandemia cambiara nuestras vidas \u2013tanto familiar como profesionalmente\u2013, el teletrabajo era reivindicado como una oportunidad de conciliar ambas vertientes personales a pesar de que, ciertamente, no estaba muy extendido.\u00a0 Desde hace\u00a0ya\u00a0mucho tiempo,\u00a0la digitalizaci\u00f3n de las empresas era una realidad que permit\u00eda trabajar de forma remota;\u00a0sin embargo, ha hecho<\/p>\n","protected":false},"author":155,"featured_media":25492,"comment_status":"open","ping_status":"closed","sticky":false,"template":"","format":"standard","meta":[],"categories":[770],"tags":[],"_links":{"self":[{"href":"https:\/\/www.pimealdia.org\/es\/wp-json\/wp\/v2\/posts\/25486"}],"collection":[{"href":"https:\/\/www.pimealdia.org\/es\/wp-json\/wp\/v2\/posts"}],"about":[{"href":"https:\/\/www.pimealdia.org\/es\/wp-json\/wp\/v2\/types\/post"}],"author":[{"embeddable":true,"href":"https:\/\/www.pimealdia.org\/es\/wp-json\/wp\/v2\/users\/155"}],"replies":[{"embeddable":true,"href":"https:\/\/www.pimealdia.org\/es\/wp-json\/wp\/v2\/comments?post=25486"}],"version-history":[{"count":2,"href":"https:\/\/www.pimealdia.org\/es\/wp-json\/wp\/v2\/posts\/25486\/revisions"}],"predecessor-version":[{"id":25702,"href":"https:\/\/www.pimealdia.org\/es\/wp-json\/wp\/v2\/posts\/25486\/revisions\/25702"}],"wp:featuredmedia":[{"embeddable":true,"href":"https:\/\/www.pimealdia.org\/es\/wp-json\/wp\/v2\/media\/25492"}],"wp:attachment":[{"href":"https:\/\/www.pimealdia.org\/es\/wp-json\/wp\/v2\/media?parent=25486"}],"wp:term":[{"taxonomy":"category","embeddable":true,"href":"https:\/\/www.pimealdia.org\/es\/wp-json\/wp\/v2\/categories?post=25486"},{"taxonomy":"post_tag","embeddable":true,"href":"https:\/\/www.pimealdia.org\/es\/wp-json\/wp\/v2\/tags?post=25486"}],"curies":[{"name":"wp","href":"https:\/\/api.w.org\/{rel}","templated":true}]}}