{"id":25762,"date":"2021-05-17T14:51:52","date_gmt":"2021-05-17T12:51:52","guid":{"rendered":"https:\/\/www.pimealdia.org\/devel\/?p=25762\/"},"modified":"2021-09-14T14:51:32","modified_gmt":"2021-09-14T12:51:32","slug":"la-recuperacion-economica-pasa-por-el-rescate-de-los-autonomos","status":"publish","type":"post","link":"https:\/\/www.pimealdia.org\/es\/la-recuperacion-economica-pasa-por-el-rescate-de-los-autonomos\/","title":{"rendered":"La recuperaci\u00f3n econ\u00f3mica pasa por el RESCATE DE LOS AUT\u00d3NOMOS"},"content":{"rendered":"<p style=\"text-align: justify;\">El colectivo de personas aut\u00f3nomas es uno de los segmentos con m\u00e1s impacto econ\u00f3mico, social y territorial de Catalunya, Espa\u00f1a y Europa. Pero, \u00bfqui\u00e9n forma parte de este colectivo? Su caracter\u00edstica com\u00fan es que cotizan por el r\u00e9gimen especial de trabajadores aut\u00f3nomos (RETA). Adem\u00e1s de la definici\u00f3n formal, otra de sus caracter\u00edsticas es la diversidad, la fragmentaci\u00f3n y la vulnerabilidad.<\/p>\n<p style=\"text-align: justify;\">En Catalunya, a septiembre de 2020 los aut\u00f3nomos supon\u00edan un total de 549.144 personas, de las cuales 327.771 eran personas f\u00edsicas. Su actividad est\u00e1 presente en todo el territorio y en la mayor\u00eda de los sectores, desde el primario hasta los servicios a las personas y empresas, pasando por la construcci\u00f3n, la industria y el comercio. Por eso he titulado as\u00ed este art\u00edculo, porque, como motor de nuestra econom\u00eda, la recuperaci\u00f3n de esta crisis pasa por rescatar y poner en valor este colectivo.<\/p>\n<p style=\"text-align: justify;\">Es un colectivo muy vulnerable a los ciclos econ\u00f3micos, dado que depende directamente de su trabajo y de la facturaci\u00f3n que este comporta, tal y como se ha evidenciado este \u00faltimo a\u00f1o con los efectos de las restricciones.<\/p>\n<p style=\"text-align: justify;\">Seg\u00fan los \u00faltimos datos publicados por la Generalitat, de las personas que han pedido las ayudas para el mantenimiento de su actividad en este \u00faltimo mes de marzo, un 51% manifestaba tener unos ingresos netos anuales (en el 2020) por debajo de los 5.000 euros y un 13,6% se\u00f1alaba que el 2020 hab\u00eda tenido ingresos negativos. Pese a su importancia, pocas veces este colectivo se ha alzado con voz propia, m\u00e1s all\u00e1 de algunas iniciativas sectoriales. Es necesario, pues, que nos identifiquemos como grupo de inter\u00e9s, que pongamos en valor el trabajo que realizamos los y las aut\u00f3nomas de Catalunya.<\/p>\n<blockquote><p><strong>Los retos son muchos e importantes: la reforma del RETA, la fiscalidad, las ayudas, la supervivencia de las empresas y la segunda oportunidad\u2026<\/strong><\/p><\/blockquote>\n<p style=\"text-align: justify;\">Debemos reclamar que las normativas y las medidas gubernamentales se repiensen de acuerdo con nuestra dimensi\u00f3n. Los retos son muchos e importantes: la reforma del RETA, la fiscalidad, las ayudas, la supervivencia de las empresas y la segunda oportunidad, o el tratamiento de los nuevos modelos de negocio que entran en competencia.<\/p>\n<p style=\"text-align: justify;\">Desde Aut\u00f2noms PIMEC escuchamos y somos la voz del colectivo de personas aut\u00f3nomas de Catalunya. Queremos tener voz en la confecci\u00f3n de las normativas, de modo que nos permitan desarrollar nuestra actividad en igualdad de condiciones con el resto de las empresas y el colectivo de los asalariados. Queremos ser parte de las decisiones y de las soluciones. Queremos trabajar para dar respuesta a los retos clave. Desde la diversidad y, a la vez, desde la fuerza que da la unidad.<\/p>\n<p>&nbsp;<\/p>\n<p style=\"text-align: right;\"><strong>Elisabet Bach, presidenta de Aut\u00f3nomos PIMEC<\/strong><\/p>\n","protected":false},"excerpt":{"rendered":"<p>El colectivo de personas aut\u00f3nomas es uno de los segmentos con m\u00e1s impacto econ\u00f3mico, social y territorial de Catalunya, Espa\u00f1a y Europa. Pero, \u00bfqui\u00e9n forma parte de este colectivo? Su caracter\u00edstica com\u00fan es que cotizan por el r\u00e9gimen especial de trabajadores aut\u00f3nomos (RETA). Adem\u00e1s de la definici\u00f3n formal, otra de sus caracter\u00edsticas es la diversidad, la fragmentaci\u00f3n y la vulnerabilidad. En Catalunya, a septiembre de 2020 los aut\u00f3nomos supon\u00edan un total de 549.144 personas, de las cuales 327.771 eran personas f\u00edsicas. Su actividad est\u00e1 presente en todo el territorio y en la mayor\u00eda de los sectores, desde el primario hasta<\/p>\n","protected":false},"author":105,"featured_media":25760,"comment_status":"open","ping_status":"closed","sticky":false,"template":"","format":"standard","meta":[],"categories":[770,342],"tags":[776],"_links":{"self":[{"href":"https:\/\/www.pimealdia.org\/es\/wp-json\/wp\/v2\/posts\/25762"}],"collection":[{"href":"https:\/\/www.pimealdia.org\/es\/wp-json\/wp\/v2\/posts"}],"about":[{"href":"https:\/\/www.pimealdia.org\/es\/wp-json\/wp\/v2\/types\/post"}],"author":[{"embeddable":true,"href":"https:\/\/www.pimealdia.org\/es\/wp-json\/wp\/v2\/users\/105"}],"replies":[{"embeddable":true,"href":"https:\/\/www.pimealdia.org\/es\/wp-json\/wp\/v2\/comments?post=25762"}],"version-history":[{"count":2,"href":"https:\/\/www.pimealdia.org\/es\/wp-json\/wp\/v2\/posts\/25762\/revisions"}],"predecessor-version":[{"id":26016,"href":"https:\/\/www.pimealdia.org\/es\/wp-json\/wp\/v2\/posts\/25762\/revisions\/26016"}],"wp:featuredmedia":[{"embeddable":true,"href":"https:\/\/www.pimealdia.org\/es\/wp-json\/wp\/v2\/media\/25760"}],"wp:attachment":[{"href":"https:\/\/www.pimealdia.org\/es\/wp-json\/wp\/v2\/media?parent=25762"}],"wp:term":[{"taxonomy":"category","embeddable":true,"href":"https:\/\/www.pimealdia.org\/es\/wp-json\/wp\/v2\/categories?post=25762"},{"taxonomy":"post_tag","embeddable":true,"href":"https:\/\/www.pimealdia.org\/es\/wp-json\/wp\/v2\/tags?post=25762"}],"curies":[{"name":"wp","href":"https:\/\/api.w.org\/{rel}","templated":true}]}}