{"id":25962,"date":"2021-08-10T10:04:04","date_gmt":"2021-08-10T08:04:04","guid":{"rendered":"https:\/\/www.pimealdia.org\/?p=25962\/"},"modified":"2021-08-10T10:06:49","modified_gmt":"2021-08-10T08:06:49","slug":"avanzando-hacia-un-modelo-de-formacion-profesional-optimo","status":"publish","type":"post","link":"https:\/\/www.pimealdia.org\/es\/avanzando-hacia-un-modelo-de-formacion-profesional-optimo\/","title":{"rendered":"Avanzando hacia un modelo de Formaci\u00f3n Profesional \u00f3ptimo"},"content":{"rendered":"<p style=\"text-align: justify;\">Los modelos de aprendizaje en el entorno de la empresa como la Formaci\u00f3n Profesional Dual son estrat\u00e9gicos para avanzar en la brecha del talento en Catalu\u00f1a, caracterizada por un desajuste entre la oferta formativa y la demanda del mercado de trabajo y de las empresas.<\/p>\n<p style=\"text-align: justify;\">Aun as\u00ed el impulso de la FP Dual pasa necesariamente por incrementar la participaci\u00f3n de las pymes, que si bien ha ido creciendo desde su implementaci\u00f3n, actualmente todav\u00eda es muy residual: no llega al 20% del total de empresas participantes. Esta baja participaci\u00f3n se explica, entre otros motivos, por el desconocimiento de su funcionamiento o la adaptaci\u00f3n del contrato de formaci\u00f3n y aprendizaje a la dual, teniendo en cuenta los diferentes colectivos, o la falta de recursos de las empresas que, por su dimensi\u00f3n, requieren de mayor apoyo para las funciones que implica la tutor\u00eda de empresa.<\/p>\n<p style=\"text-align: justify;\">Por eso, el Anteproyecto de Ley de la Formaci\u00f3n Profesional tiene que prever los instrumentos y mecanismos de apoyo que permitan el objetivo que pretende que el 100% de la formaci\u00f3n pase a ser en modalidad dual. En este sentido, se tiene que hacer realidad la tutor\u00eda mancomunada, como estructura de apoyo a un grupo de peque\u00f1as empresas, y el reconocimiento del papel formativo de la empresa, a trav\u00e9s de medidas que se tienen que analizar como incentivos y ayudas a la formaci\u00f3n.<\/p>\n<p style=\"text-align: justify;\">Los datos sobre la ocupaci\u00f3n juvenil y el paro en general demuestran su correlaci\u00f3n con nuestro sistema formativo porque existe una relaci\u00f3n directa entre el nivel de calificaci\u00f3n y la inserci\u00f3n en el mercado de trabajo. El anteproyecto es un primer paso para una mejor Formaci\u00f3n Profesional, pero tiene que situar a la empresa en su origen y destino del sistema, atendiendo su dimensi\u00f3n, y poniendo a la persona en el centro, con un modelo de orientaci\u00f3n integrado y adaptado a los diferentes colectivos.<\/p>\n<p style=\"text-align: justify;\">En definitiva, hace falta una Formaci\u00f3n Profesional flexible que se adapte a las demandas reales de las empresas y que d\u00e9 respuesta a la necesidad de los perfiles emergentes, dotando de los recursos necesarios a las pymes, para hacerlas part\u00edcipes de los modelos de aprendizaje dual y para favorecer el desarrollo de las competencias que solo pueden activarse en el entorno del trabajo.<\/p>\n","protected":false},"excerpt":{"rendered":"<p>Los modelos de aprendizaje en el entorno de la empresa como la Formaci\u00f3n Profesional Dual son estrat\u00e9gicos para avanzar en la brecha del talento en Catalu\u00f1a, caracterizada por un desajuste entre la oferta formativa y la demanda del mercado de trabajo y de las empresas. Aun as\u00ed el impulso de la FP Dual pasa necesariamente por incrementar la participaci\u00f3n de las pymes, que si bien ha ido creciendo desde su implementaci\u00f3n, actualmente todav\u00eda es muy residual: no llega al 20% del total de empresas participantes. Esta baja participaci\u00f3n se explica, entre otros motivos, por el desconocimiento de su funcionamiento o<\/p>\n","protected":false},"author":8,"featured_media":6476,"comment_status":"open","ping_status":"closed","sticky":false,"template":"","format":"standard","meta":[],"categories":[342],"tags":[],"_links":{"self":[{"href":"https:\/\/www.pimealdia.org\/es\/wp-json\/wp\/v2\/posts\/25962"}],"collection":[{"href":"https:\/\/www.pimealdia.org\/es\/wp-json\/wp\/v2\/posts"}],"about":[{"href":"https:\/\/www.pimealdia.org\/es\/wp-json\/wp\/v2\/types\/post"}],"author":[{"embeddable":true,"href":"https:\/\/www.pimealdia.org\/es\/wp-json\/wp\/v2\/users\/8"}],"replies":[{"embeddable":true,"href":"https:\/\/www.pimealdia.org\/es\/wp-json\/wp\/v2\/comments?post=25962"}],"version-history":[{"count":1,"href":"https:\/\/www.pimealdia.org\/es\/wp-json\/wp\/v2\/posts\/25962\/revisions"}],"predecessor-version":[{"id":25963,"href":"https:\/\/www.pimealdia.org\/es\/wp-json\/wp\/v2\/posts\/25962\/revisions\/25963"}],"wp:featuredmedia":[{"embeddable":true,"href":"https:\/\/www.pimealdia.org\/es\/wp-json\/wp\/v2\/media\/6476"}],"wp:attachment":[{"href":"https:\/\/www.pimealdia.org\/es\/wp-json\/wp\/v2\/media?parent=25962"}],"wp:term":[{"taxonomy":"category","embeddable":true,"href":"https:\/\/www.pimealdia.org\/es\/wp-json\/wp\/v2\/categories?post=25962"},{"taxonomy":"post_tag","embeddable":true,"href":"https:\/\/www.pimealdia.org\/es\/wp-json\/wp\/v2\/tags?post=25962"}],"curies":[{"name":"wp","href":"https:\/\/api.w.org\/{rel}","templated":true}]}}