{"id":26037,"date":"2021-09-21T17:38:48","date_gmt":"2021-09-21T15:38:48","guid":{"rendered":"https:\/\/www.pimealdia.org\/?p=26037\/"},"modified":"2021-09-21T17:44:25","modified_gmt":"2021-09-21T15:44:25","slug":"la-casa-dels-records-una-segunda-oportunidad-es-posible","status":"publish","type":"post","link":"https:\/\/www.pimealdia.org\/es\/la-casa-dels-records-una-segunda-oportunidad-es-posible\/","title":{"rendered":"La casa dels records: una segunda oportunidad es posible"},"content":{"rendered":"<p style=\"text-align: justify;\">En su establecimiento situado en Terrassa, Ada Pujol se dedica a hacer bordados, grabados y personalizaciones de todo tipo de objetos para eventos de empresas o privados, como por ejemplo bodas, bautizos o comuniones. A ra\u00edz de la pandemia, la propietaria de la tienda <em>La casa dels records<\/em> empez\u00f3 a tener dificultades crecientes para poder mantener su negocio.<\/p>\n<p style=\"text-align: justify;\">Seg\u00fan la empresaria, a causa de la crisis de la covid la tienda cay\u00f3 \u201cen un pozo de p\u00e9rdidas, incertidumbre y miedo que le hicieron pensar que no volver\u00eda a levantar cabeza\u201d. Por eso, busc\u00f3 ayuda profesional y contact\u00f3 con la Fundaci\u00f3 PIMEC. A trav\u00e9s del programa emppersona, Ada ha recibido atenci\u00f3n psicol\u00f3gica personalizada para gestionar la situaci\u00f3n, as\u00ed como c\u00e1psulas informativas para formarse en redes sociales y en habilidades clave para afrontar las dificultades derivadas de la crisis, como la gesti\u00f3n del tiempo o la gesti\u00f3n emocional.<\/p>\n<p><iframe loading=\"lazy\" title=\"Una segona oportunitat \u00e9s possible - La casa dels records\" width=\"1170\" height=\"658\" src=\"https:\/\/www.youtube.com\/embed\/h4VY60vtryU?feature=oembed\" frameborder=\"0\" allow=\"accelerometer; autoplay; clipboard-write; encrypted-media; gyroscope; picture-in-picture\" allowfullscreen><\/iframe><\/p>\n<p style=\"text-align: justify;\">Gracias al acompa\u00f1amiento de la Fundaci\u00f3 PIMEC y al programa <a href=\"https:\/\/www.pimec.org\/es\/emppersona\"><em>emppersona<\/em><\/a>, <em>La casa dels records<\/em> \u201cest\u00e1 saliendo del pozo en que nos ha dejado la pandemia y, poco a poco, levantando cabeza para salir adelante con positividad\u201d, ha a\u00f1adido Pujol.<\/p>\n<p style=\"text-align: justify;\">El programa <a href=\"https:\/\/www.pimec.org\/es\/emppersona\">emppersona<\/a>, con la colaboraci\u00f3n de Endesa, ayuda a pymes y personas trabajadoras aut\u00f3nomas en dificultades para que tengan una segunda oportunidad desde un enfoque hol\u00edstico. El economista, abogado y asesor colaborador del programa, Miquel \u00c0ngel Salazar, considera que uno de los puntos fuertes del <a href=\"https:\/\/www.pimec.org\/es\/emppersona\"><em>emppersona<\/em><\/a> es que \u201cencaja cuestiones en el mecanismo de la segunda oportunidad con una mirada mucho m\u00e1s amplia que la jur\u00eddica\u201d. En este sentido, Salazar explica que la persona en dificultades \u201cnecesita ser acogida y acabar con el bloqueo inicial en que se encuentra cuando no puede hacer frente a sus obligaciones\u201d.<\/p>\n<p><iframe loading=\"lazy\" title=\"Programa emppersona - Miquel \u00c0ngel Salazar\" width=\"1170\" height=\"658\" src=\"https:\/\/www.youtube.com\/embed\/GKVe00yd6zM?feature=oembed\" frameborder=\"0\" allow=\"accelerometer; autoplay; clipboard-write; encrypted-media; gyroscope; picture-in-picture\" allowfullscreen><\/iframe><\/p>\n<p><strong>Objectivos de Desarrollo <\/strong><strong>Sostenible relacionados:<\/strong><\/p>\n<p><img loading=\"lazy\" class=\"size-full wp-image-26031 aligncenter\" src=\"https:\/\/www.pimealdia.org\/wp-content\/uploads\/2021\/09\/Imatge1-1.jpg\" alt=\"\" width=\"245\" height=\"79\" \/><\/p>\n","protected":false},"excerpt":{"rendered":"<p>En su establecimiento situado en Terrassa, Ada Pujol se dedica a hacer bordados, grabados y personalizaciones de todo tipo de objetos para eventos de empresas o privados, como por ejemplo bodas, bautizos o comuniones. A ra\u00edz de la pandemia, la propietaria de la tienda La casa dels records empez\u00f3 a tener dificultades crecientes para poder mantener su negocio. Seg\u00fan la empresaria, a causa de la crisis de la covid la tienda cay\u00f3 \u201cen un pozo de p\u00e9rdidas, incertidumbre y miedo que le hicieron pensar que no volver\u00eda a levantar cabeza\u201d. Por eso, busc\u00f3 ayuda profesional y contact\u00f3 con la Fundaci\u00f3<\/p>\n","protected":false},"author":140,"featured_media":26036,"comment_status":"open","ping_status":"closed","sticky":false,"template":"","format":"standard","meta":[],"categories":[338],"tags":[776],"_links":{"self":[{"href":"https:\/\/www.pimealdia.org\/es\/wp-json\/wp\/v2\/posts\/26037"}],"collection":[{"href":"https:\/\/www.pimealdia.org\/es\/wp-json\/wp\/v2\/posts"}],"about":[{"href":"https:\/\/www.pimealdia.org\/es\/wp-json\/wp\/v2\/types\/post"}],"author":[{"embeddable":true,"href":"https:\/\/www.pimealdia.org\/es\/wp-json\/wp\/v2\/users\/140"}],"replies":[{"embeddable":true,"href":"https:\/\/www.pimealdia.org\/es\/wp-json\/wp\/v2\/comments?post=26037"}],"version-history":[{"count":1,"href":"https:\/\/www.pimealdia.org\/es\/wp-json\/wp\/v2\/posts\/26037\/revisions"}],"predecessor-version":[{"id":26039,"href":"https:\/\/www.pimealdia.org\/es\/wp-json\/wp\/v2\/posts\/26037\/revisions\/26039"}],"wp:featuredmedia":[{"embeddable":true,"href":"https:\/\/www.pimealdia.org\/es\/wp-json\/wp\/v2\/media\/26036"}],"wp:attachment":[{"href":"https:\/\/www.pimealdia.org\/es\/wp-json\/wp\/v2\/media?parent=26037"}],"wp:term":[{"taxonomy":"category","embeddable":true,"href":"https:\/\/www.pimealdia.org\/es\/wp-json\/wp\/v2\/categories?post=26037"},{"taxonomy":"post_tag","embeddable":true,"href":"https:\/\/www.pimealdia.org\/es\/wp-json\/wp\/v2\/tags?post=26037"}],"curies":[{"name":"wp","href":"https:\/\/api.w.org\/{rel}","templated":true}]}}