{"id":26107,"date":"2021-11-02T19:08:17","date_gmt":"2021-11-02T17:08:17","guid":{"rendered":"https:\/\/www.pimealdia.org\/?p=26107\/"},"modified":"2021-11-02T19:08:17","modified_gmt":"2021-11-02T17:08:17","slug":"orientacion-profesional-por-que-es-importante","status":"publish","type":"post","link":"https:\/\/www.pimealdia.org\/es\/orientacion-profesional-por-que-es-importante\/","title":{"rendered":"Orientaci\u00f3n profesional: \u00bfpor qu\u00e9 es importante?"},"content":{"rendered":"<p style=\"text-align: justify;\">Cuando hablamos de orientaci\u00f3n profesional queremos decir acompa\u00f1amiento profesional, <strong>asesoramiento para el crecimiento en el \u00e1mbito laboral<\/strong> de las personas. Ahora bien, \u00bfhasta qu\u00e9 punto es importante disponer de una buena orientaci\u00f3n profesional?<\/p>\n<p style=\"text-align: justify;\">Desde PIMEC defendemos el asesoramiento laboral a lo largo de la vida como <strong>herramienta para ayudar a las personas a encontrar sus capacidades y potencialidades<\/strong>, con el fin de poder <a href=\"https:\/\/www.pimealdia.org\/es\/avanzando-hacia-un-modelo-de-formacion-profesional-optimo\/\" target=\"_blank\" rel=\"noopener\"><strong>encajar sus capacidades en el mercado de trabajo actual<\/strong><\/a>, en constante cambio, al que se tienen que adaptar. Incluso <strong>puede ayudar a descubrir y\/o redefinir sus intereses profesionales.<\/strong><\/p>\n<blockquote>\n<h5 style=\"text-align: justify;\"><em>La orientaci\u00f3n profesional permanente se convierte en un recurso esencial para el crecimiento profesional y social de las personas en un contexto laboral en constante transformaci\u00f3n.<\/em><\/h5>\n<\/blockquote>\n<h4 style=\"text-align: justify;\"><span style=\"text-decoration: underline;\">Detecci\u00f3n y mejora de las capacidades como herramienta de empoderamiento<\/span><\/h4>\n<p style=\"text-align: justify;\"><img loading=\"lazy\" class=\"alignright wp-image-26118\" src=\"https:\/\/www.pimealdia.org\/wp-content\/uploads\/2021\/11\/empoderament-300x203.jpg\" alt=\"\" width=\"350\" height=\"237\" srcset=\"https:\/\/www.pimealdia.org\/wp-content\/uploads\/2021\/11\/empoderament-300x203.jpg 300w, https:\/\/www.pimealdia.org\/wp-content\/uploads\/2021\/11\/empoderament-480x325.jpg 480w, https:\/\/www.pimealdia.org\/wp-content\/uploads\/2021\/11\/empoderament.jpg 680w\" sizes=\"(max-width: 350px) 100vw, 350px\" \/>Independientemente del perfil y la trayectoria de la persona, conocer de la mano de profesionales las demandas reales del mercado de trabajo permite <strong>definir la estrategia m\u00e1s eficiente para la b\u00fasqueda de empleo<\/strong>. Por tanto,<strong> la orientaci\u00f3n laboral es una oportunidad \u00fanica para potenciar al m\u00e1ximo las herramientas y recursos<\/strong> para conseguir objetivos profesionales y de mejora competencial. Por eso, la orientaci\u00f3n propicia el acompa\u00f1amiento a las personas<strong> tanto a nivel laboral como emocional<\/strong>.<\/p>\n<p style=\"text-align: justify;\">Por un lado, devolviendo a estas la<strong> confianza en s\u00ed mismas<\/strong>, mediante el reconocimiento de las habilidades desarrolladas a lo largo de su trayectoria vital y profesional, identificando los <strong>puntos fuertes de su perfil<\/strong>.<\/p>\n<p style=\"text-align: justify;\">Por otro lado, <strong>facilitando estrategias de mejora<\/strong> que acerquen a la persona a su objetivo adecuando las herramientas de b\u00fasqueda. Y adem\u00e1s, adquiriendo un conocimiento actual y realista del contexto laboral, as\u00ed como de las <strong>tendencias del sector de inter\u00e9s<\/strong> que le permita ubicarse de manera efectiva.<\/p>\n<p style=\"text-align: justify;\">Por este motivo, consideramos que la orientaci\u00f3n laboral puede <strong>ser un servicio que facilite el empoderamiento de las personas<\/strong>, al margen de los factores estructurales. Todo ello <strong>devolviendo la confianza en su capacidad de insertarse laboralmente<\/strong>, con una metodolog\u00eda actualizada, competitiva y con un mayor autoconocimiento de s\u00ed mismas.<\/p>\n<p><img loading=\"lazy\" class=\"alignleft wp-image-26116\" src=\"https:\/\/www.pimealdia.org\/wp-content\/uploads\/2021\/11\/covid-business-300x203.jpg\" alt=\"\" width=\"350\" height=\"237\" srcset=\"https:\/\/www.pimealdia.org\/wp-content\/uploads\/2021\/11\/covid-business-300x203.jpg 300w, https:\/\/www.pimealdia.org\/wp-content\/uploads\/2021\/11\/covid-business-480x325.jpg 480w, https:\/\/www.pimealdia.org\/wp-content\/uploads\/2021\/11\/covid-business.jpg 680w\" sizes=\"(max-width: 350px) 100vw, 350px\" \/><\/p>\n<h4 style=\"text-align: justify;\"><span style=\"text-decoration: underline;\">El asesoramiento laboral durante la covid<\/span><\/h4>\n<p style=\"text-align: justify;\">Este a\u00f1o, la crisis sanitaria derivada de la covid ha causado una situaci\u00f3n excepcional dentro del mercado de trabajo. As\u00ed pues, muchos sectores econ\u00f3micos se han visto afectados gravemente, lo que derivado en la finalizaci\u00f3n de la actividad de muchos establecimientos y aut\u00f3nomos.<\/p>\n<p style=\"text-align: justify;\">En este sentido, el efecto de la crisis se ha visto reflejado en <strong>el volumen de solicitudes de servicios de orientaci\u00f3n profesional<\/strong>. M\u00e1s a\u00fan, la tarea de acompa\u00f1amiento ha sido clave para poder hacer frente a una situaci\u00f3n sobrevenida de manera repentina para muchas personas trabajadoras. A pesar de la complejidad y dureza de la situaci\u00f3n, poder participar en Programas de Orientaci\u00f3n a menudo ha significado la aparici\u00f3n de oportunidades. Como por ejemplo cambiar de objetivo profesional, el reciclaje de competencias mediante la formaci\u00f3n o un mejor conocimiento del contexto poniendo en valor todo aquello aprendido durante la trayectoria profesional de cada persona.<\/p>\n<p style=\"text-align: justify;\">Tal y como se ha dicho, los Servicios de Orientaci\u00f3n profesional est\u00e1n especializados en conocer las tendencias del mercado de trabajo, sus demandas y los cambios que se producen. En consecuencia, pueden ajustar al m\u00e1ximo el proceso de mejora que se desarrolla, y personalizar la atenci\u00f3n teniendo en cuenta las necesidades y situaciones. Por otro lado, es un servicio adecuado para <a href=\"https:\/\/www.pimealdia.org\/es\/la-casa-dels-records-una-segunda-oportunidad-es-posible\/\" target=\"_blank\" rel=\"noopener\">personas que han perdido su negocio y necesitan reorientarse<\/a>, ya sea para dar forma a un nuevo proyecto o para iniciar una carrera por cuenta ajena.<\/p>\n<h4 style=\"text-align: justify;\"><span style=\"text-decoration: underline;\"><img loading=\"lazy\" class=\"alignright wp-image-26120\" src=\"https:\/\/www.pimealdia.org\/wp-content\/uploads\/2021\/11\/propostes-orientacio-300x203.jpg\" alt=\"\" width=\"350\" height=\"237\" srcset=\"https:\/\/www.pimealdia.org\/wp-content\/uploads\/2021\/11\/propostes-orientacio-300x203.jpg 300w, https:\/\/www.pimealdia.org\/wp-content\/uploads\/2021\/11\/propostes-orientacio-480x325.jpg 480w, https:\/\/www.pimealdia.org\/wp-content\/uploads\/2021\/11\/propostes-orientacio.jpg 680w\" sizes=\"(max-width: 350px) 100vw, 350px\" \/>\u00bfC\u00f3mo se pueden mejorar los servicios de asesoramiento profesional existentes?<\/span><\/h4>\n<p style=\"text-align: justify;\">Sea una entidad p\u00fablica, sea privada, un ente social o una asociaci\u00f3n empresarial, todas tienen algo en com\u00fan en el \u00e1mbito de la orientaci\u00f3n laboral: pueden prestar servicios de asesoramiento profesional gracias a la ejecuci\u00f3n de programas y proyectos de pol\u00edticas p\u00fablicas de empleo. En concreto, estas pol\u00edticas son impulsadas y financiadas por el Departamento de Trabajo. No obstante, hay que destacar que seg\u00fan el estudio reciente de PIMEC <a href=\"https:\/\/www.pimec.org\/sites\/default\/files\/documents_pagines\/informes_6_2021_pp.aa_._final.pdf\">\u201cApuntes sobre las pol\u00edticas activas de empleo\u201d<\/a>, <strong>el importe destinado a las pol\u00edticas activas, en contraste con las pasivas, es solo de un 17% de la financiaci\u00f3n total.<\/strong><\/p>\n<p style=\"text-align: justify;\">Por este motivo, durante una rueda de prensa celebrada el pasado junio presentamos <a href=\"https:\/\/www.pimec.org\/ca\/institucio\/sala-premsa\/notes-premsa\/pimec-proposa-una-modernitzacio-simplificacio-politiques\">propuestas para mejorar y ampliar el abanico de pol\u00edticas activas existentes<\/a>. Entre otras, las propuestas de PIMEC son:<\/p>\n<ul>\n<li style=\"text-align: justify;\">Lograr que las pol\u00edticas activas de empleo sean m\u00e1s efectivas y den respuesta a un porcentaje m\u00e1s elevado del presupuesto total<\/li>\n<li style=\"text-align: justify;\">Reforzar el papel de los agentes sociales<\/li>\n<li style=\"text-align: justify;\">La profesionalizaci\u00f3n tanto de la orientaci\u00f3n profesional como de la formaci\u00f3n<\/li>\n<li style=\"text-align: justify;\">Ayudas a la contrataci\u00f3n de personas<\/li>\n<\/ul>\n<hr \/>\n<p style=\"text-align: justify;\">Consideramos, pues, indispensable poder seguir ofreciendo servicios de orientaci\u00f3n profesional a las personas, tanto en situaci\u00f3n de desempleo como trabajadoras en activo, y ampliar el abanico de recursos que se pone a disposici\u00f3n de la ciudadan\u00eda, por los buenos resultados que se obtienen y que al mismo tiempo revierten en la mejora de la competitividad de las empresas, calificando y asesorando a sus personas trabajadoras.<\/p>\n<p style=\"text-align: justify;\">En conclusi\u00f3n, la clave del \u00e9xito en un mercado de trabajo en constante evoluci\u00f3n es posible cuando el asesoramiento se puede dar en cualquier momento de la vida profesional de las personas. Esto requiere una mayor implicaci\u00f3n y profesionalizaci\u00f3n de las personas trabajadoras as\u00ed como, por parte de las empresas, una estrategia efectiva en materia de pol\u00edticas de recursos humanos.<\/p>\n","protected":false},"excerpt":{"rendered":"<p>Cuando hablamos de orientaci\u00f3n profesional queremos decir acompa\u00f1amiento profesional, asesoramiento para el crecimiento en el \u00e1mbito laboral de las personas. Ahora bien, \u00bfhasta qu\u00e9 punto es importante disponer de una buena orientaci\u00f3n profesional? Desde PIMEC defendemos el asesoramiento laboral a lo largo de la vida como herramienta para ayudar a las personas a encontrar sus capacidades y potencialidades, con el fin de poder encajar sus capacidades en el mercado de trabajo actual, en constante cambio, al que se tienen que adaptar. Incluso puede ayudar a descubrir y\/o redefinir sus intereses profesionales. La orientaci\u00f3n profesional permanente se convierte en un recurso<\/p>\n","protected":false},"author":84,"featured_media":26114,"comment_status":"open","ping_status":"closed","sticky":false,"template":"","format":"standard","meta":[],"categories":[772],"tags":[776],"_links":{"self":[{"href":"https:\/\/www.pimealdia.org\/es\/wp-json\/wp\/v2\/posts\/26107"}],"collection":[{"href":"https:\/\/www.pimealdia.org\/es\/wp-json\/wp\/v2\/posts"}],"about":[{"href":"https:\/\/www.pimealdia.org\/es\/wp-json\/wp\/v2\/types\/post"}],"author":[{"embeddable":true,"href":"https:\/\/www.pimealdia.org\/es\/wp-json\/wp\/v2\/users\/84"}],"replies":[{"embeddable":true,"href":"https:\/\/www.pimealdia.org\/es\/wp-json\/wp\/v2\/comments?post=26107"}],"version-history":[{"count":2,"href":"https:\/\/www.pimealdia.org\/es\/wp-json\/wp\/v2\/posts\/26107\/revisions"}],"predecessor-version":[{"id":26123,"href":"https:\/\/www.pimealdia.org\/es\/wp-json\/wp\/v2\/posts\/26107\/revisions\/26123"}],"wp:featuredmedia":[{"embeddable":true,"href":"https:\/\/www.pimealdia.org\/es\/wp-json\/wp\/v2\/media\/26114"}],"wp:attachment":[{"href":"https:\/\/www.pimealdia.org\/es\/wp-json\/wp\/v2\/media?parent=26107"}],"wp:term":[{"taxonomy":"category","embeddable":true,"href":"https:\/\/www.pimealdia.org\/es\/wp-json\/wp\/v2\/categories?post=26107"},{"taxonomy":"post_tag","embeddable":true,"href":"https:\/\/www.pimealdia.org\/es\/wp-json\/wp\/v2\/tags?post=26107"}],"curies":[{"name":"wp","href":"https:\/\/api.w.org\/{rel}","templated":true}]}}