{"id":26257,"date":"2021-12-09T11:50:35","date_gmt":"2021-12-09T09:50:35","guid":{"rendered":"https:\/\/www.pimealdia.org\/?p=26257\/"},"modified":"2021-12-10T10:55:14","modified_gmt":"2021-12-10T08:55:14","slug":"menudos-dos-anos-llevamos-los-autonomos","status":"publish","type":"post","link":"https:\/\/www.pimealdia.org\/es\/menudos-dos-anos-llevamos-los-autonomos\/","title":{"rendered":"\u00a1Menudos dos a\u00f1os llevamos los aut\u00f3nomos!"},"content":{"rendered":"<p style=\"text-align: justify;\">Si tuviera que resumirlo en pocas palabras \u00e9stas ser\u00edan: miedo, cambio, incertidumbre y decepci\u00f3n.<\/p>\n<p style=\"text-align: justify;\"><strong>Miedo<\/strong> al contagio, miedo a perder clientes, miedo a que les pase algo a mis seres queridos.<\/p>\n<p style=\"text-align: justify;\"><strong><img loading=\"lazy\" class=\"size-medium wp-image-26252 alignleft\" src=\"https:\/\/www.pimealdia.org\/wp-content\/uploads\/2021\/12\/pexels-photo-941555-300x200.jpeg\" alt=\"\" width=\"300\" height=\"200\" srcset=\"https:\/\/www.pimealdia.org\/wp-content\/uploads\/2021\/12\/pexels-photo-941555-300x200.jpeg 300w, https:\/\/www.pimealdia.org\/wp-content\/uploads\/2021\/12\/pexels-photo-941555-1024x683.jpeg 1024w, https:\/\/www.pimealdia.org\/wp-content\/uploads\/2021\/12\/pexels-photo-941555-1536x1024.jpeg 1536w, https:\/\/www.pimealdia.org\/wp-content\/uploads\/2021\/12\/pexels-photo-941555-2048x1365.jpeg 2048w, https:\/\/www.pimealdia.org\/wp-content\/uploads\/2021\/12\/pexels-photo-941555-720x480.jpeg 720w, https:\/\/www.pimealdia.org\/wp-content\/uploads\/2021\/12\/pexels-photo-941555-480x320.jpeg 480w\" sizes=\"(max-width: 300px) 100vw, 300px\" \/>Cambio<\/strong> de vida, de manera de trabajar e incluso de manera de vivir.<\/p>\n<p style=\"text-align: justify;\"><strong>Incertidumbre<\/strong> ante un presente cada vez m\u00e1s complejo, m\u00e1s impredecible, que causa cierta ansiedad al no entender todas las variables que intervienen en el hecho de que la vida nos haya cambiado tanto a todos y en tan poco tiempo.<\/p>\n<p style=\"text-align: justify;\">Y <strong>decepci\u00f3n<\/strong>, s\u00ed, decepci\u00f3n ante un Gobierno que, a mi parecer, no ha protegido suficientemente a los aut\u00f3nomos, un colectivo cada vez m\u00e1s vulnerable y menos protegido.<\/p>\n<p style=\"text-align: justify;\">Sin embargo, debo reconocer que acabo el a\u00f1o con otras cuatro palabras, \u00e9stas diferentes a las anteriores: reto, ilusi\u00f3n, transformaci\u00f3n y agradecimiento.<\/p>\n<p style=\"text-align: justify;\"><strong>Reto<\/strong> porque la nueva situaci\u00f3n me ha supuesto uno de los mayores retos profesionales a los que me he enfrentado en los 16 a\u00f1os que hace que soy gerente de mi empresa, que es la transformaci\u00f3n digital en un mundo ya h\u00edbrido, cuando antes mi mundo era mucho m\u00e1s offline.<\/p>\n<p style=\"text-align: justify;\"><strong><img loading=\"lazy\" class=\"size-medium wp-image-26254 alignright\" src=\"https:\/\/www.pimealdia.org\/wp-content\/uploads\/2021\/12\/pexels-photo-3779432-300x235.jpeg\" alt=\"\" width=\"300\" height=\"235\" srcset=\"https:\/\/www.pimealdia.org\/wp-content\/uploads\/2021\/12\/pexels-photo-3779432-300x235.jpeg 300w, https:\/\/www.pimealdia.org\/wp-content\/uploads\/2021\/12\/pexels-photo-3779432-1024x802.jpeg 1024w, https:\/\/www.pimealdia.org\/wp-content\/uploads\/2021\/12\/pexels-photo-3779432-1536x1203.jpeg 1536w, https:\/\/www.pimealdia.org\/wp-content\/uploads\/2021\/12\/pexels-photo-3779432-480x376.jpeg 480w, https:\/\/www.pimealdia.org\/wp-content\/uploads\/2021\/12\/pexels-photo-3779432.jpeg 1916w\" sizes=\"(max-width: 300px) 100vw, 300px\" \/>Ilusi\u00f3n<\/strong> porque este nuevo mundo h\u00edbrido no entiende de fronteras y se ampl\u00edan el n\u00famero y el <em>target<\/em> de clientes.<\/p>\n<p style=\"text-align: justify;\"><strong>Transformaci\u00f3n<\/strong> porque estos retos requieren no solo de cambios de metodolog\u00edas y procesos, sino de transformaci\u00f3n cultural organizacional, de valores de algo mucho m\u00e1s profundo que genera cambios conceptuales importantes, y&#8230;<\/p>\n<p style=\"text-align: justify;\"><strong>Agradecimiento<\/strong> a la vida, a los clientes y a los alumnos, por seguir confiando en m\u00ed y en mis servicios en plena Covid. Agradecimiento porque antes de la Covid me quejaba de que ten\u00eda mucho trabajo, y con el par\u00f3n (no voluntario de la Covid) ahora doy gracias a Dios, a la vida, al destino o a mi estrategia comercial (ll\u00e1male como quieras), porque tengo trabajo. Nunca valor\u00e9 tanto tener trabajo. Como puedes ver, lo que antes percib\u00eda como un infortunio, como una desgracia, hoy en d\u00eda lo veo como una oportunidad, como un regalo de la vida. Gracias, Covid, porque estoy m\u00e1s contenta que nunca de poder sentir la energ\u00eda en las aulas y los abrazos de la gente.<\/p>\n<p style=\"text-align: justify;\">Queridos aut\u00f3nomos, este mensaje parece personalizado, pero s\u00e9 que muchos de vosotros os sentir\u00e9is identificados con \u00e9l. <strong>Estas l\u00edneas no son m\u00e1s que un mensaje de aliento y apoyo a todos los aut\u00f3nomos, pues sin duda somos personas muy resilientes y hacemos de las debilidades una fortaleza, y de las desgracias, una oportunidad<\/strong>. Somos de otra \u201craza\u201d, tenemos otra piel. Eso s\u00ed, seguimos asoci\u00e1ndonos para ganar fuerza, somos peque\u00f1os y necesitamos cohesionarnos para tener la fortaleza que nos permita defender mejor nuestros intereses ante un ecosistema que muchas veces nos ahoga en vez de ayudarnos. Lo conseguiremos, lo s\u00e9. Gracias, PIMEC y Aut\u00f2noms PIMEC, por darme la posibilidad de opinar sin censura y por darnos visibilidad.<\/p>\n<p>&nbsp;<\/p>\n<p style=\"text-align: center;\"><strong>M\u00f3nica Mendoza &#8211; Escritora, conferenciante en temas de estrategia comercial y speaker internacional<\/strong><\/p>\n","protected":false},"excerpt":{"rendered":"<p>Si tuviera que resumirlo en pocas palabras \u00e9stas ser\u00edan: miedo, cambio, incertidumbre y decepci\u00f3n. Miedo al contagio, miedo a perder clientes, miedo a que les pase algo a mis seres queridos. Cambio de vida, de manera de trabajar e incluso de manera de vivir. Incertidumbre ante un presente cada vez m\u00e1s complejo, m\u00e1s impredecible, que causa cierta ansiedad al no entender todas las variables que intervienen en el hecho de que la vida nos haya cambiado tanto a todos y en tan poco tiempo. Y decepci\u00f3n, s\u00ed, decepci\u00f3n ante un Gobierno que, a mi parecer, no ha protegido suficientemente a<\/p>\n","protected":false},"author":71,"featured_media":26250,"comment_status":"open","ping_status":"closed","sticky":false,"template":"","format":"standard","meta":[],"categories":[770],"tags":[],"_links":{"self":[{"href":"https:\/\/www.pimealdia.org\/es\/wp-json\/wp\/v2\/posts\/26257"}],"collection":[{"href":"https:\/\/www.pimealdia.org\/es\/wp-json\/wp\/v2\/posts"}],"about":[{"href":"https:\/\/www.pimealdia.org\/es\/wp-json\/wp\/v2\/types\/post"}],"author":[{"embeddable":true,"href":"https:\/\/www.pimealdia.org\/es\/wp-json\/wp\/v2\/users\/71"}],"replies":[{"embeddable":true,"href":"https:\/\/www.pimealdia.org\/es\/wp-json\/wp\/v2\/comments?post=26257"}],"version-history":[{"count":2,"href":"https:\/\/www.pimealdia.org\/es\/wp-json\/wp\/v2\/posts\/26257\/revisions"}],"predecessor-version":[{"id":26261,"href":"https:\/\/www.pimealdia.org\/es\/wp-json\/wp\/v2\/posts\/26257\/revisions\/26261"}],"wp:featuredmedia":[{"embeddable":true,"href":"https:\/\/www.pimealdia.org\/es\/wp-json\/wp\/v2\/media\/26250"}],"wp:attachment":[{"href":"https:\/\/www.pimealdia.org\/es\/wp-json\/wp\/v2\/media?parent=26257"}],"wp:term":[{"taxonomy":"category","embeddable":true,"href":"https:\/\/www.pimealdia.org\/es\/wp-json\/wp\/v2\/categories?post=26257"},{"taxonomy":"post_tag","embeddable":true,"href":"https:\/\/www.pimealdia.org\/es\/wp-json\/wp\/v2\/tags?post=26257"}],"curies":[{"name":"wp","href":"https:\/\/api.w.org\/{rel}","templated":true}]}}