{"id":26296,"date":"2021-12-20T11:03:28","date_gmt":"2021-12-20T09:03:28","guid":{"rendered":"https:\/\/www.pimealdia.org\/?p=26296\/"},"modified":"2021-12-20T11:03:28","modified_gmt":"2021-12-20T09:03:28","slug":"somos-una-pyme-que-gano-un-concurso-publico-y-ahora-participa-en-un-gran-proyecto-global-sobre-eficiencia-energetica","status":"publish","type":"post","link":"https:\/\/www.pimealdia.org\/es\/somos-una-pyme-que-gano-un-concurso-publico-y-ahora-participa-en-un-gran-proyecto-global-sobre-eficiencia-energetica\/","title":{"rendered":"\u201cSomos una pyme que gan\u00f3 un concurso p\u00fablico y ahora participa en un gran proyecto global sobre eficiencia energ\u00e9tica\u201d"},"content":{"rendered":"<p style=\"text-align: center;\"><em>Entrevista a Franc Moreno, director industrial de\u00a0VAC-TRON<\/em><\/p>\n<p>VAC-TRON\u00a0es una peque\u00f1a empresa de 20 trabajadores con sede en Canovelles. Esta pyme que fabrica productos de sellado est\u00e1 participando de manera activa en uno de los grandes proyectos energ\u00e9ticos a escala global, el desarrollo de tecnolog\u00eda para el programa\u00a0International\u00a0Thermonuclear\u00a0Experimental Reactor (ITER). Esta tarea, como proveedor de un contratista directo, la ha hecho merecedora del premio al talento territorial que concede\u00a0PIMEC\u00a0y que se libr\u00f3 en la gala Vallesano del a\u00f1o celebrada en Lli\u00e7\u00e0 d&#8217;Amunt. Adem\u00e1s, en 2021\u00a0VAC-TRON\u00a0ya fue premiada por la transferencia tecnol\u00f3gica que supone la aportaci\u00f3n a una iniciativa que abre la puerta a obtener energ\u00eda limpia en un futuro.<\/p>\n<p style=\"text-align: justify;\"><strong>Recientemente hab\u00e9is conseguido el premio al talento territorial en la gala \u201cVallesano del a\u00f1o\u201d por vuestra participaci\u00f3n en un proyecto a escala global sobre eficiencia energ\u00e9tica. \u00bfC\u00f3mo ha sido la experiencia y por qu\u00e9 cre\u00e9is que lo hab\u00e9is ganado?<\/strong> Para nosotros, una peque\u00f1a empresa, el hecho de poder participar en un proyecto de esta magnitud es un sue\u00f1o y estamos muy orgullosos de haber recibido este premio. Nos alienta a seguir trabajando e innovando.<img loading=\"lazy\" class=\"size-medium wp-image-26290 alignright\" src=\"https:\/\/www.pimealdia.org\/wp-content\/uploads\/2021\/12\/image009-225x300.png\" alt=\"\" width=\"225\" height=\"300\" srcset=\"https:\/\/www.pimealdia.org\/wp-content\/uploads\/2021\/12\/image009-225x300.png 225w, https:\/\/www.pimealdia.org\/wp-content\/uploads\/2021\/12\/image009-768x1024.png 768w, https:\/\/www.pimealdia.org\/wp-content\/uploads\/2021\/12\/image009-480x640.png 480w, https:\/\/www.pimealdia.org\/wp-content\/uploads\/2021\/12\/image009.png 910w\" sizes=\"(max-width: 225px) 100vw, 225px\" \/><\/p>\n<p style=\"text-align: justify;\"><strong>Est\u00e1is trabajando como proveedor de un contratista directo en el desarrollo de la tecnolog\u00eda para el programa ITER; \u00bfen qu\u00e9 consiste este proyecto?<\/strong> ITER es una gran instalaci\u00f3n cient\u00edfica que se est\u00e1 construyendo en el sur de Francia, con el objetivo de llevar la energ\u00eda que produce el Sol a la Tierra. Aunque sea una energ\u00eda nuclear, no tiene nada que ver con la fisi\u00f3n nuclear, que usa como combustible un \u00e1tomo de hidr\u00f3geno mientras nuestro residuo es el helio.<\/p>\n<p style=\"text-align: justify;\">\n<strong>\u00bfCu\u00e1l es vuestra labor en el marco de este programa y c\u00f3mo conseguisteis involucraros en el proyecto?<\/strong> Este proyecto nos lleg\u00f3 de casualidad en 2016, cuando la ingenier\u00eda que est\u00e1 desarrollando la integraci\u00f3n de puertos de diagn\u00f3stico del ITER nos consult\u00f3 si nosotros podr\u00edamos llevar a cabo lo que necesitaban. Como es un proyecto p\u00fablico, todas las contrataciones fueron en formato de concurso y nos seleccionaron. A principios de 2021 los prototipos a escala real pasaron todos los ensayos para validar la tecnolog\u00eda\u00a0Glass\u00a0to\u00a0Metal\u00a0Seal\u00a0en un laboratorio externo, y ahora lo estamos aplicando en el concurso para fabricar los conectores que ir\u00e1n a la central ITER.<\/p>\n<p style=\"text-align: justify;\">\n<strong>\u00bfQu\u00e9 beneficios y objetivos cre\u00e9is que obtendr\u00e9is con esta participaci\u00f3n para la econom\u00eda catalana y la sociedad en general?<\/strong> A\u00a0VAC-TRON\u00a0le dar\u00e1 renombre y credibilidad, puesto que nuestra tecnolog\u00eda ha sido validada para trabajar bajo las exigentes condiciones del reactor del ITER. Para la econom\u00eda catalana significar\u00e1 un aumento de sus capacidades t\u00e9cnicas. Adem\u00e1s, por nuestra parte, siempre hemos intentado utilizar proveedores locales.<\/p>\n<p style=\"text-align: justify;\"><img loading=\"lazy\" class=\"size-medium wp-image-26292 alignleft\" src=\"https:\/\/www.pimealdia.org\/wp-content\/uploads\/2021\/12\/thumbnail_image001-300x157.png\" alt=\"\" width=\"300\" height=\"157\" srcset=\"https:\/\/www.pimealdia.org\/wp-content\/uploads\/2021\/12\/thumbnail_image001-300x157.png 300w, https:\/\/www.pimealdia.org\/wp-content\/uploads\/2021\/12\/thumbnail_image001-1024x537.png 1024w, https:\/\/www.pimealdia.org\/wp-content\/uploads\/2021\/12\/thumbnail_image001-480x252.png 480w, https:\/\/www.pimealdia.org\/wp-content\/uploads\/2021\/12\/thumbnail_image001.png 1280w\" sizes=\"(max-width: 300px) 100vw, 300px\" \/><br \/>\n<strong>\u00bfEs dif\u00edcil para una pyme como la vuestra participar en grandes proyectos que requieren mucha inversi\u00f3n, mucho tiempo y grandes esfuerzos?<\/strong> Por un lado, es muy complicado porque requiere mucha documentaci\u00f3n t\u00e9cnica y en ingl\u00e9s, pero el retorno es muy grande. Como se trata de un proyecto donde realmente la calidad pasa por delante del coste, te facilita el desarrollo y la innovaci\u00f3n, pero los riesgos tambi\u00e9n son m\u00e1s elevados porque las exigencias son muy grandes.<\/p>\n<p style=\"text-align: justify;\">\n<strong>\u00bfQu\u00e9 medidas ped\u00eds a la Administraci\u00f3n P\u00fablica para poder innovar y fomentar la participaci\u00f3n de las pymes en proyectos estrat\u00e9gicos de gran escala?<\/strong> La mayor\u00eda de la I+D y su financiaci\u00f3n la hacemos a trav\u00e9s de la administraci\u00f3n p\u00fablica, por medio del Centro de Desarrollo Tecnol\u00f3gico Industrial (CDTI), donde las condiciones son muy buenas. Pero, por ejemplo, una carencia que encontramos es la de no poder combinar la I+D con la inversi\u00f3n de activos necesarios para hacer una investigaci\u00f3n, puesto que se deben utilizar l\u00edneas de inversi\u00f3n de activos en cantidades muy elevadas para una pyme.<\/p>\n","protected":false},"excerpt":{"rendered":"<p>Entrevista a Franc Moreno, director industrial de\u00a0VAC-TRON VAC-TRON\u00a0es una peque\u00f1a empresa de 20 trabajadores con sede en Canovelles. Esta pyme que fabrica productos de sellado est\u00e1 participando de manera activa en uno de los grandes proyectos energ\u00e9ticos a escala global, el desarrollo de tecnolog\u00eda para el programa\u00a0International\u00a0Thermonuclear\u00a0Experimental Reactor (ITER). Esta tarea, como proveedor de un contratista directo, la ha hecho merecedora del premio al talento territorial que concede\u00a0PIMEC\u00a0y que se libr\u00f3 en la gala Vallesano del a\u00f1o celebrada en Lli\u00e7\u00e0 d&#8217;Amunt. Adem\u00e1s, en 2021\u00a0VAC-TRON\u00a0ya fue premiada por la transferencia tecnol\u00f3gica que supone la aportaci\u00f3n a una iniciativa que abre la<\/p>\n","protected":false},"author":83,"featured_media":26289,"comment_status":"open","ping_status":"closed","sticky":false,"template":"","format":"standard","meta":[],"categories":[332],"tags":[],"_links":{"self":[{"href":"https:\/\/www.pimealdia.org\/es\/wp-json\/wp\/v2\/posts\/26296"}],"collection":[{"href":"https:\/\/www.pimealdia.org\/es\/wp-json\/wp\/v2\/posts"}],"about":[{"href":"https:\/\/www.pimealdia.org\/es\/wp-json\/wp\/v2\/types\/post"}],"author":[{"embeddable":true,"href":"https:\/\/www.pimealdia.org\/es\/wp-json\/wp\/v2\/users\/83"}],"replies":[{"embeddable":true,"href":"https:\/\/www.pimealdia.org\/es\/wp-json\/wp\/v2\/comments?post=26296"}],"version-history":[{"count":1,"href":"https:\/\/www.pimealdia.org\/es\/wp-json\/wp\/v2\/posts\/26296\/revisions"}],"predecessor-version":[{"id":26297,"href":"https:\/\/www.pimealdia.org\/es\/wp-json\/wp\/v2\/posts\/26296\/revisions\/26297"}],"wp:featuredmedia":[{"embeddable":true,"href":"https:\/\/www.pimealdia.org\/es\/wp-json\/wp\/v2\/media\/26289"}],"wp:attachment":[{"href":"https:\/\/www.pimealdia.org\/es\/wp-json\/wp\/v2\/media?parent=26296"}],"wp:term":[{"taxonomy":"category","embeddable":true,"href":"https:\/\/www.pimealdia.org\/es\/wp-json\/wp\/v2\/categories?post=26296"},{"taxonomy":"post_tag","embeddable":true,"href":"https:\/\/www.pimealdia.org\/es\/wp-json\/wp\/v2\/tags?post=26296"}],"curies":[{"name":"wp","href":"https:\/\/api.w.org\/{rel}","templated":true}]}}