{"id":26395,"date":"2022-02-16T12:27:13","date_gmt":"2022-02-16T10:27:13","guid":{"rendered":"https:\/\/www.pimealdia.org\/?p=26395\/"},"modified":"2022-02-21T12:28:05","modified_gmt":"2022-02-21T10:28:05","slug":"alfred-rodriguez-pico-la-meteorologia-puede-anticipar-previsiones-de-consumo-y-el-desarrollo-economico","status":"publish","type":"post","link":"https:\/\/www.pimealdia.org\/es\/alfred-rodriguez-pico-la-meteorologia-puede-anticipar-previsiones-de-consumo-y-el-desarrollo-economico\/","title":{"rendered":"Alfred Rodr\u00edguez Pic\u00f3: \u201cLa meteorolog\u00eda puede anticipar previsiones de consumo y el desarrollo econ\u00f3mico\u201d"},"content":{"rendered":"<p style=\"text-align: justify;\">El decurso de la actividad econ\u00f3mica est\u00e1 marcado tambi\u00e9n por los efectos del clima y el cambio clim\u00e1tico. Cada vez m\u00e1s empresas aplican medidas de sostenibilidad y econom\u00eda circular, en un ejercicio de Responsabilidad Social Corporativa (RSC), para conseguir que sus procesos sean m\u00e1s amables con el medio ambiente.<\/p>\n<p><img loading=\"lazy\" class=\"size-medium wp-image-26391 alignleft\" style=\"text-align: justify;\" src=\"https:\/\/www.pimealdia.org\/wp-content\/uploads\/2022\/02\/ODS_Objectius_Desenvolupament_Sostenible_Respon.cat_SDG_Icons_CAT_Poster_A4-300x212.jpg\" alt=\"\" width=\"300\" height=\"212\" srcset=\"https:\/\/www.pimealdia.org\/wp-content\/uploads\/2022\/02\/ODS_Objectius_Desenvolupament_Sostenible_Respon.cat_SDG_Icons_CAT_Poster_A4-300x212.jpg 300w, https:\/\/www.pimealdia.org\/wp-content\/uploads\/2022\/02\/ODS_Objectius_Desenvolupament_Sostenible_Respon.cat_SDG_Icons_CAT_Poster_A4-1024x724.jpg 1024w, https:\/\/www.pimealdia.org\/wp-content\/uploads\/2022\/02\/ODS_Objectius_Desenvolupament_Sostenible_Respon.cat_SDG_Icons_CAT_Poster_A4-1536x1086.jpg 1536w, https:\/\/www.pimealdia.org\/wp-content\/uploads\/2022\/02\/ODS_Objectius_Desenvolupament_Sostenible_Respon.cat_SDG_Icons_CAT_Poster_A4-2048x1448.jpg 2048w, https:\/\/www.pimealdia.org\/wp-content\/uploads\/2022\/02\/ODS_Objectius_Desenvolupament_Sostenible_Respon.cat_SDG_Icons_CAT_Poster_A4-480x339.jpg 480w\" sizes=\"(max-width: 300px) 100vw, 300px\" \/><\/p>\n<p style=\"text-align: justify;\">El cuidado de nuestro entorno <span style=\"text-align: justify;\">para revertir los efectos del cambio clim\u00e1tico tambi\u00e9n se incluye en varios de los Objetivos de Desarrollo Sostenible (ODS) que marca la Agenda 2030 de la Organizaci\u00f3n de las Naciones Unidas<\/span><span style=\"text-align: justify;\">\u00a0(ONU).<\/span><\/p>\n<p style=\"text-align: justify;\">Para entender c\u00f3mo afecta e<span style=\"text-align: justify;\">l cambio clim\u00e1tico al consumo y a la actividad de las empresas y conocer las diferentes medidas que las pymes pueden aplicar para combatir los efectos de la emergencia clim\u00e1tica, hablamos con Alfred Rodr\u00edguez Pic\u00f3, director de Taiko Meteorolog\u00eda, empresa que se dedica a hacer predicciones meteorol\u00f3gicas.<\/span><\/p>\n<p style=\"text-align: justify;\"><strong>Un informe reciente <\/strong><strong style=\"text-align: justify;\">de la ONU constata que algunos de los efectos del cambio clim\u00e1tico ya son irreversibles. \u00bfQu\u00e9 se puede hacer para dar respuesta a la emergencia clim\u00e1tica?<\/strong><\/p>\n<p style=\"text-align: justify;\">Debemos adaptarnos a estos efectos irreversibles del cambio clim\u00e1tico. Todos los cient\u00edficos dicen que los fen\u00f3menos extremos \u2013como las temperaturas y el viento\u2013 ser\u00e1n m\u00e1s frecuentes y violentos, y en el Mediterr\u00e1neo lo notaremos m\u00e1s porque es una de las zonas m\u00e1s sensibles del planeta. Hay que ser previsores, las lluvias ser\u00e1n m\u00e1s torrenciales, los vientos en determinadas situaciones ser\u00e1n m\u00e1s fuertes\u2026 y, por lo tanto, habr\u00e1 que adaptar las infraestructuras a estos fen\u00f3menos y luchar para reducir el aumento del CO2, cambiar h\u00e1bitos, hacer leyes m\u00e1s restrictivas para no contaminar tanto, etc.<\/p>\n<p style=\"text-align: justify;\"><img loading=\"lazy\" class=\"size-medium wp-image-26389 alignright\" src=\"https:\/\/www.pimealdia.org\/wp-content\/uploads\/2022\/02\/pexels-photo-221012-300x200.jpeg\" alt=\"\" width=\"300\" height=\"200\" srcset=\"https:\/\/www.pimealdia.org\/wp-content\/uploads\/2022\/02\/pexels-photo-221012-300x200.jpeg 300w, https:\/\/www.pimealdia.org\/wp-content\/uploads\/2022\/02\/pexels-photo-221012-1024x682.jpeg 1024w, https:\/\/www.pimealdia.org\/wp-content\/uploads\/2022\/02\/pexels-photo-221012-1536x1024.jpeg 1536w, https:\/\/www.pimealdia.org\/wp-content\/uploads\/2022\/02\/pexels-photo-221012-2048x1365.jpeg 2048w, https:\/\/www.pimealdia.org\/wp-content\/uploads\/2022\/02\/pexels-photo-221012-720x480.jpeg 720w, https:\/\/www.pimealdia.org\/wp-content\/uploads\/2022\/02\/pexels-photo-221012-480x320.jpeg 480w\" sizes=\"(max-width: 300px) 100vw, 300px\" \/><\/p>\n<p style=\"text-align: justify;\"><strong>\u00bfC\u00f3mo cre\u00e9is que est\u00e1 afectando a las empresas el cambio clim\u00e1tico? \u00bfQu\u00e9 medidas aconsej\u00e1is a las pymes para hacer frente a la problem\u00e1tica?<\/strong><\/p>\n<p style=\"text-align: justify;\">Las empresas se ven m\u00e1s expuestas a los riesgos derivados de los fen\u00f3menos clim\u00e1ticos, hecho por el que hay que adaptar las instalaciones y los equipos, pero sobre todo hay que prevenir. Avisamos a las empresas cuando se presentan situaciones adversas que puedan afectar a su correcto desarrollo y, as\u00ed, pueden actuar a tiempo, puesto que con una buena informaci\u00f3n meteorol\u00f3gica pueden prevenir riesgos. Las estrategias de adaptaci\u00f3n tienen un coste, est\u00e1 claro, pero son necesarias. En este aspecto es importante que trabajemos juntos y que la administraci\u00f3n p\u00fablica impulse los proyectos de esta l\u00ednea, especialmente los que llevan a cabo las pymes.<\/p>\n<p style=\"text-align: justify;\"><strong>\u00bfCu\u00e1l es vuestro punto de vista ante los macroproyectos de parques e\u00f3licos y fotovoltaicos que generan algunas controversias a nivel territorial y empresarial?<\/strong><\/p>\n<p style=\"text-align: justify;\">Como estamos destruyendo el planeta, con da\u00f1os que ya son irreversibles, y tendr\u00edamos que cumplir los ODS que marca la Agenda de la ONU para 2030, hay que ponerse las pilas y actuar. Por eso, desde un punto de vista cient\u00edfico y ecol\u00f3gico creo que tenemos que sustituir la energ\u00eda sucia (carb\u00f3n, el\u00e9ctrica y la de materias f\u00f3siles) por energ\u00edas limpias, puesto que tenemos un enorme potencial que nos viene de la atm\u00f3sfera: somos un pa\u00eds de Sol. Tenemos que aprovechar el Sol, el viento y el agua para hacer parques e\u00f3licos, plantaciones solares y dep\u00f3sitos de aguas pluviales, buscando un equilibrio entre paisaje y econom\u00eda.<\/p>\n<p style=\"text-align: justify;\">El nivel de contaminaci\u00f3n es igual o superior al de antes de la pandemia, no puede ser que Alemania tenga m\u00e1s placas solares que nosotros cuando ellos tienen mucho menos Sol; en este sentido, har\u00e1 falta un cambio de mentalidad y de h\u00e1bitos por parte de la ciudadan\u00eda y medidas concretas: reciclaje, usar menos el coche, peajes en las entradas de las grandes ciudades, etc.<\/p>\n<p style=\"text-align: justify;\"><strong>\u00bfQu\u00e9 servicios son los m\u00e1s demandados por vuestros clientes?<\/strong><\/p>\n<p style=\"text-align: justify;\">Los servicios m\u00e1s demandados son las predicciones diarias, hora a hora, y hasta una semana vista. Estas predicciones, aparte de ser muy fiables, permiten que los clientes conozcan el estado del cielo en todo momento y con todas las variables relevantes. Tambi\u00e9n, los informes meteorol\u00f3gicos para determinados acontecimientos, competiciones o d\u00edas se\u00f1alados, y las predicciones a medio plazo, a 1-3 meses vista, donde analizamos m\u00faltiples modelos para determinar las tendencias esperadas en la zona en cuesti\u00f3n y facilitamos a los clientes la toma de decisiones una vez conocen la previsi\u00f3n de la producci\u00f3n y del consumo. Por ejemplo, si se espera un verano muy caluroso en el norte del continente, sabemos que se consumir\u00e1 m\u00e1s fruta, la demanda aumentar\u00e1 y las empresas exportadoras tendr\u00e1n que incrementar sus stocks.<\/p>\n<p style=\"text-align: justify;\">Ofrecemos a todos nuestros clientes un servicio meteorol\u00f3gico personalizado y adaptado a sus necesidades, con el uso de la m\u00e1s avanzada tecnolog\u00eda y de las fuentes de informaci\u00f3n. Prestamos servicio a empresas tanto p\u00fablicas como privadas (Generalitat de Catalunya, ayuntamientos como el de Barcelona o Terrassa\u2026), empresas peque\u00f1as y multinacionales, del sector agrario, de energ\u00eda renovable, de gesti\u00f3n de agua, puertos mar\u00edtimos, pistas de esqu\u00ed, constructoras, etc. Nuestros servicios se adaptan a todas aquellas empresas con actividad en el exterior a las que, de una manera u otra, la meteorolog\u00eda les afecta y condiciona su funcionamiento.<\/p>\n","protected":false},"excerpt":{"rendered":"<p>El decurso de la actividad econ\u00f3mica est\u00e1 marcado tambi\u00e9n por los efectos del clima y el cambio clim\u00e1tico. Cada vez m\u00e1s empresas aplican medidas de sostenibilidad y econom\u00eda circular, en un ejercicio de Responsabilidad Social Corporativa (RSC), para conseguir que sus procesos sean m\u00e1s amables con el medio ambiente. El cuidado de nuestro entorno para revertir los efectos del cambio clim\u00e1tico tambi\u00e9n se incluye en varios de los Objetivos de Desarrollo Sostenible (ODS) que marca la Agenda 2030 de la Organizaci\u00f3n de las Naciones Unidas\u00a0(ONU). Para entender c\u00f3mo afecta el cambio clim\u00e1tico al consumo y a la actividad de las<\/p>\n","protected":false},"author":83,"featured_media":26388,"comment_status":"open","ping_status":"closed","sticky":false,"template":"","format":"standard","meta":[],"categories":[338],"tags":[],"_links":{"self":[{"href":"https:\/\/www.pimealdia.org\/es\/wp-json\/wp\/v2\/posts\/26395"}],"collection":[{"href":"https:\/\/www.pimealdia.org\/es\/wp-json\/wp\/v2\/posts"}],"about":[{"href":"https:\/\/www.pimealdia.org\/es\/wp-json\/wp\/v2\/types\/post"}],"author":[{"embeddable":true,"href":"https:\/\/www.pimealdia.org\/es\/wp-json\/wp\/v2\/users\/83"}],"replies":[{"embeddable":true,"href":"https:\/\/www.pimealdia.org\/es\/wp-json\/wp\/v2\/comments?post=26395"}],"version-history":[{"count":7,"href":"https:\/\/www.pimealdia.org\/es\/wp-json\/wp\/v2\/posts\/26395\/revisions"}],"predecessor-version":[{"id":26402,"href":"https:\/\/www.pimealdia.org\/es\/wp-json\/wp\/v2\/posts\/26395\/revisions\/26402"}],"wp:featuredmedia":[{"embeddable":true,"href":"https:\/\/www.pimealdia.org\/es\/wp-json\/wp\/v2\/media\/26388"}],"wp:attachment":[{"href":"https:\/\/www.pimealdia.org\/es\/wp-json\/wp\/v2\/media?parent=26395"}],"wp:term":[{"taxonomy":"category","embeddable":true,"href":"https:\/\/www.pimealdia.org\/es\/wp-json\/wp\/v2\/categories?post=26395"},{"taxonomy":"post_tag","embeddable":true,"href":"https:\/\/www.pimealdia.org\/es\/wp-json\/wp\/v2\/tags?post=26395"}],"curies":[{"name":"wp","href":"https:\/\/api.w.org\/{rel}","templated":true}]}}