{"id":26419,"date":"2022-02-21T12:57:43","date_gmt":"2022-02-21T10:57:43","guid":{"rendered":"https:\/\/www.pimealdia.org\/?p=26419\/"},"modified":"2022-02-21T13:22:51","modified_gmt":"2022-02-21T11:22:51","slug":"stilchest-del-teletrabajo-a-las-emergencias-sanitarias-y-los-acontecimientos","status":"publish","type":"post","link":"https:\/\/www.pimealdia.org\/es\/stilchest-del-teletrabajo-a-las-emergencias-sanitarias-y-los-acontecimientos\/","title":{"rendered":"StilChest, del teletrabajo a las emergencias sanitarias y los eventos"},"content":{"rendered":"<blockquote>\n<p style=\"text-align: justify;\"><span style=\"vertical-align: inherit;\"><span style=\"vertical-align: inherit;\">La nueva divisi\u00f3n del fabricante de muebles StilRicart adapta a nuevos usos el modelo de oficina m\u00f3vil que cre\u00f3 durante la pandemia, como respuesta a las necesidades del mercado laboral<\/span><\/span><\/p>\n<\/blockquote>\n<p style=\"text-align: justify;\"><span style=\"vertical-align: inherit;\"><span style=\"vertical-align: inherit;\">La compa\u00f1\u00eda StilChest surgi\u00f3 en 2020 como una revoluci\u00f3n en los espacios de trabajo a ra\u00edz de la pandemia del coronavirus, con el dise\u00f1o y la fabricaci\u00f3n de un m\u00f3dulo integral, sostenible, compacto y port\u00e1til que facilita el teletrabajo en los hogares.<\/span><\/span><\/p>\n<p style=\"text-align: justify;\"><img loading=\"lazy\" class=\" wp-image-26410 alignleft\" src=\"https:\/\/www.pimealdia.org\/wp-content\/uploads\/2022\/02\/Judit-Ricart-276x300.jpg\" alt=\"\" width=\"277\" height=\"301\" srcset=\"https:\/\/www.pimealdia.org\/wp-content\/uploads\/2022\/02\/Judit-Ricart-276x300.jpg 276w, https:\/\/www.pimealdia.org\/wp-content\/uploads\/2022\/02\/Judit-Ricart-480x521.jpg 480w, https:\/\/www.pimealdia.org\/wp-content\/uploads\/2022\/02\/Judit-Ricart.jpg 600w\" sizes=\"(max-width: 277px) 100vw, 277px\" \/><\/p>\n<p style=\"text-align: justify;\"><span style=\"vertical-align: inherit;\"><span style=\"vertical-align: inherit;\">Este proyecto, liderado por Judit Ricart, representante de la tercera generaci\u00f3n del fabricante de muebles StilRicart de la Garriga (Vall\u00e8s Oriental), se ha consolidado como un nuevo negocio dentro del grupo familiar. Con menos de un a\u00f1o de trayectoria empresarial, la divisi\u00f3n StilChest est\u00e1 evolucionando para introducirse en nuevos segmentos de actividad. <\/span><\/span><span style=\"vertical-align: inherit;\"><span style=\"vertical-align: inherit;\">Es una apuesta para hacer del dise\u00f1o de muebles una soluci\u00f3n en el contexto sociolaboral actual,\u00a0 <\/span><\/span>saliendo del mueble tradicional para ofrecer un mobiliario mucho m\u00e1s pr\u00e1ctico, moderno y equipado con tecnolog\u00eda.<\/p>\n<p style=\"text-align: justify;\"><span style=\"vertical-align: inherit;\"><span style=\"vertical-align: inherit;\">Poniendo una vez m\u00e1s el mundo del mueble al servicio de las personas y las empresas, StilChest observa c\u00f3mo en la postpandemia el teletrabajo no se est\u00e1 implementando tanto como se esperaba y, en cambio, gracias a una demanda creciente, ve como la adaptabilidad, interactividad y polivalencia del m\u00f3dulo inteligente es una soluci\u00f3n id\u00f3nea para las emergencias sanitarias o clim\u00e1ticas, para acontecimientos y tambi\u00e9n como tienda ef\u00edmera. <\/span><\/span><span style=\"vertical-align: inherit;\"><span style=\"vertical-align: inherit;\">La pieza del mobiliario dise\u00f1ada por StilChest es un workplace, un m\u00f3dulo con ruedas que se puede cerrar y transportar como si se tratara de un gran malet\u00edn, que permite establecer en cualquier espacio una oficina o un punto de trabajo sin instalaci\u00f3n previa, siempre que se disponga de un punto de corriente el\u00e9ctrica est\u00e1ndar.<\/span><\/span><\/p>\n<p style=\"text-align: justify;\"><span style=\"vertical-align: inherit;\"><span style=\"vertical-align: inherit;\">Judit Ricart explica que actualmente ya fabrican seis tipos de oficinas m\u00f3viles adecuadas para los hogares o como punto de trabajo m\u00f3vil para diferentes acontecimientos, como tienda ef\u00edmera para testar nuevos puntos de venta (como si se tratara de una peque\u00f1a pop up store), como punto de atenci\u00f3n sanitaria o para emergencias diversas, como puesto de trabajo para ferias y congresos. Tambi\u00e9n tienen previsto comercializarlo para facilitar zonas flexibles de business en los hoteles o como espacio para la promoci\u00f3n de productos en diferentes lugares. En todos estos m\u00f3dulos, la tecnolog\u00eda y la conectividad son herramientas indispensables que hacen de la oficina m\u00f3vil un punto de trabajo inteligente.<\/span><\/span><\/p>\n<p style=\"text-align: justify;\"><span style=\"vertical-align: inherit;\"><span style=\"vertical-align: inherit;\">\u201cAdaptamos a cada cliente y a cada finalidad, no solo las herramientas tecnol\u00f3gicas que se requieren, sino tambi\u00e9n las medidas del m\u00f3dulo para que pueda ser transportado y ubicado de manera f\u00e1cil y r\u00e1pida, ya que una de las ventajas primordiales de la oficina m\u00f3vil es que no hay que recoger el material que se usa cada vez que se acaba el trabajo\u201d, explica Judit Ricart. Las medidas est\u00e1ndares son 1,90 metros de altura, por 1,40 metros de ancho, y 70 cent\u00edmetros de fondo. \u201cPodemos adaptarlo a las medidas que requiera una empresa o un particular\u201d, insiste.<\/span><\/span><\/p>\n<p style=\"text-align: justify;\"><img loading=\"lazy\" class=\"size-medium wp-image-26405 alignright\" src=\"https:\/\/www.pimealdia.org\/wp-content\/uploads\/2022\/02\/Foto-1-300x285.jpg\" alt=\"\" width=\"300\" height=\"285\" srcset=\"https:\/\/www.pimealdia.org\/wp-content\/uploads\/2022\/02\/Foto-1-300x285.jpg 300w, https:\/\/www.pimealdia.org\/wp-content\/uploads\/2022\/02\/Foto-1-480x456.jpg 480w, https:\/\/www.pimealdia.org\/wp-content\/uploads\/2022\/02\/Foto-1.jpg 594w\" sizes=\"(max-width: 300px) 100vw, 300px\" \/><\/p>\n<p style=\"text-align: justify;\"><span style=\"vertical-align: inherit;\"><span style=\"vertical-align: inherit;\">Entre otras cuestiones, desde el taller de la Garriga se han dise\u00f1ado y fabricado cinco unidades de un modelo de SC Health que el personal de la Cruz Roja ha utilizado como unidad m\u00f3vil para realizar test Covid-19 en diferentes puntos de toda Catalu\u00f1a. \u201cLa polivalencia de este m\u00f3dulo nos da una gran capacidad de reacci\u00f3n para adaptarlo a muchos sectores y servicios\u201d, concreta Ricart, que explica <\/span><\/span><span style=\"vertical-align: inherit;\"><span style=\"vertical-align: inherit;\">que puede ser una soluci\u00f3n muy r\u00e1pida para afrontar las emergencias clim\u00e1ticas, \u201cen sucesos como el del volc\u00e1n de La Palma\u201d, porque se puede desplazar con facilidad.<\/span><\/span><\/p>\n<p>&nbsp;<\/p>\n<p style=\"text-align: center;\"><strong><span style=\"vertical-align: inherit;\"><span style=\"vertical-align: inherit;\">L<\/span><\/span><span style=\"vertical-align: inherit;\"><span style=\"vertical-align: inherit;\">a compa\u00f1\u00eda StilChest cree que despu\u00e9s de testar sus modelos en el mercado espa\u00f1ol ser\u00e1 el momento de abordar la exportaci\u00f3n.<\/span><\/span><\/strong><\/p>\n<p>&nbsp;<\/p>\n<p style=\"text-align: justify;\"><strong><span style=\"vertical-align: inherit;\"><span style=\"vertical-align: inherit;\">Unidades en alquiler<\/span><\/span><\/strong><\/p>\n<p style=\"text-align: justify;\"><span style=\"vertical-align: inherit;\"><span style=\"vertical-align: inherit;\">Profundizando en la apuesta por la innovaci\u00f3n, StilChest quiere disponer de un n\u00famero de oficinas m\u00f3viles para ofrecerlas en r\u00e9gimen de alquiler tanto para empresas como para particulares. \u201cSer\u00e1 una opci\u00f3n muy interesante para las personas que vienen de fuera para poder asistir durante unos cu\u00e1ntos d\u00edas a una feria o un congreso y que necesitan un espacio temporal para trabajar, pero que no quieren hacer la inversi\u00f3n en un estand ferial\u201d, dice Ricart. La responsable de StilChest explica que han detectado que hay inter\u00e9s creciente por este tipo de mobiliario entre las empresas que se dedican a la organizaci\u00f3n de acontecimientos para poder trasladarse a los lugares donde hay demanda y ofrecer, fuera de sus oficinas habituales, una imagen de calidad vinculada a la innovaci\u00f3n.<\/span><\/span><\/p>\n<p style=\"text-align: justify;\"><span style=\"vertical-align: inherit;\"><span style=\"vertical-align: inherit;\">StilChest, como todo el grupo StilRicart, trabaja con madera de calidad y con la certificaci\u00f3n FSC de Cadena de Custodia que garantiza que se ha comprobado y verificado la trazabilidad de los productos provenientes de bosques y hasta el consumidor final. \u201cTenemos cuidado a la hora de elegir nuestros proveedores en materia de sostenibilidad y tambi\u00e9n fomentamos los productos y la mano de obra local\u201d, manifiesta la consejera delegada de StilChest. Afirma que el cambio de cultura y de h\u00e1bitos en el sector del mueble se ha hecho patente y, como muestra de esto, explica el auge que ha tenido el bamb\u00fa como madera eco-friendly.<\/span><\/span><\/p>\n<p style=\"text-align: justify;\"><span style=\"vertical-align: inherit;\"><span style=\"vertical-align: inherit;\">Unos cambios que se dan en muchos \u00e1mbitos, desde los hogares hasta las oficinas, pasando por la restauraci\u00f3n: \u201cHemos colaborado con el grupo de interioristas de Quintana Partners en el dise\u00f1o del restaurante\u00a0 Gala, un nuevo concepto dentro del grupo de restauraci\u00f3n Isabella\u2019s\u201d, que se ha abierto en Barcelona.<\/span><\/span><\/p>\n<p>&nbsp;<\/p>\n<p style=\"text-align: justify;\"><strong><span style=\"vertical-align: inherit;\"><span style=\"vertical-align: inherit;\">El grupo StilRicart<\/span><\/span><\/strong><\/p>\n<p style=\"text-align: justify;\"><img loading=\"lazy\" class=\"size-medium wp-image-26411 alignright\" style=\"text-align: justify;\" src=\"https:\/\/www.pimealdia.org\/wp-content\/uploads\/2022\/02\/StilChest-Equip-300x225.jpg\" alt=\"\" width=\"300\" height=\"225\" srcset=\"https:\/\/www.pimealdia.org\/wp-content\/uploads\/2022\/02\/StilChest-Equip-300x225.jpg 300w, https:\/\/www.pimealdia.org\/wp-content\/uploads\/2022\/02\/StilChest-Equip-480x360.jpg 480w, https:\/\/www.pimealdia.org\/wp-content\/uploads\/2022\/02\/StilChest-Equip.jpg 800w\" sizes=\"(max-width: 300px) 100vw, 300px\" \/><\/p>\n<p style=\"text-align: justify;\"><span style=\"vertical-align: inherit;\"><span style=\"vertical-align: inherit;\">El grupo StilRicart cerr\u00f3 en 2021 con unas ventas de 1,5 millones de euros. La compa\u00f1\u00eda cuenta con la \u00faltima tecnolog\u00eda para el dise\u00f1o y la fabricaci\u00f3n de mobiliario a medida y ofrece un servicio integral, desde el dise\u00f1o hasta la instalaci\u00f3n. En materia de innovaci\u00f3n, la firma de la Garriga busca permanentemente nuevos materiales y tecnolog\u00edas aplicables en el mueble, para ofrecer las mejores soluciones. A la vez, apuesta por la sostenibilidad: \u201cEl camino hacia el desarrollo sostenible es imparable y en StilRicart, lo sabemos. Por eso, trabajamos con materiales sostenibles y hacemos una apuesta para que su porcentaje de uso incremente d\u00eda a d\u00eda\u201d, concluye Judit Ricart.<\/span><\/span><\/p>\n<p style=\"text-align: justify;\">\n","protected":false},"excerpt":{"rendered":"<p>La nueva divisi\u00f3n del fabricante de muebles StilRicart adapta a nuevos usos el modelo de oficina m\u00f3vil que cre\u00f3 durante la pandemia, como respuesta a las necesidades del mercado laboral La compa\u00f1\u00eda StilChest surgi\u00f3 en 2020 como una revoluci\u00f3n en los espacios de trabajo a ra\u00edz de la pandemia del coronavirus, con el dise\u00f1o y la fabricaci\u00f3n de un m\u00f3dulo integral, sostenible, compacto y port\u00e1til que facilita el teletrabajo en los hogares. Este proyecto, liderado por Judit Ricart, representante de la tercera generaci\u00f3n del fabricante de muebles StilRicart de la Garriga (Vall\u00e8s Oriental), se ha consolidado como un nuevo negocio<\/p>\n","protected":false},"author":153,"featured_media":26408,"comment_status":"open","ping_status":"closed","sticky":false,"template":"","format":"standard","meta":[],"categories":[330,332],"tags":[],"_links":{"self":[{"href":"https:\/\/www.pimealdia.org\/es\/wp-json\/wp\/v2\/posts\/26419"}],"collection":[{"href":"https:\/\/www.pimealdia.org\/es\/wp-json\/wp\/v2\/posts"}],"about":[{"href":"https:\/\/www.pimealdia.org\/es\/wp-json\/wp\/v2\/types\/post"}],"author":[{"embeddable":true,"href":"https:\/\/www.pimealdia.org\/es\/wp-json\/wp\/v2\/users\/153"}],"replies":[{"embeddable":true,"href":"https:\/\/www.pimealdia.org\/es\/wp-json\/wp\/v2\/comments?post=26419"}],"version-history":[{"count":7,"href":"https:\/\/www.pimealdia.org\/es\/wp-json\/wp\/v2\/posts\/26419\/revisions"}],"predecessor-version":[{"id":26428,"href":"https:\/\/www.pimealdia.org\/es\/wp-json\/wp\/v2\/posts\/26419\/revisions\/26428"}],"wp:featuredmedia":[{"embeddable":true,"href":"https:\/\/www.pimealdia.org\/es\/wp-json\/wp\/v2\/media\/26408"}],"wp:attachment":[{"href":"https:\/\/www.pimealdia.org\/es\/wp-json\/wp\/v2\/media?parent=26419"}],"wp:term":[{"taxonomy":"category","embeddable":true,"href":"https:\/\/www.pimealdia.org\/es\/wp-json\/wp\/v2\/categories?post=26419"},{"taxonomy":"post_tag","embeddable":true,"href":"https:\/\/www.pimealdia.org\/es\/wp-json\/wp\/v2\/tags?post=26419"}],"curies":[{"name":"wp","href":"https:\/\/api.w.org\/{rel}","templated":true}]}}