{"id":26435,"date":"2022-02-23T16:50:25","date_gmt":"2022-02-23T14:50:25","guid":{"rendered":"https:\/\/www.pimealdia.org\/?p=26435\/"},"modified":"2022-02-25T13:40:24","modified_gmt":"2022-02-25T11:40:24","slug":"un-ano-de-activismo-empresarial","status":"publish","type":"post","link":"https:\/\/www.pimealdia.org\/es\/un-ano-de-activismo-empresarial\/","title":{"rendered":"Un a\u00f1o de activismo empresarial"},"content":{"rendered":"<p style=\"text-align: justify;\">Hoy, hace justamente un a\u00f1o, se celebraron las \u00faltimas elecciones de PIMEC, que dieron paso al activismo empresarial que, desde entonces, trabaja para <strong>poner a las pymes y a los aut\u00f3nomos en el puente de mando de nuestra econom\u00eda.<\/strong><\/p>\n<p style=\"text-align: justify;\">Como siempre ha hecho, PIMEC sigue representando y defendiendo los valores e intereses del tejido empresarial con una voz propia e independiente y, desde hace un a\u00f1o, con <strong>un equipo renovado, plural, y transversal, formado por empresarias y empresarios representantes de diferentes sectores, colectivos y territorios.<\/strong><\/p>\n<p style=\"text-align: justify;\">En 2021 y el inicio de 2022 sigue siendo un momento intenso para las empresas, marcado todav\u00eda por los efectos de la pandemia y otros factores como la crisis del transporte de mercanc\u00edas, la falta de materias primas o el aumento del precio de la energ\u00eda que, entre otros factores, ha provocado la inflaci\u00f3n m\u00e1s grande de los \u00faltimos 30 a\u00f1os.<\/p>\n<p><iframe loading=\"lazy\" title=\"Fa un any que l\u2019activisme empresarial treballa per posar les pimes i aut\u00f2noms al pont de comandament\" width=\"1170\" height=\"658\" src=\"https:\/\/www.youtube.com\/embed\/bTfA6rUmPy0?feature=oembed\" frameborder=\"0\" allow=\"accelerometer; autoplay; clipboard-write; encrypted-media; gyroscope; picture-in-picture\" allowfullscreen><\/iframe><\/p>\n<p style=\"text-align: justify;\">Para salir reforzados de esta situaci\u00f3n, es necesario tener en cuenta a las pymes, el 99,8% de las empresas del pa\u00eds. Consideramos fundamental <strong>que las pymes puedan aprovechar las oportunidades, como por ejemplo lo son los fondos europeos Next Generation EU, para adaptarse a los retos y a los cambios en el modelo productivo y en el mercado de trabajo, donde elementos como la innovaci\u00f3n, la digitalizaci\u00f3n, la internacionalizaci\u00f3n y la sostenibilidad ser\u00e1n claves <\/strong>para alcanzar la competitividad y resiliencia que las empresas necesitan para crear riqueza y empleo.<\/p>\n<p style=\"text-align: justify;\">A lo largo de este primer a\u00f1o de mandato, hemos insistido a las diferentes administraciones p\u00fablicas en la importancia de <strong>legislar pensando primero en los peque\u00f1os para poder hacer grande nuestra econom\u00eda<\/strong>, afrontando todos los debates, negociando y logrando consensos para progresar como pa\u00eds en beneficio del inter\u00e9s general.<\/p>\n<p style=\"text-align: justify;\">PIMEC es el altavoz que denuncia los problemas de los empresarios y empresarias y que hace o\u00edr su voz con firmeza para incidir en las pol\u00edticas p\u00fablicas. Nuestras propuestas y medidas van encaminadas a <strong>que nuestras pymes puedan crecer, ser m\u00e1s productivas, viables y competitivas.<\/strong><\/p>\n<p style=\"text-align: justify;\">Reivindicamos una <strong>homologaci\u00f3n y democratizaci\u00f3n del mapa patronal de \u00e1mbito estatal, donde las pymes no estan representadas a pesar de contar con una voz propia y fuerte<\/strong>. Por eso, durante este a\u00f1o y junto con otras organizaciones empresariales de todo el Estado, hemos creado CONPYMES, la confederaci\u00f3n espa\u00f1ola de pymes. En las \u00faltimas semanas, hemos visto las consecuencias de no contar con una representaci\u00f3n real de las pymes a nivel estatal. Lamentamos que <strong>la reciente reforma laboral no responde a las necesidades de las micro, peque\u00f1as y medianas empresas<\/strong>, que una vez m\u00e1s, se han quedado fuera de las mesas de di\u00e1logo y negociaci\u00f3n a pesar de ser el motor de nuestra econom\u00eda.<\/p>\n<p style=\"text-align: justify;\">Por otra parte, tambi\u00e9n seguimos reclamando la <strong>importancia de la Formaci\u00f3n Profesional<\/strong> y luchando por conseguir un equilibrio entre la oferta y la demanda formativa, impulsando el papel de las pymes como agentes formativos y dando respuesta a las demandas de las empresas, as\u00ed como del mercado de trabajo.<\/p>\n<p>Este es solo el inicio del activismo empresarial y estoy seguro de que, entre todos, lograremos los retos que tenemos por delante, confiando en que pronto podamos volver a las condiciones normales de antes de que el covid-19 llegara a nuestras vidas, <strong>a trav\u00e9s de un progreso sostenible con el entorno y con corresponsabilidad empresarial.<\/strong><\/p>\n<p>Puedo garantizar que, desde PIMEC, continuaremos recorriendo Catalu\u00f1a a trav\u00e9s de nuestras sedes y delegaciones para escuchar a las empresas, con el apoyo de nuestras sedes y delegaciones en todo el territorio catal\u00e1n y en Bruselas, y mirando al futuro, un futuro en el cual Catalu\u00f1a ser\u00e1 una tierra de oportunidades en donde las pymes y los aut\u00f3nomos ser\u00e1n protagonistas.<\/p>\n<p>&nbsp;<\/p>\n<p style=\"text-align: center;\"><strong>Antoni Ca\u00f1ete \u2013 Presidente de PIMEC<\/strong><\/p>\n","protected":false},"excerpt":{"rendered":"<p>Hoy, hace justamente un a\u00f1o, se celebraron las \u00faltimas elecciones de PIMEC, que dieron paso al activismo empresarial que, desde entonces, trabaja para poner a las pymes y a los aut\u00f3nomos en el puente de mando de nuestra econom\u00eda. Como siempre ha hecho, PIMEC sigue representando y defendiendo los valores e intereses del tejido empresarial con una voz propia e independiente y, desde hace un a\u00f1o, con un equipo renovado, plural, y transversal, formado por empresarias y empresarios representantes de diferentes sectores, colectivos y territorios. En 2021 y el inicio de 2022 sigue siendo un momento intenso para las empresas,<\/p>\n","protected":false},"author":61,"featured_media":0,"comment_status":"open","ping_status":"closed","sticky":false,"template":"","format":"standard","meta":[],"categories":[770],"tags":[],"_links":{"self":[{"href":"https:\/\/www.pimealdia.org\/es\/wp-json\/wp\/v2\/posts\/26435"}],"collection":[{"href":"https:\/\/www.pimealdia.org\/es\/wp-json\/wp\/v2\/posts"}],"about":[{"href":"https:\/\/www.pimealdia.org\/es\/wp-json\/wp\/v2\/types\/post"}],"author":[{"embeddable":true,"href":"https:\/\/www.pimealdia.org\/es\/wp-json\/wp\/v2\/users\/61"}],"replies":[{"embeddable":true,"href":"https:\/\/www.pimealdia.org\/es\/wp-json\/wp\/v2\/comments?post=26435"}],"version-history":[{"count":5,"href":"https:\/\/www.pimealdia.org\/es\/wp-json\/wp\/v2\/posts\/26435\/revisions"}],"predecessor-version":[{"id":26440,"href":"https:\/\/www.pimealdia.org\/es\/wp-json\/wp\/v2\/posts\/26435\/revisions\/26440"}],"wp:attachment":[{"href":"https:\/\/www.pimealdia.org\/es\/wp-json\/wp\/v2\/media?parent=26435"}],"wp:term":[{"taxonomy":"category","embeddable":true,"href":"https:\/\/www.pimealdia.org\/es\/wp-json\/wp\/v2\/categories?post=26435"},{"taxonomy":"post_tag","embeddable":true,"href":"https:\/\/www.pimealdia.org\/es\/wp-json\/wp\/v2\/tags?post=26435"}],"curies":[{"name":"wp","href":"https:\/\/api.w.org\/{rel}","templated":true}]}}