{"id":26482,"date":"2022-03-03T13:53:33","date_gmt":"2022-03-03T11:53:33","guid":{"rendered":"https:\/\/www.pimealdia.org\/?p=26482\/"},"modified":"2022-03-07T10:23:33","modified_gmt":"2022-03-07T08:23:33","slug":"que-les-dirias-a-las-mujeres-que-son-autonomas-o-quieren-emprender-un-negocio","status":"publish","type":"post","link":"https:\/\/www.pimealdia.org\/es\/que-les-dirias-a-las-mujeres-que-son-autonomas-o-quieren-emprender-un-negocio\/","title":{"rendered":"\u00bfQu\u00e9 les dir\u00edas a las mujeres que son aut\u00f3nomas o quieren emprender un negocio?"},"content":{"rendered":"<p style=\"text-align: justify;\">Una de las preguntas que me hacen habitualmente en las entrevistas sobre mujer aut\u00f3noma es: \u201c\u00bfQu\u00e9 les dir\u00edas a las mujeres que son aut\u00f3nomas o que quieren emprender un negocio?\u201d.<\/p>\n<p style=\"text-align: justify;\">Ante todo, quiero recalcar que no hablamos de un colectivo homog\u00e9neo. Entender esta diversidad hace que las recomendaciones puedan variar en funci\u00f3n de cada situaci\u00f3n. Sin embargo, los estudios nos ponen de manifiesto una situaci\u00f3n que afecta al colectivo femenino que quiere emprender, o bien que ya tiene un negocio en funcionamiento. No pretendo entrar en las causas, sino en la descripci\u00f3n de los datos que aportan estos estudios.<\/p>\n<p style=\"text-align: justify;\">En primer lugar, es necesario destacar que el \u00faltimo informe GEM publicado, el GEM Espa\u00f1a 2020-2021, indica que las mujeres, en relaci\u00f3n con el colectivo masculino, percibimos menos oportunidades a la hora de emprender;<strong> manifestamos m\u00e1s miedo al fracaso; conocemos menos referentes en nuestro entorno que hayan iniciado un proyecto emprendedor<\/strong>; y s\u00f3lo el 50% considera que su entorno valora el emprendimiento como una buena opci\u00f3n profesional.<\/p>\n<p style=\"text-align: justify;\">Los datos preliminares de un estudio realizado por Aut\u00f2noms PIMEC (enero 2022) nos indican tambi\u00e9n que las principales dificultades que tenemos las mujeres aut\u00f3nomas en el desarrollo de nuestra actividad son la conciliaci\u00f3n familiar, la imposibilidad de tener aficiones personales, el tiempo de descanso, algunas enfermedades recurrentes y mantener un cierto nivel de relaciones sociales. Relacionado con estos aspectos, el estudio tambi\u00e9n indica que el tiempo de dedicaci\u00f3n a la actividad es muy elevado, por encima de lo que ser\u00eda una jornada como persona asalariada y con menos vacaciones; y con una retribuci\u00f3n mayoritariamente inferior a la que recibir\u00edan si trabajaran por cuenta ajena.<\/p>\n<p style=\"text-align: justify;\">A la vista de esta situaci\u00f3n, \u00bfqu\u00e9 les dir\u00eda a las mujeres que son aut\u00f3nomas o que se plantean iniciar una actividad por cuenta propia?<\/p>\n<p style=\"text-align: justify;\">Para empezar, les dir\u00eda que desarrollar una actividad por cuenta propia conlleva mucha dedicaci\u00f3n y superar muchos obst\u00e1culos. Es importante saber cu\u00e1l es tu prop\u00f3sito en relaci\u00f3n con lo que quieres hacer. Dicho de otro modo, <strong>saber la \u201craz\u00f3n poderosa\u201d de por qu\u00e9 te dedicas a lo que te dedicas.<\/strong><\/p>\n<p style=\"text-align: justify;\">En segundo lugar, no esperar a tener todo perfecto.<strong> Un proyecto, una idea que est\u00e1 bien, ya puede empezar a caminar<\/strong> y se va ajustando a medida que avanza.<\/p>\n<p style=\"text-align: justify;\">Buscar referentes del mismo sector y, tambi\u00e9n, de otros sectores que inspiren por lo que han hecho y por c\u00f3mo lo han hecho.<\/p>\n<p style=\"text-align: justify;\">Trabajar los soportes familiares y profesionales. A nivel familiar, la gesti\u00f3n del propio negocio puede comportar repartir los trabajos y responsabilidades de manera diferente. Esto afecta a la persona y a todo su entorno familiar. A nivel profesional, hay que desarrollar la red de contactos que permita obtener los recursos cuando se necesiten.<\/p>\n<p style=\"text-align: justify;\">Cuidarse. La pieza fundamental en el desarrollo del negocio es la persona promotora y, en muchas ocasiones, en el d\u00eda a d\u00eda, nos ponemos en segundo lugar.<\/p>\n<p style=\"text-align: justify;\">Por \u00faltimo, el camino es largo y siempre se abren nuevas aspiraciones, nuevos retos. Es necesario plantearlo, etapa a etapa y, sobre todo, valorar lo que se ha logrado.<\/p>\n<p style=\"text-align: justify;\"><strong>\u00a0<\/strong><\/p>\n<p style=\"text-align: center;\"><strong>Elisabet Bach \u2013 Presidenta d\u2019Aut\u00f2noms PIMEC<\/strong><\/p>\n","protected":false},"excerpt":{"rendered":"<p>Una de las preguntas que me hacen habitualmente en las entrevistas sobre mujer aut\u00f3noma es: \u201c\u00bfQu\u00e9 les dir\u00edas a las mujeres que son aut\u00f3nomas o que quieren emprender un negocio?\u201d. Ante todo, quiero recalcar que no hablamos de un colectivo homog\u00e9neo. Entender esta diversidad hace que las recomendaciones puedan variar en funci\u00f3n de cada situaci\u00f3n. Sin embargo, los estudios nos ponen de manifiesto una situaci\u00f3n que afecta al colectivo femenino que quiere emprender, o bien que ya tiene un negocio en funcionamiento. No pretendo entrar en las causas, sino en la descripci\u00f3n de los datos que aportan estos estudios. En<\/p>\n","protected":false},"author":105,"featured_media":26153,"comment_status":"open","ping_status":"closed","sticky":false,"template":"","format":"standard","meta":[],"categories":[770],"tags":[],"_links":{"self":[{"href":"https:\/\/www.pimealdia.org\/es\/wp-json\/wp\/v2\/posts\/26482"}],"collection":[{"href":"https:\/\/www.pimealdia.org\/es\/wp-json\/wp\/v2\/posts"}],"about":[{"href":"https:\/\/www.pimealdia.org\/es\/wp-json\/wp\/v2\/types\/post"}],"author":[{"embeddable":true,"href":"https:\/\/www.pimealdia.org\/es\/wp-json\/wp\/v2\/users\/105"}],"replies":[{"embeddable":true,"href":"https:\/\/www.pimealdia.org\/es\/wp-json\/wp\/v2\/comments?post=26482"}],"version-history":[{"count":5,"href":"https:\/\/www.pimealdia.org\/es\/wp-json\/wp\/v2\/posts\/26482\/revisions"}],"predecessor-version":[{"id":26548,"href":"https:\/\/www.pimealdia.org\/es\/wp-json\/wp\/v2\/posts\/26482\/revisions\/26548"}],"wp:featuredmedia":[{"embeddable":true,"href":"https:\/\/www.pimealdia.org\/es\/wp-json\/wp\/v2\/media\/26153"}],"wp:attachment":[{"href":"https:\/\/www.pimealdia.org\/es\/wp-json\/wp\/v2\/media?parent=26482"}],"wp:term":[{"taxonomy":"category","embeddable":true,"href":"https:\/\/www.pimealdia.org\/es\/wp-json\/wp\/v2\/categories?post=26482"},{"taxonomy":"post_tag","embeddable":true,"href":"https:\/\/www.pimealdia.org\/es\/wp-json\/wp\/v2\/tags?post=26482"}],"curies":[{"name":"wp","href":"https:\/\/api.w.org\/{rel}","templated":true}]}}