{"id":26577,"date":"2022-03-07T13:31:52","date_gmt":"2022-03-07T11:31:52","guid":{"rendered":"https:\/\/www.pimealdia.org\/?p=26577\/"},"modified":"2022-03-07T18:40:29","modified_gmt":"2022-03-07T16:40:29","slug":"igualdad-por-un-futuro-sostenible-y-prospero","status":"publish","type":"post","link":"https:\/\/www.pimealdia.org\/es\/igualdad-por-un-futuro-sostenible-y-prospero\/","title":{"rendered":"Igualdad: por un futuro sostenible y pr\u00f3spero"},"content":{"rendered":"<p style=\"text-align: center;\"><em>\u201cNo olvid\u00e9is nunca que ser\u00e1 suficiente con una crisis pol\u00edtica, econ\u00f3mica o religiosa para que los derechos de las mujeres se cuestionen. Estos derechos nunca son adquiridos. Tendr\u00e1 que permanecer alerta durante toda su vida.\u201d <\/em><\/p>\n<p style=\"text-align: center;\"><em>Simone de Beauvoir, El segundo sexo (1949).<\/em><\/p>\n<p>&nbsp;<\/p>\n<p style=\"text-align: justify;\">En este a\u00f1o 2022, Naciones Unidas quiere reconocer la contribuci\u00f3n de las mujeres y ni\u00f1as a la adaptaci\u00f3n al cambio clim\u00e1tico, a su mitigaci\u00f3n y respuesta para construir un futuro m\u00e1s sostenible para todos. <strong>En Europa, este 8M llega en un momento especialmente dif\u00edcil cuando, a\u00fan no superados los efectos de la pandemia y en v\u00edas de estructurar nuestra recuperaci\u00f3n econ\u00f3mica, la guerra estall\u00f3 en Ucrania y trajo destrucci\u00f3n, muerte y una importante corriente migratoria en el coraz\u00f3n de nuestro continente.<\/strong><\/p>\n<p style=\"text-align: justify;\">Las crisis sanitaria, medioambiental, econ\u00f3mica y ahora b\u00e9lica est\u00e1n teniendo consecuencias dram\u00e1ticas en nuestra supervivencia como especie y est\u00e1n afectando de forma particularmente grave a mujeres y ni\u00f1as.<\/p>\n<p style=\"text-align: justify;\">Varios informes publicados en los \u00faltimos meses calculan que s\u00f3lo la pandemia ha supuesto un gran retraso en la consecuci\u00f3n de los objetivos de igualdad: el World Economic Forum, que en diciembre de 2019 calculaba que llegar\u00edamos a la igualdad, en diversas \u00e1reas y mundialmente, en unos 99,5 a\u00f1os, en su informe de 2021 sit\u00faa la cifra en 135,6 a\u00f1os. No es ni justo, ni admisible.<\/p>\n<p style=\"text-align: justify;\"><strong><img loading=\"lazy\" class=\"size-medium wp-image-26515 alignleft\" src=\"https:\/\/www.pimealdia.org\/wp-content\/uploads\/2022\/03\/pexels-photo-7734607-223x300.jpeg\" alt=\"\" width=\"223\" height=\"300\" srcset=\"https:\/\/www.pimealdia.org\/wp-content\/uploads\/2022\/03\/pexels-photo-7734607-223x300.jpeg 223w, https:\/\/www.pimealdia.org\/wp-content\/uploads\/2022\/03\/pexels-photo-7734607-762x1024.jpeg 762w, https:\/\/www.pimealdia.org\/wp-content\/uploads\/2022\/03\/pexels-photo-7734607-480x645.jpeg 480w, https:\/\/www.pimealdia.org\/wp-content\/uploads\/2022\/03\/pexels-photo-7734607.jpeg 967w\" sizes=\"(max-width: 223px) 100vw, 223px\" \/>Las mujeres han sido m\u00e1s vulnerables a los riesgos econ\u00f3micos y sociales generados por la pandemia: han perdido su trabajo en mayor proporci\u00f3n; han tardado m\u00e1s en reintegrarse en sus puestos de trabajo y han cargado con tareas dom\u00e9sticas y de cuidados a causa de un teletrabajo que ha invadido la esfera personal<\/strong> y que, si bien por un lado ha permitido la continuidad laboral, por otra se ha vuelto en contra de la conciliaci\u00f3n.<\/p>\n<p style=\"text-align: justify;\">Por su parte, el cambio clim\u00e1tico est\u00e1 afectando, entre otras cuestiones, a la agricultura, la biodiversidad, las reservas de agua y la salud, y provoca migraciones. En m\u00faltiples contextos, las mujeres \u2013mayor\u00eda en las capas m\u00e1s pobres de las sociedades y m\u00e1s dependientes de los recursos naturales\u2013 son m\u00e1s vulnerables a estos efectos y, al mismo tiempo, deben afrontar m\u00e1s barreras sociales, pol\u00edticas y econ\u00f3micas.<\/p>\n<p style=\"text-align: justify;\">La guerra, por \u00faltimo, nos trae im\u00e1genes de misiles estallando en el coraz\u00f3n de ciudades que ayer estaban llenas de vida; colas de personas (muchas mujeres, muchos ni\u00f1os) huyendo para refugiarse en pa\u00edses cercanos; pol\u00edticos (casi exclusivamente hombres) lanzando mensajes amenazantes, una escalada de tensi\u00f3n y un panorama desolador en un momento en el que est\u00e1bamos plante\u00e1ndonos (y nos planteamos) la reconstrucci\u00f3n de nuestras econom\u00edas da\u00f1adas.<\/p>\n<p style=\"text-align: justify;\">Hace tiempo que vivimos en un entorno vol\u00e1til, incierto, complejo y ambiguo, donde todo avanza de forma acelerada, donde cuesta captar el sentido de las cosas y donde a veces es confuso saber cu\u00e1les son los movimientos que hay que hacer para obtener los resultados que proyectamos. Pero a la vista de los retos may\u00fasculos que tenemos por delante, y que se nos multiplican, necesitamos saber navegar la incertidumbre y hacerlo con una mirada clara sobre lo que realmente importa.<\/p>\n<p style=\"text-align: justify;\"><strong>Debemos entender el mundo en su integridad, comprender la interrelaci\u00f3n de todos sus elementos, tomar conciencia de que el sostenimiento de la vida es un valor en s\u00ed mismo, imprescindible, y que necesitamos nuevas miradas a nuestras realidades actuales para generar una visi\u00f3n com\u00fan del futuro al que queremos llegar<\/strong>: un futuro que debe ser sostenible, pr\u00f3spero y justo para todas las personas.<\/p>\n<p style=\"text-align: justify;\">Desde la Comisi\u00f3n Mujer y Empresa iniciamos este 8M el &#8220;Ciclo: Nuevas Miradas a la Econom\u00eda&#8221;, con el objetivo de activarnos para conocer nuevas propuestas que nos permitan dise\u00f1ar mejores pol\u00edticas y mejores indicadores que promuevan la prosperidad para nuestras sociedades y que tengan en cuenta lo que importa, ampliando nuestro campo de visi\u00f3n y sumando, sumando siempre el 100% de nuestro talento, en nuestra diversidad, para construir el mundo que merecemos. Le invitamos a acompa\u00f1arnos. \u00a1Hay mucho que hacer!<\/p>\n<p style=\"text-align: center;\"><strong>Maria Teixidor \u2013 Presidenta de la comisi\u00f3n Mujer y Empresa de PIMEC<\/strong><\/p>\n","protected":false},"excerpt":{"rendered":"<p>\u201cNo olvid\u00e9is nunca que ser\u00e1 suficiente con una crisis pol\u00edtica, econ\u00f3mica o religiosa para que los derechos de las mujeres se cuestionen. Estos derechos nunca son adquiridos. Tendr\u00e1 que permanecer alerta durante toda su vida.\u201d Simone de Beauvoir, El segundo sexo (1949). &nbsp; En este a\u00f1o 2022, Naciones Unidas quiere reconocer la contribuci\u00f3n de las mujeres y ni\u00f1as a la adaptaci\u00f3n al cambio clim\u00e1tico, a su mitigaci\u00f3n y respuesta para construir un futuro m\u00e1s sostenible para todos. En Europa, este 8M llega en un momento especialmente dif\u00edcil cuando, a\u00fan no superados los efectos de la pandemia y en v\u00edas de<\/p>\n","protected":false},"author":163,"featured_media":26567,"comment_status":"open","ping_status":"closed","sticky":false,"template":"","format":"standard","meta":[],"categories":[770],"tags":[],"_links":{"self":[{"href":"https:\/\/www.pimealdia.org\/es\/wp-json\/wp\/v2\/posts\/26577"}],"collection":[{"href":"https:\/\/www.pimealdia.org\/es\/wp-json\/wp\/v2\/posts"}],"about":[{"href":"https:\/\/www.pimealdia.org\/es\/wp-json\/wp\/v2\/types\/post"}],"author":[{"embeddable":true,"href":"https:\/\/www.pimealdia.org\/es\/wp-json\/wp\/v2\/users\/163"}],"replies":[{"embeddable":true,"href":"https:\/\/www.pimealdia.org\/es\/wp-json\/wp\/v2\/comments?post=26577"}],"version-history":[{"count":5,"href":"https:\/\/www.pimealdia.org\/es\/wp-json\/wp\/v2\/posts\/26577\/revisions"}],"predecessor-version":[{"id":26582,"href":"https:\/\/www.pimealdia.org\/es\/wp-json\/wp\/v2\/posts\/26577\/revisions\/26582"}],"wp:featuredmedia":[{"embeddable":true,"href":"https:\/\/www.pimealdia.org\/es\/wp-json\/wp\/v2\/media\/26567"}],"wp:attachment":[{"href":"https:\/\/www.pimealdia.org\/es\/wp-json\/wp\/v2\/media?parent=26577"}],"wp:term":[{"taxonomy":"category","embeddable":true,"href":"https:\/\/www.pimealdia.org\/es\/wp-json\/wp\/v2\/categories?post=26577"},{"taxonomy":"post_tag","embeddable":true,"href":"https:\/\/www.pimealdia.org\/es\/wp-json\/wp\/v2\/tags?post=26577"}],"curies":[{"name":"wp","href":"https:\/\/api.w.org\/{rel}","templated":true}]}}