{"id":26595,"date":"2022-03-14T12:42:50","date_gmt":"2022-03-14T10:42:50","guid":{"rendered":"https:\/\/www.pimealdia.org\/?p=26595\/"},"modified":"2022-03-14T13:37:23","modified_gmt":"2022-03-14T11:37:23","slug":"menos-iva-es-igual-a-mas-salud","status":"publish","type":"post","link":"https:\/\/www.pimealdia.org\/es\/menos-iva-es-igual-a-mas-salud\/","title":{"rendered":"Menos IVA es igual a m\u00e1s salud"},"content":{"rendered":"<p style=\"text-align: justify;\"><strong>La actividad f\u00edsica es un bien esencial para cualquier sociedad culta y saludable<\/strong>. Esta es una evidencia que dudo que a estas alturas alguien se atreva a discutir, puesto que son muchos los estudios que as\u00ed lo confirman.<\/p>\n<p style=\"text-align: justify;\">Durante la pandemia se han publicado m\u00faltiples estudios que demuestran que las <strong>personas activas tienen una mayor cobertura contra los efectos de la enfermedad provocada por el coronavirus<\/strong>. Pero m\u00e1s all\u00e1 de esto, <strong>el sedentarismo es el cuarto factor de mortalidad mundial<\/strong>, hecho por el que no es extra\u00f1o que el Congreso de los Diputados aprobara la actividad f\u00edsica como actividad esencial dentro de la Comisi\u00f3n de Cultura y Deporte.<\/p>\n<p style=\"text-align: justify;\">Cuando el IVA increment\u00f3 del 8% al 21% en 2012, <strong>muchas personas abandonaron su vinculaci\u00f3n con su centro deportivo<\/strong> y abandonaron tambi\u00e9n la pr\u00e1ctica de actividad f\u00edsica. A\u00fan as\u00ed, si el IVA se reduce, esto tendr\u00e1 un impacto en la sociedad que tiene que contribuir a que muchas m\u00e1s personas se incorporen a la pr\u00e1ctica de actividad f\u00edsica saludable, segura y regular. Adem\u00e1s, la reducci\u00f3n del IVA tambi\u00e9n tendr\u00eda efectos sobre <strong>las empresas vinculadas al sector de la actividad f\u00edsica y fitness, generando m\u00e1s empleo y m\u00e1s volumen de negocio.<\/strong><\/p>\n<p><strong style=\"text-align: justify;\"><img loading=\"lazy\" class=\"size-medium wp-image-26599 alignright\" src=\"https:\/\/www.pimealdia.org\/wp-content\/uploads\/2022\/03\/pexels-photo-8454902-200x300.jpeg\" alt=\"\" width=\"200\" height=\"300\" srcset=\"https:\/\/www.pimealdia.org\/wp-content\/uploads\/2022\/03\/pexels-photo-8454902-200x300.jpeg 200w, https:\/\/www.pimealdia.org\/wp-content\/uploads\/2022\/03\/pexels-photo-8454902-683x1024.jpeg 683w, https:\/\/www.pimealdia.org\/wp-content\/uploads\/2022\/03\/pexels-photo-8454902-480x719.jpeg 480w, https:\/\/www.pimealdia.org\/wp-content\/uploads\/2022\/03\/pexels-photo-8454902.jpeg 1001w\" sizes=\"(max-width: 200px) 100vw, 200px\" \/><\/strong><\/p>\n<p style=\"text-align: justify;\">Por eso, y con <strong>el objetivo de que la mayor\u00eda de la poblaci\u00f3n se beneficie de los efectos positivos de la pr\u00e1ctica deportiva<\/strong>, es necesario potenciar pol\u00edticas de fomento de la pr\u00e1ctica de actividad f\u00edsica y deportiva, tambi\u00e9n desde la pol\u00edtica fiscal, puesto que menos IVA es igual a m\u00e1s salud econ\u00f3mica y para las personas, que es la m\u00e1s importante.<\/p>\n<p style=\"text-align: justify;\">Por otro lado, no entendemos ni compartimos el argumento preventivo de que las empresas no trasladar\u00e1n la reducci\u00f3n del tipo al precio. Nos parece un argumento d\u00e9bil a la hora de tomar una decisi\u00f3n tan relevante que se tiene que analizar desde la perspectiva del incremento de la pr\u00e1ctica deportiva y de la salud de las empresas del sector, pero tambi\u00e9n incorporando la perspectiva del ahorro en los presupuestos p\u00fablicos.<\/p>\n<p style=\"text-align: justify;\">En definitiva, <strong>hace falta la reducci\u00f3n del tipo de IVA de forma urgente<\/strong> para la reactivaci\u00f3n de un sector tan afectado por la pandemia y las restricciones que se han derivado. <strong>Las empresas del mundo deportivo queremos un IVA reducido del 10%, de aplicaci\u00f3n general, y una exenci\u00f3n de IVA o IVA s\u00faper reducido (4%), aplicable a la actividad f\u00edsica prescrita por facultativos m\u00e9dicos<\/strong>, pues el IVA que se aplica a la actividad f\u00edsica y deportiva, no es exclusivamente una cuesti\u00f3n de fiscalidad, estamos ante un <strong>asunto de salud p\u00fablica, de creaci\u00f3n de puestos de trabajo y de creaci\u00f3n de riqueza.<\/strong><\/p>\n<p>&nbsp;<\/p>\n<p style=\"text-align: center;\"><strong>August Tarrag\u00f3 &#8211; Presidente de PIMEC Esport<\/strong><\/p>\n","protected":false},"excerpt":{"rendered":"<p>La actividad f\u00edsica es un bien esencial para cualquier sociedad culta y saludable. Esta es una evidencia que dudo que a estas alturas alguien se atreva a discutir, puesto que son muchos los estudios que as\u00ed lo confirman. Durante la pandemia se han publicado m\u00faltiples estudios que demuestran que las personas activas tienen una mayor cobertura contra los efectos de la enfermedad provocada por el coronavirus. Pero m\u00e1s all\u00e1 de esto, el sedentarismo es el cuarto factor de mortalidad mundial, hecho por el que no es extra\u00f1o que el Congreso de los Diputados aprobara la actividad f\u00edsica como actividad esencial<\/p>\n","protected":false},"author":176,"featured_media":26590,"comment_status":"open","ping_status":"closed","sticky":false,"template":"","format":"standard","meta":[],"categories":[770],"tags":[],"_links":{"self":[{"href":"https:\/\/www.pimealdia.org\/es\/wp-json\/wp\/v2\/posts\/26595"}],"collection":[{"href":"https:\/\/www.pimealdia.org\/es\/wp-json\/wp\/v2\/posts"}],"about":[{"href":"https:\/\/www.pimealdia.org\/es\/wp-json\/wp\/v2\/types\/post"}],"author":[{"embeddable":true,"href":"https:\/\/www.pimealdia.org\/es\/wp-json\/wp\/v2\/users\/176"}],"replies":[{"embeddable":true,"href":"https:\/\/www.pimealdia.org\/es\/wp-json\/wp\/v2\/comments?post=26595"}],"version-history":[{"count":5,"href":"https:\/\/www.pimealdia.org\/es\/wp-json\/wp\/v2\/posts\/26595\/revisions"}],"predecessor-version":[{"id":26605,"href":"https:\/\/www.pimealdia.org\/es\/wp-json\/wp\/v2\/posts\/26595\/revisions\/26605"}],"wp:featuredmedia":[{"embeddable":true,"href":"https:\/\/www.pimealdia.org\/es\/wp-json\/wp\/v2\/media\/26590"}],"wp:attachment":[{"href":"https:\/\/www.pimealdia.org\/es\/wp-json\/wp\/v2\/media?parent=26595"}],"wp:term":[{"taxonomy":"category","embeddable":true,"href":"https:\/\/www.pimealdia.org\/es\/wp-json\/wp\/v2\/categories?post=26595"},{"taxonomy":"post_tag","embeddable":true,"href":"https:\/\/www.pimealdia.org\/es\/wp-json\/wp\/v2\/tags?post=26595"}],"curies":[{"name":"wp","href":"https:\/\/api.w.org\/{rel}","templated":true}]}}