{"id":26895,"date":"2022-07-03T13:47:51","date_gmt":"2022-07-03T11:47:51","guid":{"rendered":"https:\/\/www.pimealdia.org\/millorar-la-logistica-per-impulsar-leconomia\/"},"modified":"2022-07-14T11:58:47","modified_gmt":"2022-07-14T09:58:47","slug":"millorar-la-logistica-per-impulsar-leconomia","status":"publish","type":"post","link":"https:\/\/www.pimealdia.org\/es\/millorar-la-logistica-per-impulsar-leconomia\/","title":{"rendered":"Millorar la log\u00edstica per impulsar l\u2019economia"},"content":{"rendered":"<p style=\"text-align: justify;\">Amb el f\u00f2rum mundial d\u2019economia a Davos i la intenci\u00f3 del Govern espanyol de presentar el nostre pa\u00eds com a un referent log\u00edstic a Europa, les millores i inversions en infraestructures tornen a estar de nou a la taula de debat. I es que <strong>\u00e9s indiscutible el necessari impuls de les nostres infraestructures com a element clau per a una economia forta i competitiva<\/strong>.<\/p>\n<p style=\"text-align: justify;\">En primer lloc, vull posar en valor l\u2019aportaci\u00f3 de les exportacions al creixement econ\u00f2mic i, en aquest sentit, la import\u00e0ncia\u00a0 d\u2019aprofitar la posici\u00f3 geogr\u00e0fica estrat\u00e8gica de Catalunya i Espanya, al mig del flux mundial de mercaderies. A m\u00e9s, cal destacar que <strong>el sector log\u00edstic catal\u00e0 suposa 28.000 milions del VAB i un 12,7% del PIB<\/strong>.<\/p>\n<p style=\"text-align: justify;\">Des de PIMEC Log\u00edstica hem xifrat que <strong>Catalunya requereix d\u2019una inversi\u00f3 real executada de 45.333 milions d\u2019euros per eliminar el d\u00e8ficit d\u2019infraestructures fins a l\u2019any 2030 i arribar aleshores al 19% del pes a l\u2019Estat<\/strong>. Llavors, quines mesures serien necess\u00e0ries per aconseguir m\u00e9s\u00a0efici\u00e8ncia log\u00edstica a trav\u00e9s d\u2019infraestructures eficaces que tinguin en compte la intermodalitat, la sostenibilitat, la innovaci\u00f3 i la formaci\u00f3?<\/p>\n<p style=\"text-align: justify;\"><img loading=\"lazy\" class=\"wp-image-26883 alignright\" src=\"https:\/\/www.pimealdia.org\/wp-content\/uploads\/2022\/05\/highway-3392100_960_720.jpg\" alt=\"\" width=\"278\" height=\"167\" \/>A continuaci\u00f3 posar\u00e9 alguns exemples: <strong>potenciar la xarxa vi\u00e0ria de connexi\u00f3 del territori<\/strong>\u00a0(manteniment, vies estrat\u00e8giques, problemes amb els peatges&#8230;), i <strong>acabar amb la congesti\u00f3 de Barcelona a trav\u00e9s d\u2019un impuls de la xarxa ferrovi\u00e0ria de Rodalies i del foment de l\u2019\u00fas del transport p\u00fablic en benefici del medi ambient<\/strong>. Tamb\u00e9 convindria <strong>millorar la \u00a0gesti\u00f3 de la mobilitat de les persones treballadores<\/strong>, potenciant les pol\u00edtiques park&amp;ride, garantint l\u2019acc\u00e9s als pol\u00edgons industrials mitjan\u00e7ant infraestructures d\u2019intermodalitat, i fent un seguiment del pla de rodalies del Ministeri de Foment\u00a0per assegurar el seu compliment amb l\u2019objectiu de millorar la seva fiabilitat, capacitat i\u00a0 seguretat.<\/p>\n<p style=\"text-align: justify;\">D\u2019altra banda, sobre la mobilitat de les mercaderies, s\u2019ha de <strong>garantir que les principals \u00e0rees d\u2019activitat econ\u00f2mica i nodes log\u00edstics,\u00a0 portuaris i aeroportuaris estiguin connectats<\/strong>, en coher\u00e8ncia amb la conformaci\u00f3 del Corredor Mediterrani. Per posar alguns exemples m\u00e9s de mesures necess\u00e0ries concretes fonamentals a mig i llarg termini, des de PIMEC fa temps que demanem el\u00a0<strong>desenvolupament de nous parcs log\u00edstics sostenibles<\/strong> d\u2019\u00faltima generaci\u00f3\u00a0per donar\u00a0 resposta als requeriments de la ind\u00fastria catalana, la demanda creixent del comer\u00e7\u00a0 electr\u00f2nic i l\u2019optimitzaci\u00f3 de les rutes de distribuci\u00f3. Finalment, i entre moltes altres q\u00fcestions, defensem\u00a0<strong>solucionar els colls d\u2019ampolla arreu del territori<\/strong>, una gesti\u00f3 integral aeroportu\u00e0ria KM 0, i un pla per aconseguir que l\u2019aeroport d\u2019Alguaire sigui l\u2019aeroport de\u00a0 mercaderies de refer\u00e8ncia al pa\u00eds.<\/p>\n<p style=\"text-align: justify;\">Per aconseguir tot aix\u00f2, ser\u00e0 imprescindible <strong>una planificaci\u00f3 i una gesti\u00f3 integrals, complimentant el trasp\u00e0s de la gesti\u00f3 d\u2019infraestructures estrat\u00e8giques a la Generalitat<\/strong>, com el port, els aeroports i el Consorci de la Zona Franca.<\/p>\n","protected":false},"excerpt":{"rendered":"<p>Amb el f\u00f2rum mundial d\u2019economia a Davos i la intenci\u00f3 del Govern espanyol de presentar el nostre pa\u00eds com a un referent log\u00edstic a Europa, les millores i inversions en infraestructures tornen a estar de nou a la taula de debat. I es que \u00e9s indiscutible el necessari impuls de les nostres infraestructures com a element clau per a una economia forta i competitiva. En primer lloc, vull posar en valor l\u2019aportaci\u00f3 de les exportacions al creixement econ\u00f2mic i, en aquest sentit, la import\u00e0ncia\u00a0 d\u2019aprofitar la posici\u00f3 geogr\u00e0fica estrat\u00e8gica de Catalunya i Espanya, al mig del flux mundial de mercaderies.<\/p>\n","protected":false},"author":180,"featured_media":0,"comment_status":"open","ping_status":"closed","sticky":false,"template":"","format":"standard","meta":[],"categories":[770,329],"tags":[],"_links":{"self":[{"href":"https:\/\/www.pimealdia.org\/es\/wp-json\/wp\/v2\/posts\/26895"}],"collection":[{"href":"https:\/\/www.pimealdia.org\/es\/wp-json\/wp\/v2\/posts"}],"about":[{"href":"https:\/\/www.pimealdia.org\/es\/wp-json\/wp\/v2\/types\/post"}],"author":[{"embeddable":true,"href":"https:\/\/www.pimealdia.org\/es\/wp-json\/wp\/v2\/users\/180"}],"replies":[{"embeddable":true,"href":"https:\/\/www.pimealdia.org\/es\/wp-json\/wp\/v2\/comments?post=26895"}],"version-history":[{"count":2,"href":"https:\/\/www.pimealdia.org\/es\/wp-json\/wp\/v2\/posts\/26895\/revisions"}],"predecessor-version":[{"id":27174,"href":"https:\/\/www.pimealdia.org\/es\/wp-json\/wp\/v2\/posts\/26895\/revisions\/27174"}],"wp:attachment":[{"href":"https:\/\/www.pimealdia.org\/es\/wp-json\/wp\/v2\/media?parent=26895"}],"wp:term":[{"taxonomy":"category","embeddable":true,"href":"https:\/\/www.pimealdia.org\/es\/wp-json\/wp\/v2\/categories?post=26895"},{"taxonomy":"post_tag","embeddable":true,"href":"https:\/\/www.pimealdia.org\/es\/wp-json\/wp\/v2\/tags?post=26895"}],"curies":[{"name":"wp","href":"https:\/\/api.w.org\/{rel}","templated":true}]}}