{"id":26967,"date":"2022-07-08T16:19:13","date_gmt":"2022-07-08T14:19:13","guid":{"rendered":"https:\/\/www.pimealdia.org\/?p=26967\/"},"modified":"2022-07-14T11:54:12","modified_gmt":"2022-07-14T09:54:12","slug":"necesidades-de-viabilidad-empresarial-ante-el-actual-escenario-de-incertidumbres","status":"publish","type":"post","link":"https:\/\/www.pimealdia.org\/es\/necesidades-de-viabilidad-empresarial-ante-el-actual-escenario-de-incertidumbres\/","title":{"rendered":"Necesidades de viabilidad empresarial ante el actual escenario de incertidumbres"},"content":{"rendered":"<p style=\"text-align: justify;\">El tejido empresarial todav\u00eda est\u00e1 sufriendo los efectos de la pandemia en la econom\u00eda y la sociedad, los cuales se han visto agravados por otras problem\u00e1ticas, como las derivadas del conflicto b\u00e9lico en Ucrania. Por estas razones, podemos decir que las empresas, especialmente las pymes y las personas aut\u00f3nomas, est\u00e1n teniendo <strong>serias dificultades para hacer frente al aumento de los costes empresariales, con unas finanzas muy afectadas que ocasionan problemas de liquidez y viabilidad empresarial<\/strong>.<\/p>\n<p style=\"text-align: justify;\">Por eso es necesaria \u2013entre otras acciones\u2013 una <strong>pr\u00f3rroga de las medidas Covid-19 de apoyo a la liquidez y la solvencia de las empresas m\u00e1s all\u00e1 del 30 de junio<\/strong>. Ante el hecho de que no se pueden plantear nuevos esquemas de apoyo a la viabilidad empresarial, seg\u00fan la gu\u00eda para la progresiva desconexi\u00f3n de estas medidas, y teniendo en cuenta el escenario de incertidumbres en el mercado de trabajo y la econom\u00eda en general, existe la posibilidad y la necesidad de extender el plazo de la vigencia de estas medidas <strong>al amparo del marco temporal adoptado por la Uni\u00f3n Europea (UE)<\/strong>.<\/p>\n<p style=\"text-align: justify;\">Estos documentos especifican <strong>las opciones disponibles que los estados miembros tienen que adoptar para evitar un final disruptivo del apoyo a beneficiarios relacionado con la pandemia<\/strong>, como por ejemplo las medidas de apoyo a la solvencia derivadas de la secci\u00f3n 3.14 del marco temporal, que se pueden alargar hasta el 31 de diciembre del 2023, o la pr\u00f3rroga del apoyo a la liquidez basado en un esquema aprobado antes del 30 de junio de este a\u00f1o.<\/p>\n<p style=\"text-align: justify;\"><img loading=\"lazy\" class=\"wp-image-26962 alignright\" src=\"https:\/\/www.pimealdia.org\/wp-content\/uploads\/2022\/06\/pexels-photo-6963030.webp\" alt=\"\" width=\"332\" height=\"199\" \/>Tal como constata una encuesta de\u00a0PIMEC, <strong>el 30% de las pymes no podr\u00e1n devolver los pr\u00e9stamos ICO o no pueden cuantificar el remanente del dinero de\u00a0Cofides\u00a0que no se ha usado<\/strong>, derivando una parte del presupuesto sin utilizar en un programa de garant\u00edas, tal como indica el punto 3.14 del marco temporal referido al apoyo a la solvencia.<\/p>\n<p style=\"text-align: justify;\">Es por eso una necesidad para el tejido productivo <strong>que se ampl\u00ede el periodo de aplicaci\u00f3n de las medidas de renegociaci\u00f3n de los pr\u00e9stamos con aval ICO<\/strong>, ya sea en formato de C\u00f3digo de Buenas Pr\u00e1cticas o de acuerdo con el esquema que se considere conveniente para facilitar carencias que puedan ser necesarias hasta el periodo m\u00e1ximo previsto del 30 de junio 2023. Adem\u00e1s, tambi\u00e9n convendr\u00eda una <strong>ampliaci\u00f3n del plazo para acudir al fondo de recapitalizaci\u00f3n\u00a0Cofides<\/strong>, justificando el alargamiento de acuerdo con el mencionado art\u00edculo 107 o derivando una parte del presupuesto que queda no utilizado a un programa de garant\u00edas, seg\u00fan el punto 3.14 del marco temporal referido al apoyo a la solvencia.<\/p>\n<p style=\"text-align: justify;\">Estas son solo algunas de las medidas que habr\u00eda que poner en marcha para ayudar a las pymes y las personas aut\u00f3nomas a recuperar su actividad en beneficio de la recuperaci\u00f3n econ\u00f3mica, la creaci\u00f3n de puestos de trabajo y la generaci\u00f3n de riqueza. La viabilidad de las pymes, en muchos casos, est\u00e1 tocada de muerte y <strong>solo con urgentes acciones de mejora de su solvencia y liquidez daremos un gran paso en la mejora de nuestra competitividad y nuestra productividad<\/strong>.<\/p>\n<p>&nbsp;<\/p>\n<p style=\"text-align: center;\">\nPere Cots &#8211; Director del departamento de Consultor\u00eda Estrat\u00e9gica y Financiaci\u00f3n<\/p>\n","protected":false},"excerpt":{"rendered":"<p>El tejido empresarial todav\u00eda est\u00e1 sufriendo los efectos de la pandemia en la econom\u00eda y la sociedad, los cuales se han visto agravados por otras problem\u00e1ticas, como las derivadas del conflicto b\u00e9lico en Ucrania. Por estas razones, podemos decir que las empresas, especialmente las pymes y las personas aut\u00f3nomas, est\u00e1n teniendo serias dificultades para hacer frente al aumento de los costes empresariales, con unas finanzas muy afectadas que ocasionan problemas de liquidez y viabilidad empresarial. Por eso es necesaria \u2013entre otras acciones\u2013 una pr\u00f3rroga de las medidas Covid-19 de apoyo a la liquidez y la solvencia de las empresas m\u00e1s<\/p>\n","protected":false},"author":133,"featured_media":0,"comment_status":"open","ping_status":"closed","sticky":false,"template":"","format":"standard","meta":[],"categories":[770,342],"tags":[],"_links":{"self":[{"href":"https:\/\/www.pimealdia.org\/es\/wp-json\/wp\/v2\/posts\/26967"}],"collection":[{"href":"https:\/\/www.pimealdia.org\/es\/wp-json\/wp\/v2\/posts"}],"about":[{"href":"https:\/\/www.pimealdia.org\/es\/wp-json\/wp\/v2\/types\/post"}],"author":[{"embeddable":true,"href":"https:\/\/www.pimealdia.org\/es\/wp-json\/wp\/v2\/users\/133"}],"replies":[{"embeddable":true,"href":"https:\/\/www.pimealdia.org\/es\/wp-json\/wp\/v2\/comments?post=26967"}],"version-history":[{"count":1,"href":"https:\/\/www.pimealdia.org\/es\/wp-json\/wp\/v2\/posts\/26967\/revisions"}],"predecessor-version":[{"id":26968,"href":"https:\/\/www.pimealdia.org\/es\/wp-json\/wp\/v2\/posts\/26967\/revisions\/26968"}],"wp:attachment":[{"href":"https:\/\/www.pimealdia.org\/es\/wp-json\/wp\/v2\/media?parent=26967"}],"wp:term":[{"taxonomy":"category","embeddable":true,"href":"https:\/\/www.pimealdia.org\/es\/wp-json\/wp\/v2\/categories?post=26967"},{"taxonomy":"post_tag","embeddable":true,"href":"https:\/\/www.pimealdia.org\/es\/wp-json\/wp\/v2\/tags?post=26967"}],"curies":[{"name":"wp","href":"https:\/\/api.w.org\/{rel}","templated":true}]}}