{"id":26969,"date":"2022-06-22T12:42:35","date_gmt":"2022-06-22T10:42:35","guid":{"rendered":"https:\/\/www.pimealdia.org\/?p=26969\/"},"modified":"2022-07-13T17:08:19","modified_gmt":"2022-07-13T15:08:19","slug":"conclusions-de-taula-per-a-la-reactivacio-economica-de-lamb-en-materia-de-comerc-i-turisme","status":"publish","type":"post","link":"https:\/\/www.pimealdia.org\/es\/conclusions-de-taula-per-a-la-reactivacio-economica-de-lamb-en-materia-de-comerc-i-turisme\/","title":{"rendered":"Conclusiones de la Mesa para la Reactivaci\u00f3n Econ\u00f3mica del AMB en materia de comercio y turismo"},"content":{"rendered":"<p style=\"text-align: justify;\">La Mesa para la Reactivaci\u00f3n Econ\u00f3mica y la Reindustrializaci\u00f3n del \u00c1rea Metropolitana de Barcelona (AMB), creada a ra\u00edz de la Covid-19 con el fin de plantear un debate sobre la realidad de la actividad econ\u00f3mica en el territorio metropolitano, ha presentado sus conclusiones recientemente. Entre todas las medidas propuestas,\u00a0PIMEC\u00a0ha liderado los grupos de trabajo en los \u00e1mbitos del comercio y del turismo, dos sectores econ\u00f3micos con una relaci\u00f3n positiva y profundamente simbi\u00f3tica, que tienen un peso relativo dentro del PIB catal\u00e1n y metropolitano.<\/p>\n<p style=\"text-align: justify;\">La Mesa tambi\u00e9n ha desarrollado la tarea de identificar los retos y proponer un conjunto de medidas para implementar a trav\u00e9s de los propios ayuntamientos y del resto de actores sociales e institucionales implicados. El objetivo es fortalecer el tejido econ\u00f3mico y generar espacios de creaci\u00f3n de oportunidades de crecimiento econ\u00f3mico y mejora del empleo.<\/p>\n<p style=\"text-align: justify;\">En relaci\u00f3n con el <strong>COMERCIO<\/strong>, la Mesa para la Reactivaci\u00f3n Econ\u00f3mica y la Reindustrializaci\u00f3n ha concluido que es necesario:<\/p>\n<ul style=\"text-align: justify;\">\n<li>El reconocimiento ante una reconversi\u00f3n profunda del sector comercio. Hacen falta medidas para favorecer una salida no catastr\u00f3fica para aquellos que vean peligrar su negocio o que directamente lo pierdan, facilitando el acceso especial a la jubilaci\u00f3n o estableciendo programas e incentivos para el reciclaje en otros empleos o, a\u00fan mejor, para que vuelvan a emprender.<\/li>\n<li>Favorecer la creaci\u00f3n de nuevas empresas en sectores que compensen la destrucci\u00f3n de empleo en el sector comercio.<\/li>\n<li>Fomentar la transformaci\u00f3n digital, captar talento e impulsar la formaci\u00f3n de<img loading=\"lazy\" class=\"wp-image-26996 alignright\" style=\"text-align: start;\" src=\"https:\/\/www.pimealdia.org\/wp-content\/uploads\/2022\/06\/ecommerc-1.jpg\" alt=\"\" width=\"183\" height=\"110\" \/>\u00a0empresarios y profesionales y adaptar esta necesidad a la realidad, dimensi\u00f3n y focalizaci\u00f3n de cada caso concreto.<\/li>\n<li>El nuevo comercio tiene que trabajar todos los canales para llegar al cliente, debe ser un comercio h\u00edbrido que aproveche las posibilidades del comercio electr\u00f3nico para llegar a m\u00e1s clientes y m\u00e1s lejos. No podemos dejar la compra en l\u00ednea en manos de los grandes operadores, tambi\u00e9n tenemos que estar nosotros.<\/li>\n<li>Un lobby para limitar las pr\u00e1cticas monopol\u00edsticas y favorecer una tributaci\u00f3n justa.<\/li>\n<li>Formaci\u00f3n espec\u00edfica en emprendimiento y estrategia.<\/li>\n<li>Asesoramiento en eficiencia energ\u00e9tica y en los consumos para poder reducir el gasto.<\/li>\n<\/ul>\n<p style=\"text-align: justify;\">Como acciones espec\u00edficas para impulsar el <strong>TURISMO<\/strong>, la Mesa ha destacado la importancia de:<\/p>\n<ul style=\"text-align: justify;\">\n<li>Apoyar la innovaci\u00f3n entre los agentes tur\u00edsticos.La colaboraci\u00f3n con el sector cultural y del ocio.<\/li>\n<li>La creaci\u00f3n de ecosistemas de innovaci\u00f3n dentro del \u00e1mbito tur\u00edstico.<\/li>\n<li>Como ya hemos dicho, el turismo tambi\u00e9n necesita integrar las nuevas tecnolog\u00edas y promover buenas pr\u00e1cticas en la digitalizaci\u00f3n.<\/li>\n<li>La internacionalizaci\u00f3n de las empresas y fomentar su crecimiento y una mayor dimensi\u00f3n de las mismas.<\/li>\n<li>La incorporaci\u00f3n de la dimensi\u00f3n metropolitana en el imaginario tur\u00edstico de Barcelona.<\/li>\n<li>La detecci\u00f3n de espacios de nueva centralidad cultural con inter\u00e9s tur\u00edstico.<\/li>\n<li>Unificar la imagen corporativa de la AMB.<\/li>\n<li>Detectar y promover buenas pr\u00e1cticas en contrataci\u00f3n, perspectiva de g\u00e9nero y sostenibilidad.<\/li>\n<li>La mejora de las infraestructuras y la movilidad colectiva.<\/li>\n<\/ul>\n<p style=\"text-align: justify;\">Estas acciones solo ser\u00e1n posibles a trav\u00e9s de la colaboraci\u00f3n p\u00fablica y privada y con la colaboraci\u00f3n y el di\u00e1logo de todos los agentes implicados, en beneficio de la sociedad y de la econom\u00eda del \u00c1rea Metropolitana de Barcelona.<br \/>\nEs necesario impulsar estrategias conjuntas y coordinar las administraciones, creando un solo activo para hacer una buena planificaci\u00f3n metropolitana y tener una visi\u00f3n de marca ampliada en todo el territorio para hacer posible la reactivaci\u00f3n de la AMB.<\/p>\n<p>&nbsp;<\/p>\n<p style=\"text-align: center;\"><strong>Joan Pera &#8211; <\/strong><strong>Presidente de PIMEC Barcelona<\/strong><\/p>\n","protected":false},"excerpt":{"rendered":"<p>La Mesa para la Reactivaci\u00f3n Econ\u00f3mica y la Reindustrializaci\u00f3n del \u00c1rea Metropolitana de Barcelona (AMB), creada a ra\u00edz de la Covid-19 con el fin de plantear un debate sobre la realidad de la actividad econ\u00f3mica en el territorio metropolitano, ha presentado sus conclusiones recientemente. Entre todas las medidas propuestas,\u00a0PIMEC\u00a0ha liderado los grupos de trabajo en los \u00e1mbitos del comercio y del turismo, dos sectores econ\u00f3micos con una relaci\u00f3n positiva y profundamente simbi\u00f3tica, que tienen un peso relativo dentro del PIB catal\u00e1n y metropolitano. La Mesa tambi\u00e9n ha desarrollado la tarea de identificar los retos y proponer un conjunto de medidas<\/p>\n","protected":false},"author":181,"featured_media":27135,"comment_status":"open","ping_status":"closed","sticky":false,"template":"","format":"standard","meta":[],"categories":[330,770],"tags":[],"_links":{"self":[{"href":"https:\/\/www.pimealdia.org\/es\/wp-json\/wp\/v2\/posts\/26969"}],"collection":[{"href":"https:\/\/www.pimealdia.org\/es\/wp-json\/wp\/v2\/posts"}],"about":[{"href":"https:\/\/www.pimealdia.org\/es\/wp-json\/wp\/v2\/types\/post"}],"author":[{"embeddable":true,"href":"https:\/\/www.pimealdia.org\/es\/wp-json\/wp\/v2\/users\/181"}],"replies":[{"embeddable":true,"href":"https:\/\/www.pimealdia.org\/es\/wp-json\/wp\/v2\/comments?post=26969"}],"version-history":[{"count":7,"href":"https:\/\/www.pimealdia.org\/es\/wp-json\/wp\/v2\/posts\/26969\/revisions"}],"predecessor-version":[{"id":27000,"href":"https:\/\/www.pimealdia.org\/es\/wp-json\/wp\/v2\/posts\/26969\/revisions\/27000"}],"wp:featuredmedia":[{"embeddable":true,"href":"https:\/\/www.pimealdia.org\/es\/wp-json\/wp\/v2\/media\/27135"}],"wp:attachment":[{"href":"https:\/\/www.pimealdia.org\/es\/wp-json\/wp\/v2\/media?parent=26969"}],"wp:term":[{"taxonomy":"category","embeddable":true,"href":"https:\/\/www.pimealdia.org\/es\/wp-json\/wp\/v2\/categories?post=26969"},{"taxonomy":"post_tag","embeddable":true,"href":"https:\/\/www.pimealdia.org\/es\/wp-json\/wp\/v2\/tags?post=26969"}],"curies":[{"name":"wp","href":"https:\/\/api.w.org\/{rel}","templated":true}]}}