{"id":27036,"date":"2022-06-28T17:21:14","date_gmt":"2022-06-28T15:21:14","guid":{"rendered":"https:\/\/www.pimealdia.org\/?p=27036\/"},"modified":"2022-07-13T16:05:37","modified_gmt":"2022-07-13T14:05:37","slug":"el-emprendimiento-eje-fundamental-de-la-sociedad","status":"publish","type":"post","link":"https:\/\/www.pimealdia.org\/es\/el-emprendimiento-eje-fundamental-de-la-sociedad\/","title":{"rendered":"El emprendimiento, eje fundamental de la sociedad"},"content":{"rendered":"<p style=\"text-align: justify;\">Como nuevo presidente de PIMEC Joves Barcelona, creo necesario escribir estas reflexiones que ser\u00e1n nuestra hoja de ruta de las actividades que la Comisi\u00f3n de Barcelona realizar\u00e1 en los pr\u00f3ximos tiempos.<\/p>\n<p style=\"text-align: justify;\">Todo empresario es emprendedor, de lo contrario, pronto dejar\u00e1 de ser empresario. Uno de los elementos que desde la Comisi\u00f3n de PIMEC Joves Barcelona queremos fomentar es la protecci\u00f3n de la <strong>iniciativa emprendedora<\/strong> dentro y fuera de la empresa.<\/p>\n<p style=\"text-align: justify;\">Las empresas \u00abcl\u00e1sicas\u00bb tienen unos l\u00edmites que dif\u00edcilmente pueden superarse sin innovaci\u00f3n ni emprendimiento. Si la empresa \u00abcl\u00e1sica\u00bb quiere conseguir vender m\u00e1s productos o servicios debe buscar m\u00e1s clientes interesados, pero llegar\u00e1 un punto en que la empresa tendr\u00e1 que conseguir vender a personas que todav\u00eda no consumen porque realmente no valoran estos productos. As\u00ed pues, para conseguir que quieran comprarlos la empresa tendr\u00e1 que bajar el precio. Esta devaluaci\u00f3n de precios, sin la aportaci\u00f3n de valor a\u00f1adido, afecta negativamente al empresario, al trabajador y a toda la sociedad.<\/p>\n<p style=\"text-align: justify;\">Para evitar devaluar nuestros productos y servicios necesitamos un emprendimiento fuerte, dentro o fuera de la empresa, que genere e implemente nuevas ideas que creen mayor valor y riqueza en pro de la empresa y de la sociedad actual y del futuro.<\/p>\n<p style=\"text-align: justify;\">Creo que es momento de reivindicar una m\u00e1xima que todo el mundo conoce, pero que poca gente se atreve a mencionar: <strong>\u00abSin emprendimiento no hay empresa, sin empresa no hay trabajo y sin trabajo ni empresa no hay administraci\u00f3n p\u00fablica\u00bb.<img loading=\"lazy\" class=\"alignnone size-medium wp-image-27023\" src=\"https:\/\/www.pimealdia.org\/wp-content\/uploads\/2022\/06\/emprenedoria-albert-jane-2-def.jpg\" alt=\"\" width=\"1\" height=\"1\" \/><\/strong><\/p>\n<p style=\"text-align: justify;\"><img loading=\"lazy\" class=\"wp-image-27023 alignright\" src=\"https:\/\/www.pimealdia.org\/wp-content\/uploads\/2022\/06\/emprenedoria-albert-jane-2-def.jpg\" alt=\"\" width=\"263\" height=\"175\" \/><\/p>\n<p style=\"text-align: justify;\">Por tanto, y por el bien de todos, la empresa y la administraci\u00f3n p\u00fablica deber\u00edan hacer un \u00abpacto de pa\u00eds\u00bb para <strong>fomentar desacomplejadamente el emprendimiento<\/strong> en nuestra sociedad. Esto pasa por, entre otras iniciativas, atacar el problema desde la ra\u00edz y generar planes de estudios que permitan desarrollar actitudes y habilidades emprendedoras. Es necesario implementar formaci\u00f3n financiera, talleres de econom\u00eda aplicada (confecci\u00f3n de an\u00e1lisis de mercado, Plan de marketing, Plan de inversiones, Plan de recursos humanos&#8230;). Pero, por otro lado, tambi\u00e9n debemos revitalizar los oficios para evitar que las transiciones sociales, econ\u00f3micas y tecnol\u00f3gicas queden en proyectos que no pueden ejecutarse.<\/p>\n<p style=\"text-align: justify;\">Por \u00faltimo, otro de los elementos esenciales para fomentar esta actitud emprendedora es <strong>prestigiar, por parte de las instituciones, la figura del emprendedor y del empresario<\/strong> como elemento vertebrador de nuestra sociedad para la generaci\u00f3n de valor y riqueza.<\/p>\n<p style=\"text-align: justify;\">Los emprendedores necesitamos:<br \/>\n\u2022 Mejorar la fiscalidad y obligaciones con la Seguridad Social al iniciar una actividad empresarial (sin edad). No podemos poner trabas a quienes pueden ofrecer valor y riqueza a la sociedad.<br \/>\n\u2022 Mejorar la fiscalidad para los j\u00f3venes (desde aut\u00f3nomos hasta sucesiones).<br \/>\n\u2022 Promoci\u00f3n y ayudas al talento (contrataci\u00f3n).<br \/>\n\u2022 Financiaci\u00f3n espec\u00edfica para proyectos que puedan ofrecer valor y riqueza.<\/p>\n<p style=\"text-align: justify;\">Tenemos mucho trabajo que hacer para poder tener futuro.<\/p>\n","protected":false},"excerpt":{"rendered":"<p>Como nuevo presidente de PIMEC Joves Barcelona, creo necesario escribir estas reflexiones que ser\u00e1n nuestra hoja de ruta de las actividades que la Comisi\u00f3n de Barcelona realizar\u00e1 en los pr\u00f3ximos tiempos. Todo empresario es emprendedor, de lo contrario, pronto dejar\u00e1 de ser empresario. Uno de los elementos que desde la Comisi\u00f3n de PIMEC Joves Barcelona queremos fomentar es la protecci\u00f3n de la iniciativa emprendedora dentro y fuera de la empresa. Las empresas \u00abcl\u00e1sicas\u00bb tienen unos l\u00edmites que dif\u00edcilmente pueden superarse sin innovaci\u00f3n ni emprendimiento. Si la empresa \u00abcl\u00e1sica\u00bb quiere conseguir vender m\u00e1s productos o servicios debe buscar m\u00e1s clientes interesados,<\/p>\n","protected":false},"author":183,"featured_media":27134,"comment_status":"open","ping_status":"closed","sticky":false,"template":"","format":"standard","meta":[],"categories":[770],"tags":[],"_links":{"self":[{"href":"https:\/\/www.pimealdia.org\/es\/wp-json\/wp\/v2\/posts\/27036"}],"collection":[{"href":"https:\/\/www.pimealdia.org\/es\/wp-json\/wp\/v2\/posts"}],"about":[{"href":"https:\/\/www.pimealdia.org\/es\/wp-json\/wp\/v2\/types\/post"}],"author":[{"embeddable":true,"href":"https:\/\/www.pimealdia.org\/es\/wp-json\/wp\/v2\/users\/183"}],"replies":[{"embeddable":true,"href":"https:\/\/www.pimealdia.org\/es\/wp-json\/wp\/v2\/comments?post=27036"}],"version-history":[{"count":2,"href":"https:\/\/www.pimealdia.org\/es\/wp-json\/wp\/v2\/posts\/27036\/revisions"}],"predecessor-version":[{"id":27039,"href":"https:\/\/www.pimealdia.org\/es\/wp-json\/wp\/v2\/posts\/27036\/revisions\/27039"}],"wp:featuredmedia":[{"embeddable":true,"href":"https:\/\/www.pimealdia.org\/es\/wp-json\/wp\/v2\/media\/27134"}],"wp:attachment":[{"href":"https:\/\/www.pimealdia.org\/es\/wp-json\/wp\/v2\/media?parent=27036"}],"wp:term":[{"taxonomy":"category","embeddable":true,"href":"https:\/\/www.pimealdia.org\/es\/wp-json\/wp\/v2\/categories?post=27036"},{"taxonomy":"post_tag","embeddable":true,"href":"https:\/\/www.pimealdia.org\/es\/wp-json\/wp\/v2\/tags?post=27036"}],"curies":[{"name":"wp","href":"https:\/\/api.w.org\/{rel}","templated":true}]}}