{"id":27229,"date":"2022-07-28T12:09:26","date_gmt":"2022-07-28T10:09:26","guid":{"rendered":"https:\/\/www.pimealdia.org\/?p=27229\/"},"modified":"2022-07-28T12:12:25","modified_gmt":"2022-07-28T10:12:25","slug":"estamos-pagando-la-electricidad-tres-veces-mas-cara-respecto-a-lo-que-pagabamos-a-comienzos-de-2021","status":"publish","type":"post","link":"https:\/\/www.pimealdia.org\/es\/estamos-pagando-la-electricidad-tres-veces-mas-cara-respecto-a-lo-que-pagabamos-a-comienzos-de-2021\/","title":{"rendered":"\u201cEstamos pagando la electricidad tres veces m\u00e1s cara respecto a lo que pag\u00e1bamos a comienzos de 2021\u201d"},"content":{"rendered":"<ul>\n<li style=\"text-align: justify;\"><span data-contrast=\"none\"> Las pymes y los aut\u00f3nomos se ven obligados a repercutir a los clientes parte del aumento del precio del gas y la electricidad, as\u00ed como los incrementos de los proveedores<\/span><\/li>\n<li style=\"text-align: justify;\"><span data-contrast=\"none\">Una encuesta de PIMEC destaca que el 62% de las empresas se ver\u00e1n afectadas por el encarecimiento de precios, y que un 16% no podr\u00e1n seguir con su actividad<\/span> <span data-contrast=\"none\">\u00a0<\/span><\/li>\n<li style=\"text-align: justify;\"><span data-contrast=\"none\">La organizaci\u00f3n empresarial reclama una configuraci\u00f3n de precios justa, que no permita rentas excesivas, con el objetivo de evitar un desequilibrio dentro del tejido empresarial<\/span><span data-ccp-props=\"{&quot;201341983&quot;:0,&quot;335551550&quot;:6,&quot;335551620&quot;:6,&quot;335559739&quot;:160,&quot;335559740&quot;:259}\">\u00a0<\/span><\/li>\n<\/ul>\n<p style=\"text-align: justify;\"><span data-contrast=\"none\">\u201cHemos sufrido en los \u00faltimos meses un incremento de los costes energ\u00e9ticos de entre el 80% y el 90%\u201d. As\u00ed de rotundo se muestra Manel Llar\u00e0s, propietario de dos hornos de productos artesanos en el centro de Lleida, que funcionan con gas natural. La empresa de recubrimientos de piezas met\u00e1licas Caypi tambi\u00e9n ha tenido que afrontar un fuerte incremento, \u201cporque los costes energ\u00e9ticos supon\u00edan el 6% el 2021 y hoy representan un 18-20%\u201d, destaca el gerente de la compa\u00f1\u00eda, Josep Soto. Es decir, \u201cestamos pagando tres veces (253%) por encima del coste que ten\u00edamos a inicios de 2021; nos encontramos ante una fuerte incertidumbre a la hora de poder ofrecer nuevos proyectos, con un problema de liquidez inmediata\u201d, afirma.<\/span><span data-ccp-props=\"{&quot;201341983&quot;:0,&quot;335551550&quot;:6,&quot;335551620&quot;:6,&quot;335559739&quot;:0,&quot;335559740&quot;:240}\">\u00a0<\/span><\/p>\n<p style=\"text-align: justify;\"><span data-contrast=\"none\">As\u00ed, <strong>el incremento espectacular de los precios de la energ\u00eda en Catalunya se ha ensa\u00f1ado con pymes y aut\u00f3nomos<\/strong>. Seg\u00fan una encuesta de PIMEC realizada en febrero, <strong>el 62% de las empresas se pueden ver afectadas por el encarecimiento de precios energ\u00e9ticos, y un 16,4% tendr\u00edan dificultades para seguir con su actividad<\/strong>. Este \u00faltimo porcentaje supone que <strong>pueden estar en riesgo unos 320.000 puestos de trabajo<\/strong>. M\u00e1s de la mitad de las empresas han visto aumentado el precio de la energ\u00eda en m\u00e1s de un 50% y algunas han sufrido incluso incrementos del 200%.<\/span><span data-ccp-props=\"{&quot;201341983&quot;:0,&quot;335551550&quot;:6,&quot;335551620&quot;:6,&quot;335559739&quot;:0,&quot;335559740&quot;:240}\">\u00a0<\/span><\/p>\n<p style=\"text-align: justify;\"><span data-contrast=\"none\">Hay que tener presente que para el 36% de empresas de la encuesta el peso del gasto energ\u00e9tico supera el 10% de los ingresos, y que el 42% no tienen la informaci\u00f3n sobre si la electricidad que pagan es en baja o alta tensi\u00f3n y no saben c\u00f3mo pueden mejorar sus costes energ\u00e9ticos.<\/span><span data-ccp-props=\"{&quot;201341983&quot;:0,&quot;335551550&quot;:6,&quot;335551620&quot;:6,&quot;335559739&quot;:0,&quot;335559740&quot;:240}\"> <img loading=\"lazy\" class=\"wp-image-27227 alignright\" src=\"https:\/\/www.pimealdia.org\/wp-content\/uploads\/2022\/07\/pime-al-dia-1-3.jpg\" alt=\"\" width=\"309\" height=\"206\" \/><\/span><\/p>\n<p style=\"text-align: justify;\"><span data-contrast=\"none\"><strong>El aumento del recibo de la electricidad y el gas ha repercutido directamente en los gastos fijos de las pymes y pr\u00e1cticamente todas las materias primas de los proveedores tambi\u00e9n se han encarecido.<\/strong> En el caso de la panader\u00eda de la familia Llar\u00e0s, \u201ctodos los productos que compramos han registrado un incremento de precios de entre el 25% y el 35%\u201d, argumenta Llar\u00e0s, que lo ejemplifica con la harina, que ha duplicado precios. Tambi\u00e9n se han hecho notar otros efectos colaterales, pero igualmente importantes, como la escasez de algunas materias primas y el incremento del precio del transporte, que en algunos casos ha superado el 50%, afirma Josep Soto.<\/span><span data-ccp-props=\"{&quot;201341983&quot;:0,&quot;335551550&quot;:6,&quot;335551620&quot;:6,&quot;335559739&quot;:0,&quot;335559740&quot;:240}\">\u00a0<\/span><\/p>\n<p style=\"text-align: justify;\"><b><span data-contrast=\"none\">Ahorrar y reestructurar la producci\u00f3n<\/span><\/b><span data-ccp-props=\"{&quot;201341983&quot;:0,&quot;335551550&quot;:6,&quot;335551620&quot;:6,&quot;335559739&quot;:0,&quot;335559740&quot;:240}\">\u00a0<\/span><\/p>\n<p style=\"text-align: justify;\"><span data-contrast=\"none\">Despu\u00e9s del diagn\u00f3stico, Llar\u00e0s pasa a desgranar las medidas que ha tomado para paliar todos estos inconvenientes: \u201cLo primero que hicimos fue intentar ahorrar en electricidad, parando alguna nevera del obrador, pero esto ha tenido poco impacto en la factura de la luz\u201d. Y en cuanto al gas natural, \u201chemos parado el horno de m\u00e1s consumo, y hemos pasado la producci\u00f3n a dos hornos m\u00e1s peque\u00f1os\u201d. Con esta \u00faltima medida, Llar\u00e0s s\u00ed que ha notado un ahorro importante, teniendo en cuenta que los hornos funcionan con gas desde hace m\u00e1s de 25 a\u00f1os, \u201cporque pensamos entonces que, como el horno estaba situado dentro de la ciudad de Lleida, el gas era el tipo de energ\u00eda m\u00e1s limpia y m\u00e1s respetuosa con los vecinos\u201d, explica el empresario.<\/span><span data-ccp-props=\"{&quot;201341983&quot;:0,&quot;335551550&quot;:6,&quot;335551620&quot;:6,&quot;335559739&quot;:160,&quot;335559740&quot;:259}\">\u00a0<\/span><\/p>\n<p style=\"text-align: justify;\"><span data-contrast=\"none\">Con todo ello, el incremento del coste energ\u00e9tico ha supuesto que los dos hornos de Lleida se hayan focalizado en mantener la actividad de m\u00e1s valor a\u00f1adido, como la pasteler\u00eda y la boller\u00eda. El resultado final ha sido que la empresa se ha visto obligada a repercutir una parte del aumento de costes a los clientes. En este sentido, el estudio de PIMEC indica que <strong>el 24,5% de las empresas repercutir\u00e1 el encarecimiento de la energ\u00eda en su producto final<\/strong>: el 38% en el caso de la hoteler\u00eda y restauraci\u00f3n y el 28% en el caso de las compa\u00f1\u00edas industriales.<\/span><span data-ccp-props=\"{&quot;201341983&quot;:0,&quot;335551550&quot;:6,&quot;335551620&quot;:6,&quot;335559739&quot;:160,&quot;335559740&quot;:259}\">\u00a0<\/span><\/p>\n<p style=\"text-align: justify;\"><span data-contrast=\"none\">Seg\u00fan Josep Soto, de Caypi, \u201ces imposible asumir un golpe como este sin repercutirlo. En nuestro caso lo hemos traspasado a todos los clientes sin excepci\u00f3n\u201d. El problema a\u00f1adido \u201ces que los precios los modificamos en enero y durante estos meses el coste de la energ\u00eda ha seguido subiendo, lo que puede suponer que ser\u00e1 necesario un nuevo incremento, con el riesgo que ello representa de perder alg\u00fan cliente\u201d, se\u00f1ala.<\/span><span data-ccp-props=\"{&quot;201341983&quot;:0,&quot;335551550&quot;:6,&quot;335551620&quot;:6,&quot;335559739&quot;:160,&quot;335559740&quot;:259}\">\u00a0<\/span><\/p>\n<p style=\"text-align: justify;\"><b><span data-contrast=\"none\">Dejar de pagar los platos rotos<\/span><\/b><span data-ccp-props=\"{&quot;201341983&quot;:0,&quot;335551550&quot;:6,&quot;335551620&quot;:6,&quot;335559739&quot;:0,&quot;335559740&quot;:240}\">\u00a0<\/span><\/p>\n<p style=\"text-align: justify;\"><span data-contrast=\"none\">Ante este aluvi\u00f3n de problemas, tanto Llar\u00e0s como Soto reclaman que \u201chay que limitar los precios energ\u00e9ticos y dejar de calcular precios a trav\u00e9s del coste marginal. En momentos excepcionales hacen falta medidas extraordinarias. Las pymes tienen que dejar de pagar todos los platos rotos mientras las el\u00e9ctricas presentan facturaciones y beneficios hist\u00f3ricos\u201d.<\/span><span data-ccp-props=\"{&quot;201341983&quot;:0,&quot;335551550&quot;:6,&quot;335551620&quot;:6,&quot;335559739&quot;:0,&quot;335559740&quot;:240}\">\u00a0<\/span><\/p>\n<p style=\"text-align: justify;\"><span data-contrast=\"none\">En este sentido, con los resultados de la encuesta, <strong>desde PIMEC se ha elaborado una bater\u00eda de propuestas para mejorar la situaci\u00f3n<\/strong>. En primer lugar, la configuraci\u00f3n justa de precios para evitar rentas excesivas que reviertan en un desequilibrio que afecta a la competitividad y la viabilidad. Hay que modificar el sistema de fijaci\u00f3n de precios, porque la configuraci\u00f3n actual da unos resultados excesivos de 76.659 millones, que suponen un coste de 1.700 euros per capita. En segundo lugar, excluir el gas natural del sistema de fijaci\u00f3n de precios marginalista en el mercado mayorista de la electricidad, dado que su precio puede ser el responsable de m\u00e1s del 50% del aumento. Tambi\u00e9n medidas fiscales para capturar algunos de los rendimientos que obtienen ciertos generadores de electricidad, tal como propone Europa, y potenciar la inversi\u00f3n en renovables.<\/span><span data-ccp-props=\"{&quot;201341983&quot;:0,&quot;335551550&quot;:6,&quot;335551620&quot;:6,&quot;335559739&quot;:0,&quot;335559740&quot;:240}\">\u00a0<\/span><\/p>\n<p style=\"text-align: justify;\"><b><span data-contrast=\"none\">Ca\u00f1ete trabaja en la creaci\u00f3n de un comit\u00e9 t\u00e9cnico socioecon\u00f3mico con el Govern y los agentes sociales para<\/span><\/b> <b><span data-contrast=\"none\">activar la recuperaci\u00f3n econ\u00f3mica<\/span><\/b><span data-ccp-props=\"{&quot;201341983&quot;:0,&quot;335551550&quot;:6,&quot;335551620&quot;:6,&quot;335559739&quot;:160,&quot;335559740&quot;:259}\">\u00a0<\/span><\/p>\n<p style=\"text-align: justify;\"><span data-contrast=\"none\">El presidente de PIMEC, Antoni Ca\u00f1ete, propuso el pasado mes de marzo al conseller de Empresa y Trabajo, Roger Torrent, la creaci\u00f3n de un comit\u00e9 t\u00e9cnico socioecon\u00f3mico formato por el Govern y los agentes sociales m\u00e1s representativos, con el fin de tomar decisiones y potenciar la actividad econ\u00f3mica en la salida de la crisis. Ca\u00f1ete ha solicitado la constituci\u00f3n de este organismo, que podr\u00eda tener como referencia la activaci\u00f3n del Procicat durante la pandemia.<\/span><span data-ccp-props=\"{&quot;201341983&quot;:0,&quot;335551550&quot;:6,&quot;335551620&quot;:6,&quot;335559739&quot;:160,&quot;335559740&quot;:259}\">\u00a0<\/span><\/p>\n<p style=\"text-align: justify;\"><span data-contrast=\"none\">El m\u00e1ximo responsable de PIMEC ha expuesto al conseller Torrent los problemas que tienen las pymes y los aut\u00f3nomos para mantener su actividad, especialmente las consecuencias derivadas del incremento de precios de la electricidad, durante el encuentro celebrado en la sede de ACCI\u00d3 con el conseller y una representaci\u00f3n de pymes catalanas de diferentes sectores y territorios. El presidente de la patronal ha reclamado \u201cuna apuesta decidida por la transici\u00f3n energ\u00e9tica y garantizar un modelo equilibrado y respetuoso con el entorno\u201d.<\/span><span data-ccp-props=\"{&quot;201341983&quot;:0,&quot;335551550&quot;:6,&quot;335551620&quot;:6,&quot;335559739&quot;:160,&quot;335559740&quot;:259}\">\u00a0<\/span><\/p>\n","protected":false},"excerpt":{"rendered":"<p>Las pymes y los aut\u00f3nomos se ven obligados a repercutir a los clientes parte del aumento del precio del gas y la electricidad, as\u00ed como los incrementos de los proveedores Una encuesta de PIMEC destaca que el 62% de las empresas se ver\u00e1n afectadas por el encarecimiento de precios, y que un 16% no podr\u00e1n seguir con su actividad \u00a0 La organizaci\u00f3n empresarial reclama una configuraci\u00f3n de precios justa, que no permita rentas excesivas, con el objetivo de evitar un desequilibrio dentro del tejido empresarial\u00a0 \u201cHemos sufrido en los \u00faltimos meses un incremento de los costes energ\u00e9ticos de entre el<\/p>\n","protected":false},"author":153,"featured_media":27218,"comment_status":"open","ping_status":"closed","sticky":false,"template":"","format":"standard","meta":[],"categories":[342],"tags":[],"_links":{"self":[{"href":"https:\/\/www.pimealdia.org\/es\/wp-json\/wp\/v2\/posts\/27229"}],"collection":[{"href":"https:\/\/www.pimealdia.org\/es\/wp-json\/wp\/v2\/posts"}],"about":[{"href":"https:\/\/www.pimealdia.org\/es\/wp-json\/wp\/v2\/types\/post"}],"author":[{"embeddable":true,"href":"https:\/\/www.pimealdia.org\/es\/wp-json\/wp\/v2\/users\/153"}],"replies":[{"embeddable":true,"href":"https:\/\/www.pimealdia.org\/es\/wp-json\/wp\/v2\/comments?post=27229"}],"version-history":[{"count":3,"href":"https:\/\/www.pimealdia.org\/es\/wp-json\/wp\/v2\/posts\/27229\/revisions"}],"predecessor-version":[{"id":27238,"href":"https:\/\/www.pimealdia.org\/es\/wp-json\/wp\/v2\/posts\/27229\/revisions\/27238"}],"wp:featuredmedia":[{"embeddable":true,"href":"https:\/\/www.pimealdia.org\/es\/wp-json\/wp\/v2\/media\/27218"}],"wp:attachment":[{"href":"https:\/\/www.pimealdia.org\/es\/wp-json\/wp\/v2\/media?parent=27229"}],"wp:term":[{"taxonomy":"category","embeddable":true,"href":"https:\/\/www.pimealdia.org\/es\/wp-json\/wp\/v2\/categories?post=27229"},{"taxonomy":"post_tag","embeddable":true,"href":"https:\/\/www.pimealdia.org\/es\/wp-json\/wp\/v2\/tags?post=27229"}],"curies":[{"name":"wp","href":"https:\/\/api.w.org\/{rel}","templated":true}]}}