{"id":27252,"date":"2022-08-03T12:55:52","date_gmt":"2022-08-03T10:55:52","guid":{"rendered":"https:\/\/www.pimealdia.org\/?p=27252\/"},"modified":"2022-08-03T13:06:50","modified_gmt":"2022-08-03T11:06:50","slug":"la-digitalizacion-de-las-pymes-con-el-kit-digital","status":"publish","type":"post","link":"https:\/\/www.pimealdia.org\/es\/la-digitalizacion-de-las-pymes-con-el-kit-digital\/","title":{"rendered":"La digitalizaci\u00f3n de las pymes con el Kit Digital"},"content":{"rendered":"<ul>\n<li style=\"text-align: justify;\"><strong>El programa Kit Digital es una ayuda para digitalizar las micro y peque\u00f1as empresas y personas aut\u00f3nomas, y cuenta con un presupuesto total de 3.067 millones de euros para el periodo 2021-2023.\u00a0<\/strong><\/li>\n<\/ul>\n<p style=\"text-align: justify;\"><span data-contrast=\"auto\">Este programa \u2013financiado por los fondos europeos Next Generation UE en el marco de la Agenda Digital 2025 del Plan de Recuperaci\u00f3n, Transformaci\u00f3n y Resiliencia del Gobierno de Espa\u00f1a\u2013 prev\u00e9 hacer <\/span><span data-contrast=\"auto\">otorgamientos por importes que van de los 2.000 a los 12.000 euros, en funci\u00f3n del n\u00famero de empleados. Los beneficiarios son aquellas microempresas, peque\u00f1as empresas o personas aut\u00f3nomas, de cualquier sector, que cumplan los requisitos establecidos para la obtenci\u00f3n de un bono digital, el cual tendr\u00e1 los siguientes importes:<\/span><span data-ccp-props=\"{&quot;201341983&quot;:0,&quot;335551550&quot;:6,&quot;335551620&quot;:6,&quot;335559739&quot;:160,&quot;335559740&quot;:259}\">\u00a0<\/span><\/p>\n<ul style=\"text-align: justify;\">\n<li data-leveltext=\"?\" data-font=\"Symbol\" data-listid=\"1\" data-list-defn-props=\"{&quot;335552541&quot;:1,&quot;335559684&quot;:-2,&quot;335559685&quot;:720,&quot;335559991&quot;:360,&quot;469769226&quot;:&quot;Symbol&quot;,&quot;469769242&quot;:[8226],&quot;469777803&quot;:&quot;left&quot;,&quot;469777804&quot;:&quot;?&quot;,&quot;469777815&quot;:&quot;hybridMultilevel&quot;}\" aria-setsize=\"-1\" data-aria-posinset=\"1\" data-aria-level=\"1\"><span data-contrast=\"none\">Peque\u00f1as empresas (de 10 a 49 trabajadores): 12.000 \u20ac\u00a0<\/span><span data-ccp-props=\"{&quot;201341983&quot;:0,&quot;335551550&quot;:6,&quot;335551620&quot;:6,&quot;335559739&quot;:160,&quot;335559740&quot;:259}\">\u00a0<\/span><\/li>\n<li data-leveltext=\"?\" data-font=\"Symbol\" data-listid=\"1\" data-list-defn-props=\"{&quot;335552541&quot;:1,&quot;335559684&quot;:-2,&quot;335559685&quot;:720,&quot;335559991&quot;:360,&quot;469769226&quot;:&quot;Symbol&quot;,&quot;469769242&quot;:[8226],&quot;469777803&quot;:&quot;left&quot;,&quot;469777804&quot;:&quot;?&quot;,&quot;469777815&quot;:&quot;hybridMultilevel&quot;}\" aria-setsize=\"-1\" data-aria-posinset=\"2\" data-aria-level=\"1\"><span data-contrast=\"none\">Micro y peque\u00f1as empresas (de 1 a 9 trabajadores): 6.000 <\/span><span data-contrast=\"none\">\u20ac\u00a0<\/span><\/li>\n<li data-leveltext=\"?\" data-font=\"Symbol\" data-listid=\"1\" data-list-defn-props=\"{&quot;335552541&quot;:1,&quot;335559684&quot;:-2,&quot;335559685&quot;:720,&quot;335559991&quot;:360,&quot;469769226&quot;:&quot;Symbol&quot;,&quot;469769242&quot;:[8226],&quot;469777803&quot;:&quot;left&quot;,&quot;469777804&quot;:&quot;?&quot;,&quot;469777815&quot;:&quot;hybridMultilevel&quot;}\" aria-setsize=\"-1\" data-aria-posinset=\"2\" data-aria-level=\"1\"><span data-contrast=\"none\">Microempresas (de 1 a 2 trabajadores) y aut<\/span><span data-contrast=\"none\">\u00f3nomos<\/span><span data-contrast=\"none\">: 2.000 \u20ac<\/span><span data-ccp-props=\"{&quot;201341983&quot;:0,&quot;335551550&quot;:6,&quot;335551620&quot;:6,&quot;335559739&quot;:160,&quot;335559740&quot;:259}\">\u00a0<\/span><\/li>\n<\/ul>\n<p style=\"text-align: justify;\"><span data-contrast=\"none\">El proyecto pone a disposici\u00f3n de las pymes un cat\u00e1logo de agentes digitalizadores encargados de proporcionar las soluciones tecnol\u00f3gicas que m\u00e1s se adapten a cada solicitante y que se enmarcan dentro de diez categor\u00edas principales.<\/span><span data-ccp-props=\"{&quot;201341983&quot;:0,&quot;335551550&quot;:6,&quot;335551620&quot;:6,&quot;335559739&quot;:160,&quot;335559740&quot;:259}\">\u00a0<\/span><\/p>\n<p style=\"text-align: justify;\"><span data-contrast=\"none\">PIMEC, <\/span><span data-contrast=\"none\">que act\u00faa como representante voluntario para ayudar a las pymes que soliciten tramitar la ayuda, ha abierto un registro para las empresas que quieran estar informadas sobre cu\u00e1ndo y c\u00f3mo solicitar los bonos digitales: <\/span><a href=\"https:\/\/www.kitdigital.net\/\"><span data-contrast=\"none\">https:\/\/www.kitdigital.net\/<\/span><\/a><span data-ccp-props=\"{&quot;201341983&quot;:0,&quot;335551550&quot;:6,&quot;335551620&quot;:6,&quot;335559739&quot;:160,&quot;335559740&quot;:259}\">\u00a0<\/span><\/p>\n<p style=\"text-align: justify;\"><span data-contrast=\"none\">Este programa est\u00e1 teniendo un gran \u00e9xito entre las empresas, lo que se ve reflejado en la enorme respuesta que est\u00e1 recibiendo, con m\u00e1s de 54.000 solicitudes en poco m\u00e1s de un mes. En la actualidad, las empresas espa\u00f1olas que han tramitado y conseguido esta ayuda ya cuentan con los <\/span><span data-contrast=\"none\">primeros abonos digitales. Para conocer<\/span><span data-contrast=\"none\"> con m\u00e1s detalle las caracter\u00edsticas y los beneficios de esta ayuda, <strong>entrevistamos al director general de RED.es, Alberto Mart\u00ednez.<\/strong><\/span><strong>\u00a0<\/strong><\/p>\n<p style=\"text-align: justify;\"><b><span data-contrast=\"none\">Ya se ha abierto la primera convocatoria del programa Kit Digital para pymes de entre 10 y 50 trabajadores. \u00bfEn qu<\/span><\/b><b><span data-contrast=\"none\">\u00e9<\/span><\/b><b><span data-contrast=\"none\"> consiste y qu\u00e9 beneficios puede suponer este proyecto para las empresas?<\/span><\/b><span data-ccp-props=\"{&quot;201341983&quot;:0,&quot;335551550&quot;:6,&quot;335551620&quot;:6,&quot;335559739&quot;:160,&quot;335559740&quot;:259}\">\u00a0<\/span><\/p>\n<p style=\"text-align: justify;\"><span data-contrast=\"none\">Estos recursos pretenden proporcionar soluciones tecnol\u00f3gicas b\u00e1sicas que ayuden a las empresas de menos de 50 trabajadores a alcanzar un nivel de madurez digital m\u00e1s elevado. <\/span><\/p>\n<p style=\"text-align: justify;\"><span data-contrast=\"none\">El programa de ayudas es muy innovador, puesto que se trata de un proceso automatizado que, a trav\u00e9s de convenios con otras administraciones p\u00fablicas que est\u00e1n implicadas, permite que la solicitud sea r\u00e1pida, sencilla y que est\u00e9 al alcance de todo el mundo. Hemos conseguido que las personas f\u00edsicas y las sociedades mercantiles puedan solicitar la ayuda sin tener que aportar documentaci\u00f3n ni avanzar dinero. Adem\u00e1s, hemos habilitado la figura del representante voluntario, de forma que cualquier tercero puede pedir la ayuda en nombre de la pyme.<\/span><span data-ccp-props=\"{&quot;201341983&quot;:0,&quot;335551550&quot;:6,&quot;335551620&quot;:6,&quot;335559739&quot;:160,&quot;335559740&quot;:259}\">\u00a0<\/span><\/p>\n<p style=\"text-align: justify;\"><b><span data-contrast=\"auto\">\u00bfEn qu\u00e9 punto se encuentra ahora mismo la digitalizaci\u00f3n de las pymes en Catalunya y el resto de Espa\u00f1a?<\/span><\/b><span data-ccp-props=\"{&quot;201341983&quot;:0,&quot;335551550&quot;:6,&quot;335551620&quot;:6,&quot;335559739&quot;:160,&quot;335559740&quot;:259}\">\u00a0<\/span><\/p>\n<p style=\"text-align: justify;\"><span data-contrast=\"auto\">Aunque somos conscientes de que todav\u00eda quedan pasos importantes por hacer, vamos por buen camino. Seg\u00fan el \u00edndice DESI del 2021, Espa\u00f1a ocupa una posici\u00f3n destacada en Europa, ya que somos el<\/span><span data-contrast=\"auto\"> tercer pa\u00eds europeo con mejor conectividad. Tambi\u00e9n destacamos en t\u00e9rminos de digitalizaci\u00f3n de la Administraci\u00f3n P\u00fablica. Ahora, pues, es el turno de impulsar la capacitaci\u00f3n digital y la digitalizaci\u00f3n de las pymes. Aqu\u00ed <\/span><span data-contrast=\"auto\">tenemos un camino por recorrer y seguir avanzando.<\/span><span data-ccp-props=\"{&quot;201341983&quot;:0,&quot;335551550&quot;:6,&quot;335551620&quot;:6,&quot;335559739&quot;:160,&quot;335559740&quot;:259}\">\u00a0<\/span><\/p>\n<p style=\"text-align: justify;\"><b><span data-contrast=\"auto\">\u00bfCu\u00e1ntas pymes podr\u00edan beneficiarse del Kit Digital?<\/span><\/b><\/p>\n<p style=\"text-align: justify;\"><span data-contrast=\"auto\">El programa Kit Digital pretende llegar a casi un mill\u00f3n de peque\u00f1as empresas, microempresas y aut\u00f3nomos, y se desarrollar\u00e1 hasta el a\u00f1o 2023 a trav\u00e9s de diferentes convocatorias de ayudas dirigidas a 3 segmentos diferentes. Nuestro objetivo es que las 3 convocatorias se abran este mismo a\u00f1o. El n\u00famero de empresas que podr\u00e1 solicitar la ayuda depender\u00e1 del segmento para el que se haya abierto la convocatoria.<\/span><span data-ccp-props=\"{&quot;201341983&quot;:0,&quot;335551550&quot;:6,&quot;335551620&quot;:6,&quot;335559739&quot;:160,&quot;335559740&quot;:259}\">\u00a0<\/span><\/p>\n<p style=\"text-align: justify;\"><span data-contrast=\"auto\">La primera convocatoria, destinada a las pymes de 10 a 49 trabajadores, est\u00e1 abierta desde hace m<\/span><span data-contrast=\"auto\">\u00e1<\/span><span data-contrast=\"auto\">s de un mes y m\u00e1s de 54.000 empresas de toda Espa\u00f1a ya han presentado su solicitud. La convocatoria estar\u00e1 abierta durante seis meses o hasta que se acaben los fondos, y las ayudas se otorgar\u00e1n trav\u00e9s de concurrencia no competitiva, es decir, por orden de llegada de las solicitudes.<\/span><span data-ccp-props=\"{&quot;201341983&quot;:0,&quot;335551550&quot;:6,&quot;335551620&quot;:6,&quot;335559739&quot;:160,&quot;335559740&quot;:259}\">\u00a0<\/span><\/p>\n<p style=\"text-align: justify;\"><b><span data-contrast=\"auto\">\u00bfQu\u00e9 puede suponer para la econom\u00eda la digitalizaci\u00f3n de las pymes?<\/span><\/b><\/p>\n<p style=\"text-align: justify;\"><img loading=\"lazy\" class=\"wp-image-27249 alignright\" src=\"https:\/\/www.pimealdia.org\/wp-content\/uploads\/2022\/08\/pexels-pixabay-35550.jpg\" alt=\"\" width=\"368\" height=\"245\" \/><\/p>\n<p style=\"text-align: justify;\"><span data-contrast=\"auto\">Nos hemos dado cuenta de que en Espa\u00f1a existe una diferencia considerable en t\u00e9rminos de digitalizaci\u00f3n y productividad entre las empresas grandes y las pymes. El grado de competitividad de la<\/span>s empresas grandes espa\u00f1olas es perfectamente comparable con el de las empresas de m\u00e1s de 50 trabajadores del resto de Europa, mientras que se percibe un espacio de mejora en cuanto a aquellas empresas de 0 a 49 trabajadores. Teniendo en cuenta el peso de las pymes en la econom\u00eda, es importante proporcionar soluciones tecnol\u00f3gicas para aumentar su productividad.<\/p>\n<p style=\"text-align: justify;\"><b><span data-contrast=\"auto\">\u00bfCu\u00e1les son las demandas de las empresas en cuanto a su transformaci\u00f3n digital?<\/span><\/b><\/p>\n<p style=\"text-align: justify;\"><span data-contrast=\"auto\">Var\u00edan en funci\u00f3n de sus necesidades. Estas pueden ser la creaci\u00f3n de una p\u00e1gina web, implantar la factura electr\u00f3nica o crear una aplicaci\u00f3n de gesti\u00f3n de clientes. Otras necesidades podr\u00edan ser impulsar procesos de log\u00edstica empresarial, crear entornos de ciberseguridad, o dotarse de un programa de contabilidad.<\/span><span data-ccp-props=\"{&quot;201341983&quot;:0,&quot;335551550&quot;:6,&quot;335551620&quot;:6,&quot;335559739&quot;:160,&quot;335559740&quot;:259}\">\u00a0<\/span><\/p>\n<p style=\"text-align: justify;\"><span data-contrast=\"auto\">Una de las caracter\u00edsticas principales de este programa es que lo hemos ido dise\u00f1ando a la vez que escuch\u00e1bamos a los principales beneficiarios. Adem\u00e1s, desde enero estamos recorriendo toda Espa\u00f1a para presentar presencialmente el programa y escuchar a las peque\u00f1as empresas, los agentes digitalizadores&#8230; para saber cu\u00e1les son sus necesidades y sus dudas. De este modo mejoramos sus propuestas finales y les ayudamos a entender mejor el programa.<\/span><span data-ccp-props=\"{&quot;201341983&quot;:0,&quot;335551550&quot;:6,&quot;335551620&quot;:6,&quot;335559739&quot;:160,&quot;335559740&quot;:259}\">\u00a0<\/span><\/p>\n<p style=\"text-align: justify;\"><span data-contrast=\"auto\">Para nosotros, el Kit Digital no tiene sentido sin sus principales actores implicados. Es por eso por lo que la recompensa a este esfuerzo es ver que 1 de cada 2 empresas del primer segmento de todas las comunidades aut\u00f3nomas han solicitado esta ayuda. Este es el verdadero \u00e9xito del programa.<\/span><span data-ccp-props=\"{&quot;201341983&quot;:0,&quot;335551550&quot;:6,&quot;335551620&quot;:6,&quot;335559739&quot;:160,&quot;335559740&quot;:259}\">\u00a0<\/span><\/p>\n","protected":false},"excerpt":{"rendered":"<p>El programa Kit Digital es una ayuda para digitalizar las micro y peque\u00f1as empresas y personas aut\u00f3nomas, y cuenta con un presupuesto total de 3.067 millones de euros para el periodo 2021-2023.\u00a0 Este programa \u2013financiado por los fondos europeos Next Generation UE en el marco de la Agenda Digital 2025 del Plan de Recuperaci\u00f3n, Transformaci\u00f3n y Resiliencia del Gobierno de Espa\u00f1a\u2013 prev\u00e9 hacer otorgamientos por importes que van de los 2.000 a los 12.000 euros, en funci\u00f3n del n\u00famero de empleados. Los beneficiarios son aquellas microempresas, peque\u00f1as empresas o personas aut\u00f3nomas, de cualquier sector, que cumplan los requisitos establecidos para<\/p>\n","protected":false},"author":83,"featured_media":27242,"comment_status":"open","ping_status":"closed","sticky":false,"template":"","format":"standard","meta":[],"categories":[342],"tags":[],"_links":{"self":[{"href":"https:\/\/www.pimealdia.org\/es\/wp-json\/wp\/v2\/posts\/27252"}],"collection":[{"href":"https:\/\/www.pimealdia.org\/es\/wp-json\/wp\/v2\/posts"}],"about":[{"href":"https:\/\/www.pimealdia.org\/es\/wp-json\/wp\/v2\/types\/post"}],"author":[{"embeddable":true,"href":"https:\/\/www.pimealdia.org\/es\/wp-json\/wp\/v2\/users\/83"}],"replies":[{"embeddable":true,"href":"https:\/\/www.pimealdia.org\/es\/wp-json\/wp\/v2\/comments?post=27252"}],"version-history":[{"count":4,"href":"https:\/\/www.pimealdia.org\/es\/wp-json\/wp\/v2\/posts\/27252\/revisions"}],"predecessor-version":[{"id":27262,"href":"https:\/\/www.pimealdia.org\/es\/wp-json\/wp\/v2\/posts\/27252\/revisions\/27262"}],"wp:featuredmedia":[{"embeddable":true,"href":"https:\/\/www.pimealdia.org\/es\/wp-json\/wp\/v2\/media\/27242"}],"wp:attachment":[{"href":"https:\/\/www.pimealdia.org\/es\/wp-json\/wp\/v2\/media?parent=27252"}],"wp:term":[{"taxonomy":"category","embeddable":true,"href":"https:\/\/www.pimealdia.org\/es\/wp-json\/wp\/v2\/categories?post=27252"},{"taxonomy":"post_tag","embeddable":true,"href":"https:\/\/www.pimealdia.org\/es\/wp-json\/wp\/v2\/tags?post=27252"}],"curies":[{"name":"wp","href":"https:\/\/api.w.org\/{rel}","templated":true}]}}