{"id":27312,"date":"2022-08-26T12:40:03","date_gmt":"2022-08-26T10:40:03","guid":{"rendered":"https:\/\/www.pimealdia.org\/?p=27312\/"},"modified":"2022-08-26T12:39:35","modified_gmt":"2022-08-26T10:39:35","slug":"elisabet-bach-queremos-una-reforma-del-reta-que-equipare-los-derechos-de-las-personas-autonomas-al-resto-de-trabajadores-y-trabajadoras","status":"publish","type":"post","link":"https:\/\/www.pimealdia.org\/es\/elisabet-bach-queremos-una-reforma-del-reta-que-equipare-los-derechos-de-las-personas-autonomas-al-resto-de-trabajadores-y-trabajadoras\/","title":{"rendered":"Elisabet Bach: \u201cQueremos una reforma del RETA que equipare los derechos de las personas aut\u00f3nomas al resto de trabajadores y trabajadoras\u201d"},"content":{"rendered":"<p><em>Elisabet Bach es presidenta de Aut\u00f2noms PIMEC. Economista de profesi\u00f3n, tambi\u00e9n desarrolla su tarea profesional en el \u00e1mbito de la consultor\u00eda, la formaci\u00f3n y la divulgaci\u00f3n en la estrategia y la gesti\u00f3n econ\u00f3mica para el crecimiento y la consolidaci\u00f3n de personas aut\u00f3nomas y microempresas. Adem\u00e1s, es profesora colaboradora del \u00e1rea de Econom\u00eda y Empresa de la Universitat Oberta de Catalunya (UOC).<\/em><\/p>\n<p>E. Bach: En PIMEC estamos activos en muchos frentes y, desde que ejerzo de presidenta de Aut\u00f2noms PIMEC, puedo valorar esta etapa como positiva, intensa y de aprendizaje. Despu\u00e9s de las \u00faltimas elecciones de la patronal, creamos una nueva Junta Ejecutiva de PIMEC Aut\u00f2noms para trabajar en proactivo en apoyo del colectivo, los servicios&#8230;, pero tambi\u00e9n en reactivo con los cambios normativos y otros temas que afectan a las personas aut\u00f3nomas.<\/p>\n<p><strong>Sobre esta nueva etapa de Aut\u00f2noms PIMEC, \u00bfalg\u00fan logro del que est\u00e9 orgullosa?<br \/>\n<\/strong>E. Bach: A nivel interno estoy orgullosa de la cohesi\u00f3n de la Junta Directiva de Aut\u00f2noms PIMEC. Entre todos hacemos aportaciones desde la diversidad de los sectores y de los territorios. A nivel externo quiero poner en valor que nos hemos situado en el mapa, puesto desde hace tiempo se tienen mucho en cuenta las reclamaciones y la voz de Aut\u00f2noms PIMEC como referente del colectivo.<\/p>\n<p><strong>Hablando del colectivo&#8230; \u00bfqu\u00e9 visi\u00f3n social cree que tiene?<br \/>\n<\/strong>E.Bach: Cuando dices que eres aut\u00f3nomo o aut\u00f3noma, mucha gente est\u00e1 a punto de responder: \u201clo siento\u201d. Trabajar por tu cuenta parece no tener prestigio. Asumimos un riesgo de prestigio y de patrimonio y creamos puestos de trabajo y riqueza&#8230; Creo que esto no est\u00e1 valorado. Prestamos m\u00faltiples servicios y estamos detr\u00e1s de muchos productos en todo el territorio. Para visualizarlo nos lo tenemos que creer nosotros, en primer lugar, y \u2013despu\u00e9s\u2013 explicarlo a la sociedad.<\/p>\n<p>Las reformas deben favorecer a la figura del aut\u00f3nomo y por eso es importante ponerla en valor, teniendo en cuenta su aportaci\u00f3n a la actividad econ\u00f3mica, social y territorial.<\/p>\n<p><strong>\u00bfReformas como, por ejemplo, la del RETA?<\/strong><br \/>\nE. Bach: En Aut\u00f3nomos PIMEC valoramos positivamente que el pleno del Congreso haya convalidado la reforma de los aut\u00f3nomos como proyecto de ley porque permitir\u00e1 introducir mejoras para el colectivo. En este sentido, enviaremos enmiendas a los diferentes grupos parlamentarios para, entre otras cuestiones, mejorar el tratamiento de los supuestos de los aut\u00f3nomos societarios y dar un paso adelante en la protecci\u00f3n del colectivo, especialmente revisar los condicionantes para que el acceso a esta protecci\u00f3n se adapte mejor a las necesidades del aut\u00f3nomo.<\/p>\n<p>Hay que que resolver la situaci\u00f3n sobre la cotizaci\u00f3n de los beneficios a las sociedades mercantiles por parte de los socios trabajadores que genera un problema de desigualdad hacia el socio capitalista.<\/p>\n<p>Es necesario introducir mejoras en la flexibilidad de tramos de cotizaci\u00f3n y que se garantice que se podr\u00e1 mantener la cotizaci\u00f3n si as\u00ed lo decide la persona aut\u00f3noma. En este sentido, habr\u00e1 que evaluar el impacto real que tendr\u00e1n los importes de cuotas sobre cada tramo, tanto a lo largo del periodo transitorio como a medio y largo plazo, especialmente en t\u00e9rminos de rendimiento neto y auton\u00f3mina, de forma que no se cotice sobre el fondo de competitividad y otros rendimientos que no est\u00e1n vinculados a los ingresos laborales. En cuanto a la regularizaci\u00f3n de las cuotas, Aut\u00f3nomos PIMEC denunciamos que el retorno se produce a muy largo plazo y, por lo tanto, pedimos una mejora en esta cuesti\u00f3n.<\/p>\n<p>Tambi\u00e9n habr\u00e1 que mejorar los procedimientos administrativos, y especialmente, la coordinaci\u00f3n interadministrativa, entre la Agencia Tributaria y la Tesorer\u00eda General de la Seguridad Social previstos a la nueva norma, para garantizar que el sistema es sencillo, \u00e1gil, pero tambi\u00e9n, que no van en contra de la viabilidad de las personas aut\u00f3nomas, en el sentido que las regularizaciones de cuotas que se producir\u00e1n no se demoren generando deudas o cr\u00e9ditos para ellas.<\/p>\n<p>Con todo, insisto en que hace falta un profundo debate socioecon\u00f3mico con el objetivo de hacer valer la figura de la persona aut\u00f3noma y, en consecuencia, que las pol\u00edticas sociales, fiscales, entre otras, vayan encaminadas a favorecer el desarrollo de la actividad del colectivo.<\/p>\n<p><strong>\u00bfY la reforma laboral?<\/strong><br \/>\nE. Bach: Es un tema complejo; por un lado, puede afectar a las microempresas, con personal contratado, y, por otro, al crecimiento. Cuando afecta a las microempresas es una problem\u00e1tica general de las pymes, puesto que los contratos tienen que ser fijos o fijos discontinuos, cuando necesariamente no hay estabilidad en el flujo de demanda.<\/p>\n<p>Es una reforma pensada para la gran empresa y muy mal adaptada a la microempresa. Cuando una actividad est\u00e1 en crecimiento, es necesario incorporar personal nuevo, pero nunca sabes c\u00f3mo ir\u00e1 y si se podr\u00e1 hacer frente a esta contrataci\u00f3n. En este sentido, han puesto m\u00e1s barreras por la rigidez de esta normativa.<\/p>\n<p><strong>Otra barrera de las personas aut\u00f3nomas es la subida de los costes empresariales, \u00bfverdad?<\/strong><br \/>\nE. Bach: Mal, nos afecta a casi todo el colectivo: panaderos, taxistas, sector log\u00edstico y un largo etc\u00e9tera. No siempre se puede repercutir al precio que paga la clientela y con frecuencia se traduce en una menor renta. La inflaci\u00f3n tambi\u00e9n se traslada a los costes de los alquileres, seguros y otros servicios. Todo ello hace muy dif\u00edcil que la persona aut\u00f3noma pueda vivir de su actividad, y pone en riesgo muchos negocios tras los efectos de la pandemia y ante la devoluci\u00f3n de los pr\u00e9stamos ICO.<\/p>\n<p><strong>En este sentido, \u00bfqu\u00e9 piensa de la jubilaci\u00f3n del colectivo?<\/strong><br \/>\nE. Bach: Nos preocupa este tema, puesto que constatamos que podemos tener un colectivo muy precarizado cuando se acerca la edad de jubilaci\u00f3n, y m\u00e1s teniendo en cuenta que, en Catalunya, solo un 20% del colectivo tiene planes de pensiones privados. Muchos de los ingresos son m\u00ednimos y se tendr\u00edan que complementar con ayudas. Esto supone que mucha gente no se pueda jubilar o lo haga en unas condiciones injustas. \u00bfC\u00f3mo lo solucionamos? Pues mejorando las condiciones tanto de la jubilaci\u00f3n activa como de la jubilaci\u00f3n definitiva.<\/p>\n<p><strong>Hablemos ahora de los retos de las personas aut\u00f3nomas&#8230;<\/strong><br \/>\nE. Bach: El reto es sobrevivir ante los efectos de la pandemia y el aumento de los costes empresariales. Hay que adaptar los negocios a nuevos valores de sostenibilidad, igualdad y digitalizaci\u00f3n. Son grandes retos y tenemos deberes como colectivo y todos los agentes implicados. Tenemos que visualizar casos de \u00e9xito, informar y actuar de forma coordinada para poder disponer de los recursos y la capacidad de incidir en las decisiones que nos afectan.<\/p>\n<p>Despu\u00e9s, hay retos m\u00e1s concretos como la falta de perfiles profesionales. Es una constante que nos vamos encontrando en sectores como la restauraci\u00f3n o el audiovisual. Para poner un ejemplo, en Catalunya hacen falta 80.00 personas en el sector de instaladores.<\/p>\n<p><strong>Para hacer frente a estos retos, creo que llegar\u00e1n los fondos europeos a las personas aut\u00f3nomas&#8230;<\/strong><br \/>\nE. Bach: Tendr\u00edan que llegar porque el colectivo de aut\u00f3nomos es muy amplio dentro del conjunto de las empresas. Si hablamos de persona f\u00edsica, somos el 53% de las empresas de Catalunya y, con las microempresas, somos el 96%. O estos fondos nos llegan o no llegar\u00e1n a casi ninguna empresa, m\u00e1s a\u00fan cuando la finalidad es reactivar la econom\u00eda. Pueden llegar de forma directa e indirecta y ser\u00eda bueno que llegasen de ambas formas. Los aut\u00f3nomos no nos podemos quedar fuera; el momento de transformarse es ahora.<\/p>\n<p><strong><span style=\"color: #e97f02;\">En clave personal<\/span><\/strong><br \/>\n\u2022 Un consejo: perseverar<br \/>\n\u2022 Un libro: La bona sort, de \u00c0lex Rovira i Fernando Trias<br \/>\n\u2022 Un recuerdo especial: el primer fin de semana largo en familia (mi marido tambi\u00e9n es aut\u00f3nomo)<br \/>\n\u2022 Un chiste sobre el colectivo: no me gustan, me entristecen<br \/>\n\u2022 Un referente: No tengo una persona como referente. Me fijo en comportamientos que me gustan de personas de mi alrededor para que me inspiren.<\/p>\n<p>&nbsp;<\/p>\n","protected":false},"excerpt":{"rendered":"<p>Elisabet Bach es presidenta de Aut\u00f2noms PIMEC. Economista de profesi\u00f3n, tambi\u00e9n desarrolla su tarea profesional en el \u00e1mbito de la consultor\u00eda, la formaci\u00f3n y la divulgaci\u00f3n en la estrategia y la gesti\u00f3n econ\u00f3mica para el crecimiento y la consolidaci\u00f3n de personas aut\u00f3nomas y microempresas. Adem\u00e1s, es profesora colaboradora del \u00e1rea de Econom\u00eda y Empresa de la Universitat Oberta de Catalunya (UOC). E. Bach: En PIMEC estamos activos en muchos frentes y, desde que ejerzo de presidenta de Aut\u00f2noms PIMEC, puedo valorar esta etapa como positiva, intensa y de aprendizaje. Despu\u00e9s de las \u00faltimas elecciones de la patronal, creamos una nueva<\/p>\n","protected":false},"author":105,"featured_media":27309,"comment_status":"open","ping_status":"closed","sticky":false,"template":"","format":"standard","meta":[],"categories":[342],"tags":[],"_links":{"self":[{"href":"https:\/\/www.pimealdia.org\/es\/wp-json\/wp\/v2\/posts\/27312"}],"collection":[{"href":"https:\/\/www.pimealdia.org\/es\/wp-json\/wp\/v2\/posts"}],"about":[{"href":"https:\/\/www.pimealdia.org\/es\/wp-json\/wp\/v2\/types\/post"}],"author":[{"embeddable":true,"href":"https:\/\/www.pimealdia.org\/es\/wp-json\/wp\/v2\/users\/105"}],"replies":[{"embeddable":true,"href":"https:\/\/www.pimealdia.org\/es\/wp-json\/wp\/v2\/comments?post=27312"}],"version-history":[{"count":3,"href":"https:\/\/www.pimealdia.org\/es\/wp-json\/wp\/v2\/posts\/27312\/revisions"}],"predecessor-version":[{"id":27321,"href":"https:\/\/www.pimealdia.org\/es\/wp-json\/wp\/v2\/posts\/27312\/revisions\/27321"}],"wp:featuredmedia":[{"embeddable":true,"href":"https:\/\/www.pimealdia.org\/es\/wp-json\/wp\/v2\/media\/27309"}],"wp:attachment":[{"href":"https:\/\/www.pimealdia.org\/es\/wp-json\/wp\/v2\/media?parent=27312"}],"wp:term":[{"taxonomy":"category","embeddable":true,"href":"https:\/\/www.pimealdia.org\/es\/wp-json\/wp\/v2\/categories?post=27312"},{"taxonomy":"post_tag","embeddable":true,"href":"https:\/\/www.pimealdia.org\/es\/wp-json\/wp\/v2\/tags?post=27312"}],"curies":[{"name":"wp","href":"https:\/\/api.w.org\/{rel}","templated":true}]}}