{"id":27348,"date":"2022-08-20T12:48:42","date_gmt":"2022-08-20T10:48:42","guid":{"rendered":"https:\/\/www.pimealdia.org\/?p=27348\/"},"modified":"2022-10-20T10:34:36","modified_gmt":"2022-10-20T08:34:36","slug":"salud-mental-en-las-empresas","status":"publish","type":"post","link":"https:\/\/www.pimealdia.org\/es\/salud-mental-en-las-empresas\/","title":{"rendered":"Salud mental en las empresas"},"content":{"rendered":"<p>La pandemia ha evidenciado que las personas empresarias y trabajadoras sufren tambi\u00e9n afectaciones en su salud emocional y psicol\u00f3gica fruto de la evoluci\u00f3n de los negocios y del mercado laboral. De hecho, durante uno de los per\u00edodos m\u00e1s complejos de la COVID19, en el mes de junio de 2020, la Fundaci\u00f3n Salud y Persona registr\u00f3 algunos datos que muestran la afectaci\u00f3n sobre la salud mental mediante una encuesta realizada a 50 empresas con 563 respuestas. En concreto, el 35% de las personas encuestadas dieron respuestas propias de un estado de \u00e1nimo cercano a la depresi\u00f3n. Adem\u00e1s, el 50% se sintieron nerviosas en alg\u00fan momento de cada uno de los d\u00edas que dur\u00f3 la pandemia y, de \u00e9stas, un 10% percibieron nerviosismo la mayor parte de su tiempo, pudiendo sufrir trastornos de ansiedad. A ello hay que a\u00f1adir, como dato destacado, que el estr\u00e9s se dio pr\u00e1cticamente en un 60% de los casos y que m\u00e1s del 50% transmiti\u00f3 tener dificultades vinculadas a la calidad del descanso, lo que afectaba de manera muy importante a sus estados de \u00e1nimo y rendimientos en el trabajo.<\/p>\n<p>Las empresas y las personas aut\u00f3nomas de los sectores m\u00e1s castigados por los efectos de la pandemia est\u00e1n muy debilitadas. Endeudadas, con problemas de liquidez y, sobre todo, de solvencia, y ahogadas por los pagos fijos (impuestos y tasas, alquileres o cr\u00e9ditos). Estamos hablando, entre otras actividades, del comercio, la restauraci\u00f3n, la hosteler\u00eda, el turismo, la cultura, el ocio y el deporte, pero sin obviar la incertidumbre que viven tambi\u00e9n sectores como la construcci\u00f3n, las tecnolog\u00edas de la informaci\u00f3n y de la comunicaci\u00f3n, la salud y la industria. Incertidumbre que aumenta de forma generalizada por la guerra en Ucrania y sus adversas implicaciones sobre la econom\u00eda global y, en particular, sobre la europea.<\/p>\n<p>Se ha notado un fuerte incremento de las dolencias emocionales y psicol\u00f3gicas consecuencia de las crisis econ\u00f3micas que se han ido enlazando en los \u00faltimos a\u00f1os, y desde la Fundaci\u00f3 PIMEC estamos activados para dar respuesta a este \u00e1mbito de la salud mental. Las empresas han de mantener el m\u00e1ximo nivel de bienestar laboral posible y urge gestionar este tema con valent\u00eda, como un problema m\u00e1s que puede surgir en los negocios. Una primera l\u00ednea de actuaci\u00f3n que hemos seguido es potenciar el servicio de atenci\u00f3n telef\u00f3nica psicoemocional para cualquier persona empresaria y su familia, gracias a la colaboraci\u00f3n de la Fundaci\u00f3n Salud y Persona y el Ayuntamiento de Barcelona.<\/p>\n<p>Como segunda acci\u00f3n, recientemente, desde la Fundaci\u00f3 PIMEC hemos firmado un convenio de colaboraci\u00f3n con el Instituto Hospital del Mar de Investigaciones M\u00e9dicas (IMIM-Hospital del Mar) con el objetivo com\u00fan de mejorar la salud mental de las personas empresarias y trabajadoras. El acuerdo prev\u00e9 facilitar el acceso de las peque\u00f1as y medianas empresas, adheridas a PIMEC, a la participaci\u00f3n en el proyecto europeo MENTUPP que, a trav\u00e9s de las intervenciones dise\u00f1adas y facilitadas por el grupo de investigaci\u00f3n en salud mental del IMIM permite combatir el estr\u00e9s, el <em>burnout<\/em> y los s\u00edntomas depresivos y ansiosos.<\/p>\n<p>Urge hablar mucho m\u00e1s del estado emocional y psicol\u00f3gico de las personas que componen los equipos humanos de las empresas, y desde la Fundaci\u00f3 PIMEC \u00a1nos lo hemos marcado como una prioridad!<\/p>\n<p>&nbsp;<\/p>\n<p style=\"text-align: center;\">Josep Gonz\u00e1lez &#8211; Presidente de la Fundaci\u00f3n PIMEC<\/p>\n<p>&nbsp;<\/p>\n","protected":false},"excerpt":{"rendered":"<p>La pandemia ha evidenciado que las personas empresarias y trabajadoras sufren tambi\u00e9n afectaciones en su salud emocional y psicol\u00f3gica fruto de la evoluci\u00f3n de los negocios y del mercado laboral. De hecho, durante uno de los per\u00edodos m\u00e1s complejos de la COVID19, en el mes de junio de 2020, la Fundaci\u00f3n Salud y Persona registr\u00f3 algunos datos que muestran la afectaci\u00f3n sobre la salud mental mediante una encuesta realizada a 50 empresas con 563 respuestas. En concreto, el 35% de las personas encuestadas dieron respuestas propias de un estado de \u00e1nimo cercano a la depresi\u00f3n. Adem\u00e1s, el 50% se sintieron<\/p>\n","protected":false},"author":126,"featured_media":0,"comment_status":"open","ping_status":"closed","sticky":false,"template":"","format":"standard","meta":[],"categories":[770],"tags":[],"_links":{"self":[{"href":"https:\/\/www.pimealdia.org\/es\/wp-json\/wp\/v2\/posts\/27348"}],"collection":[{"href":"https:\/\/www.pimealdia.org\/es\/wp-json\/wp\/v2\/posts"}],"about":[{"href":"https:\/\/www.pimealdia.org\/es\/wp-json\/wp\/v2\/types\/post"}],"author":[{"embeddable":true,"href":"https:\/\/www.pimealdia.org\/es\/wp-json\/wp\/v2\/users\/126"}],"replies":[{"embeddable":true,"href":"https:\/\/www.pimealdia.org\/es\/wp-json\/wp\/v2\/comments?post=27348"}],"version-history":[{"count":2,"href":"https:\/\/www.pimealdia.org\/es\/wp-json\/wp\/v2\/posts\/27348\/revisions"}],"predecessor-version":[{"id":27350,"href":"https:\/\/www.pimealdia.org\/es\/wp-json\/wp\/v2\/posts\/27348\/revisions\/27350"}],"wp:attachment":[{"href":"https:\/\/www.pimealdia.org\/es\/wp-json\/wp\/v2\/media?parent=27348"}],"wp:term":[{"taxonomy":"category","embeddable":true,"href":"https:\/\/www.pimealdia.org\/es\/wp-json\/wp\/v2\/categories?post=27348"},{"taxonomy":"post_tag","embeddable":true,"href":"https:\/\/www.pimealdia.org\/es\/wp-json\/wp\/v2\/tags?post=27348"}],"curies":[{"name":"wp","href":"https:\/\/api.w.org\/{rel}","templated":true}]}}