{"id":27358,"date":"2022-09-15T16:45:23","date_gmt":"2022-09-15T14:45:23","guid":{"rendered":"https:\/\/www.pimealdia.org\/?p=27358\/"},"modified":"2022-09-15T16:59:20","modified_gmt":"2022-09-15T14:59:20","slug":"pymes-y-cambio-climatico-s-o-s","status":"publish","type":"post","link":"https:\/\/www.pimealdia.org\/es\/pymes-y-cambio-climatico-s-o-s\/","title":{"rendered":"Pymes y cambio clim\u00e1tico: S.O.S."},"content":{"rendered":"<p>Catalu\u00f1a est\u00e1 sufriendo uno de los peores veranos en a\u00f1os. Fotograf\u00edas de sat\u00e9lite muestran que muchos lugares del mundo est\u00e1n o han estado en llamas. La tierra sufre y desgraciadamente los efectos devastadores de la huella humana se incrementan exponencialmente d\u00eda a d\u00eda, mucho antes de los pron\u00f3sticos. La falta de lluvia, junto con las olas de calor, provoca que la sequ\u00eda que se acumula desde hace muchos meses est\u00e9 causando estragos en los bosques catalanes. Los niveles de los pantanos est\u00e1n bajo m\u00ednimos, las reservas de agua han disminuido cada semana el doble de r\u00e1pido de lo habitual en verano y todo ello es una situaci\u00f3n que, desgraciadamente, viviremos m\u00e1s intensamente a\u00f1o tras a\u00f1o, y a la que, responsablemente, tenemos que dar respuestas urgentes con acciones tangibles.<\/p>\n<p><strong>Las pymes que desarrollan su actividad en municipios que han estado en alerta por la extrema sequ\u00eda est\u00e1n sufriendo m\u00e1s que nunca la irrupci\u00f3n del cambio clim\u00e1tico.<\/strong> En un contexto de crisis energ\u00e9tica como en el que nos encontramos, y para paliar los efectos del cambio clim\u00e1tico, hacen falta actuaciones concretas y por eso es imprescindible la colaboraci\u00f3n p\u00fablico-privada tanto en materia legislativa como econ\u00f3mica.<\/p>\n<p>Por un lado,<strong> los campesinos, en previsi\u00f3n de esta situaci\u00f3n de restricciones, han tenido que cambiar sus cultivos por otros que necesitan menos agua y evitar as\u00ed el despilfarro.<\/strong> En la misma l\u00ednea, a <strong>la Asociaci\u00f3n Catalana de Comunidades Regantes, ACATCOR, les preocupa que ahora se puedan instalar placas solares en terreno de regad\u00edo.<\/strong> Desde el 2019 exist\u00eda una restricci\u00f3n en este sentido con la Ley de los Espacios Agrarios que daba respuesta a una reivindicaci\u00f3n hist\u00f3rica del sector y con la aprobaci\u00f3n del Decreto Ley 5\/2022, del 17 de mayo, se dio luz verde a ubicar placas solares en terrenos de regad\u00edo.<\/p>\n<p>El gerente de ACATCOR, Ramon Lletj\u00f3s, explica que la Ley de Espacios Agrarios, \u201cque todav\u00eda no se ha desarrollado\u201d, ten\u00eda que ser el instrumento que permitiera \u201cplanificar el territorio teniendo en cuenta el sector agr\u00edcola, ganadero y forestal en su vertiente de productor de alimentos, bienes y servicios, pero tambi\u00e9n valorando su papel de equilibrador del territorio y cohesionador social.\u201d Que ahora se puedan poner placas solares en vez de dedicar los terrenos a la producci\u00f3n de materias primas, seg\u00fan Ramon Lletj\u00f3s \u201cpuede tener graves repercusiones en nuestra soberan\u00eda alimentaria y, por extrapolaci\u00f3n, en el despoblamiento y desertizaci\u00f3n del territorio\u201d.<\/p>\n<p>Por otro lado, <strong>las actividades de ocio son uno de los sectores que m\u00e1s se han visto afectados por la brusca ca\u00edda de la actividad provocada por la sequ\u00eda.<\/strong> Los pantanos catalanes suelen recibir miles de visitantes cada verano para disfrutar de un paseo en kayak, canoa o p\u00e1del surf y este a\u00f1o los peque\u00f1os negocios que se dedican a esas actividades han reducido a la mitad la facturaci\u00f3n o incluso se han visto obligados a cerrar. Seg\u00fan los datos recopilados por Daniel Bras\u00e9, vicepresidente de PIMEC Turismo y gerente de la Federaci\u00f3n Intercomarcal de Hosteler\u00eda, Restauraci\u00f3n y Turismo (FIHRT), las empresas del sector hab\u00edan previsto facturar 41.000 euros de media cada una de ellas este a\u00f1o. No obstante, la media de p\u00e9rdidas por el estado de los pantanos es de 24.103 euros, por lo que unos treinta negocios afectados se han unido para reclamar compensaciones, mejorar la gesti\u00f3n del agua y la comunicaci\u00f3n con las administraciones. \u201cNo estamos hablando de grandes empresas. Hay personas que despu\u00e9s del verano se ganan la vida trabajando de gu\u00edas de monta\u00f1a. Si lamentamos la despoblaci\u00f3n, debemos cuidar a las personas que dan vida al \u00e1mbito rural\u201d, explica Bras\u00e9. En este sentido, ha se\u00f1alado que \u201cya se est\u00e1n haciendo los primeros contactos con la Generalitat de Catalu\u00f1a para buscar soluciones a esta compleja situaci\u00f3n.\u201d<\/p>\n<p>Con todo, son varios los sectores que directa o indirectamente sufren los efectos del cambio clim\u00e1tico, por lo que <strong>ser\u00e1 primordial contar con todo el apoyo posible por parte de la administraci\u00f3n para poder preservar el medio ambiente y, a la vez, salvaguardar el tejido productivo<\/strong> para seguir generando riqueza y puestos de trabajo.<\/p>\n","protected":false},"excerpt":{"rendered":"<p>Catalu\u00f1a est\u00e1 sufriendo uno de los peores veranos en a\u00f1os. Fotograf\u00edas de sat\u00e9lite muestran que muchos lugares del mundo est\u00e1n o han estado en llamas. La tierra sufre y desgraciadamente los efectos devastadores de la huella humana se incrementan exponencialmente d\u00eda a d\u00eda, mucho antes de los pron\u00f3sticos. La falta de lluvia, junto con las olas de calor, provoca que la sequ\u00eda que se acumula desde hace muchos meses est\u00e9 causando estragos en los bosques catalanes. Los niveles de los pantanos est\u00e1n bajo m\u00ednimos, las reservas de agua han disminuido cada semana el doble de r\u00e1pido de lo habitual en<\/p>\n","protected":false},"author":154,"featured_media":27355,"comment_status":"open","ping_status":"closed","sticky":false,"template":"","format":"standard","meta":[],"categories":[342],"tags":[],"_links":{"self":[{"href":"https:\/\/www.pimealdia.org\/es\/wp-json\/wp\/v2\/posts\/27358"}],"collection":[{"href":"https:\/\/www.pimealdia.org\/es\/wp-json\/wp\/v2\/posts"}],"about":[{"href":"https:\/\/www.pimealdia.org\/es\/wp-json\/wp\/v2\/types\/post"}],"author":[{"embeddable":true,"href":"https:\/\/www.pimealdia.org\/es\/wp-json\/wp\/v2\/users\/154"}],"replies":[{"embeddable":true,"href":"https:\/\/www.pimealdia.org\/es\/wp-json\/wp\/v2\/comments?post=27358"}],"version-history":[{"count":3,"href":"https:\/\/www.pimealdia.org\/es\/wp-json\/wp\/v2\/posts\/27358\/revisions"}],"predecessor-version":[{"id":27362,"href":"https:\/\/www.pimealdia.org\/es\/wp-json\/wp\/v2\/posts\/27358\/revisions\/27362"}],"wp:featuredmedia":[{"embeddable":true,"href":"https:\/\/www.pimealdia.org\/es\/wp-json\/wp\/v2\/media\/27355"}],"wp:attachment":[{"href":"https:\/\/www.pimealdia.org\/es\/wp-json\/wp\/v2\/media?parent=27358"}],"wp:term":[{"taxonomy":"category","embeddable":true,"href":"https:\/\/www.pimealdia.org\/es\/wp-json\/wp\/v2\/categories?post=27358"},{"taxonomy":"post_tag","embeddable":true,"href":"https:\/\/www.pimealdia.org\/es\/wp-json\/wp\/v2\/tags?post=27358"}],"curies":[{"name":"wp","href":"https:\/\/api.w.org\/{rel}","templated":true}]}}