{"id":27374,"date":"2022-09-20T12:36:17","date_gmt":"2022-09-20T10:36:17","guid":{"rendered":"https:\/\/www.pimealdia.org\/?p=27374\/"},"modified":"2022-09-20T12:36:17","modified_gmt":"2022-09-20T10:36:17","slug":"el-reto-de-conseguir-unos-poligonos-industriales-de-calidad","status":"publish","type":"post","link":"https:\/\/www.pimealdia.org\/es\/el-reto-de-conseguir-unos-poligonos-industriales-de-calidad\/","title":{"rendered":"El reto de conseguir unos pol\u00edgonos industriales de calidad"},"content":{"rendered":"<p><em>Es necesaria la implantaci\u00f3n de una buena red para el conjunto del territorio, que ayude a la transici\u00f3n de las pymes hacia la Industria 4.0 y a ser un referente de la tecnolog\u00eda 5G.<\/em><\/p>\n<p>La situaci\u00f3n actual pone de manifiesto que en los entornos industriales donde est\u00e1n ubicadas las empresas hay que conseguir nuevos retos y potenciar nuevos modelos de actuaci\u00f3n, como la sostenibilidad o la digitalizaci\u00f3n. Adem\u00e1s, y debido a la situaci\u00f3n \u201cde abandono\u201d en el que se encuentran muchos de los pol\u00edgonos industriales \u2013mayoritariamente por la falta de inversi\u00f3n por parte de las entidades titulares de estos\u2013, es fundamental y vital, para poder dotar el entorno de competitividad, disponer de herramientas que faciliten y velen por la mejora continua de los pol\u00edgonos. Por ejemplo, en Catalunya es necesaria una inversi\u00f3n en infraestructuras de telecomunicaciones para el conjunto del territorio que permita acompa\u00f1ar el tejido productivo en la transici\u00f3n hacia la Industria 4.0 y que nos convierta en un referente de la tecnolog\u00eda 5G.<\/p>\n<p>Por todo esto, la Coordinadora de Pol\u00edgonos Empresariales (CEPE) lidera e impulsa la marca \u201cPol\u00edgonos empresariales de calidad \u2013 Pol\u00edgono Q\u201d, que est\u00e1 certificada por la Asociaci\u00f3n Espa\u00f1ola de Normalizaci\u00f3n y Certificaci\u00f3n (AENOR). El objetivo de la coordinadora es, entre otros, que el 10% de los pol\u00edgonos espa\u00f1oles tenga este distintivo en 2029, y conseguir que el entorno donde las empresas desarrollan su actividad econ\u00f3mica sea competitivo en aspectos como el urbanismo, infraestructuras, movilidad sostenible, innovaci\u00f3n, eficiencia energ\u00e9tica, etc.<\/p>\n<blockquote><p><strong>En <\/strong><strong>Espa\u00f1a existen 21 pol\u00edgonos que han obtenido el certificado, de los que 7 se encuentran en Catalunya<\/strong><\/p><\/blockquote>\n<p>En Catalunya, PIMEC Pol\u00edgons \u2013agente acreditado de la marca \u201cPol\u00edgono empresarial de calidad\u201d\u2013 lleva a cabo una tarea de dinamizaci\u00f3n en este sentido. La entidad cree que la certificaci\u00f3n es una herramienta b\u00e1sica para: valorar y validar la capacidad de las infraestructuras, servicios y otras variables del entorno de un pol\u00edgono; dise\u00f1ar una hoja de ruta con las oportunidades de mejora identificadas y, lo m\u00e1s importante, obtener el compromiso de las entidades titulares (mayoritariamente administraciones locales) para invertir en los pol\u00edgonos. \u201cClasificar los pol\u00edgonos, como punto de partida, nos permite disponer de una radiograf\u00eda actual y de un proyecto de futuro basado en la mejora continua, puesto que la principal variable de la certificaci\u00f3n es precisamente la mejora continua de los pol\u00edgonos\u201d, ha explicado David Gim\u00e9nez, director ejecutivo de la patronal catalana y vicepresidente del CEPE.<\/p>\n<p>La certificaci\u00f3n \u201cPol\u00edgono empresarial de Calidad \u2013 Pol\u00edgono Q\u201d atiende al conjunto de factores que desde CEPE, en funci\u00f3n de su dilatada experiencia, se han identificado como esenciales para considerar que un pol\u00edgono es de calidad:<\/p>\n<ul>\n<li>Aspectos jur\u00eddicos y urban\u00edsticos<\/li>\n<li>Gesti\u00f3n de infraestructuras y servicios b\u00e1sicos<\/li>\n<li>Gesti\u00f3n del \u00e1rea empresarial<\/li>\n<li>Gesti\u00f3n de servicios de valor<\/li>\n<li>Influencia social<\/li>\n<\/ul>\n<p>Estos factores asumen un esquema piramidal, partiendo de los aspectos urban\u00edsticos y legales, hasta la implicaci\u00f3n con la sociedad y el territorio donde el pol\u00edgono se encuentra instalado. De este modo, la marca Pol\u00edgono Empresarial de Calidad se centra en validar los contenidos y en analizar la aportaci\u00f3n de valor de cada pol\u00edgono, en base a una mejora continua y de un modelo de utilidad y servicio empresarial y p\u00fablico.<\/p>\n<p>Gracias a esta herramienta, varios pol\u00edgonos de todo el territorio catal\u00e1n ya han obtenido la certificaci\u00f3n \u201cPol\u00edgono Empresarial de Calidad\u201d:<\/p>\n<p><strong>Los pol\u00edgonos Congost, Coll de Manya y Jordi Camp de Granollers (diciembre 2019)\u00a0<\/strong><\/p>\n<p><strong>Pol\u00edgono del Pr\u00edncep y Pol\u00edgono Empord\u00e0 Internacional de Vilamalla, en Girona (mayo 2021)<\/strong><\/p>\n<p><strong>Pol\u00edgono industrial El Pla de Sant Feliu, en el Baix Llobregat (octubre 2021)<\/strong><\/p>\n<p><strong>Pol\u00edgono industrial Can Salvatella de Barber\u00e0 del Vall\u00e8s, en el Vall\u00e8s Occidental (octubre 2021)<\/strong><\/p>\n<p>&nbsp;<\/p>\n<p><strong>\u00a0<\/strong><\/p>\n<p>&nbsp;<\/p>\n","protected":false},"excerpt":{"rendered":"<p>Es necesaria la implantaci\u00f3n de una buena red para el conjunto del territorio, que ayude a la transici\u00f3n de las pymes hacia la Industria 4.0 y a ser un referente de la tecnolog\u00eda 5G. La situaci\u00f3n actual pone de manifiesto que en los entornos industriales donde est\u00e1n ubicadas las empresas hay que conseguir nuevos retos y potenciar nuevos modelos de actuaci\u00f3n, como la sostenibilidad o la digitalizaci\u00f3n. Adem\u00e1s, y debido a la situaci\u00f3n \u201cde abandono\u201d en el que se encuentran muchos de los pol\u00edgonos industriales \u2013mayoritariamente por la falta de inversi\u00f3n por parte de las entidades titulares de estos\u2013, es<\/p>\n","protected":false},"author":83,"featured_media":27370,"comment_status":"open","ping_status":"closed","sticky":false,"template":"","format":"standard","meta":[],"categories":[330],"tags":[],"_links":{"self":[{"href":"https:\/\/www.pimealdia.org\/es\/wp-json\/wp\/v2\/posts\/27374"}],"collection":[{"href":"https:\/\/www.pimealdia.org\/es\/wp-json\/wp\/v2\/posts"}],"about":[{"href":"https:\/\/www.pimealdia.org\/es\/wp-json\/wp\/v2\/types\/post"}],"author":[{"embeddable":true,"href":"https:\/\/www.pimealdia.org\/es\/wp-json\/wp\/v2\/users\/83"}],"replies":[{"embeddable":true,"href":"https:\/\/www.pimealdia.org\/es\/wp-json\/wp\/v2\/comments?post=27374"}],"version-history":[{"count":5,"href":"https:\/\/www.pimealdia.org\/es\/wp-json\/wp\/v2\/posts\/27374\/revisions"}],"predecessor-version":[{"id":27381,"href":"https:\/\/www.pimealdia.org\/es\/wp-json\/wp\/v2\/posts\/27374\/revisions\/27381"}],"wp:featuredmedia":[{"embeddable":true,"href":"https:\/\/www.pimealdia.org\/es\/wp-json\/wp\/v2\/media\/27370"}],"wp:attachment":[{"href":"https:\/\/www.pimealdia.org\/es\/wp-json\/wp\/v2\/media?parent=27374"}],"wp:term":[{"taxonomy":"category","embeddable":true,"href":"https:\/\/www.pimealdia.org\/es\/wp-json\/wp\/v2\/categories?post=27374"},{"taxonomy":"post_tag","embeddable":true,"href":"https:\/\/www.pimealdia.org\/es\/wp-json\/wp\/v2\/tags?post=27374"}],"curies":[{"name":"wp","href":"https:\/\/api.w.org\/{rel}","templated":true}]}}