{"id":27522,"date":"2022-10-31T17:32:07","date_gmt":"2022-10-31T15:32:07","guid":{"rendered":"https:\/\/www.pimealdia.org\/?p=27522"},"modified":"2022-10-31T17:32:07","modified_gmt":"2022-10-31T15:32:07","slug":"premio-nacional-de-comercio-marta-julia-nuestra-identidad-conjunta-tiene-que-ir-ligada-a-la-construccion-de-la-diferencia","status":"publish","type":"post","link":"https:\/\/www.pimealdia.org\/es\/premio-nacional-de-comercio-marta-julia-nuestra-identidad-conjunta-tiene-que-ir-ligada-a-la-construccion-de-la-diferencia\/","title":{"rendered":"Premio Nacional de Comercio. Marta Juli\u00e0: &#8220;Nuestra identidad conjunta tiene que ir ligada a la construcci\u00f3n de la diferencia&#8221;"},"content":{"rendered":"<p>La Federaci\u00f3n de Comercio de la Selva ha recibido el Premio Nacional de Comercio a la Iniciativa Colectiva, por la campa\u00f1a <strong>\u2018Acercamos el Comercio. En la Selva, Todos Somos Comercio Local\u2019. <\/strong>La actuaci\u00f3n, enfocada a impulsar el comercio de proximidad sobre todo entre el colectivo m\u00e1s joven, se ha materializado gracias al trabajo conjunto de las asociaciones de comerciantes de Arb\u00facies, Breda, Sant Hilari Sacalm, Santa Coloma de Farners, Sils y Vidreres. La presidenta de la Federaci\u00f3n, Marta Juli\u00e0, nos lo explica:<\/p>\n<p><strong><img loading=\"lazy\" class=\"alignleft size-medium wp-image-27517\" src=\"https:\/\/www.pimealdia.org\/wp-content\/uploads\/2022\/10\/Marta-julia-1-244x300.jpg\" alt=\"\" width=\"244\" height=\"300\" srcset=\"https:\/\/www.pimealdia.org\/wp-content\/uploads\/2022\/10\/Marta-julia-1-244x300.jpg 244w, https:\/\/www.pimealdia.org\/wp-content\/uploads\/2022\/10\/Marta-julia-1.jpg 262w\" sizes=\"(max-width: 244px) 100vw, 244px\" \/>\u00bfQu\u00e9 sensaciones has tenido al recoger este premio?<\/strong><\/p>\n<p>MJ: Una satisfacci\u00f3n muy grande que quiero compartir con mis compa\u00f1eros y compa\u00f1eras de la Federaci\u00f3n, sin ellos no habr\u00eda sido posible. Siempre es un orgullo que te reconozcan una tarea bien hecha y juntos hemos evidenciado que podemos lograr todos los retos que nos proponemos con \u00e9xito. Este galard\u00f3n nos ayuda a poner en valor la tarea de todas las personas que en alg\u00fan momento han aportado su saber hacer a nuestro proyecto asociativo.<\/p>\n<p><strong>\u00bfPor qu\u00e9 crees que hab\u00e9is ganado este premio? \u00bfCu\u00e1les son los valores que definen a la Federaci\u00f3n y los que quiere transmitir?<\/strong><\/p>\n<p>MJ: Siempre hemos tenido muy presente que nuestra identidad conjunta tiene que ir ligada a la construcci\u00f3n de la diferencia, diferenciarnos nos permite aumentar la relevancia de cada una de nuestras acciones. La campa\u00f1a por la cual hemos sido premiados iba dirigida a los ni\u00f1os, nuestros futuros clientes, e iba acompa\u00f1ada de una fuerte carga educativa y de concienciaci\u00f3n hacia la compra local poniendo en valor el papel del comercio en la riqueza urbana y el mantenimiento de la vitalidad de todos los municipios de la comarca.<\/p>\n<p>La Federaci\u00f3n de comercio de la Selva es pionera en el liderazgo de un proyecto com\u00fan de econom\u00eda asociativa para promover el desarrollo econ\u00f3mico de la comarca mediante la cooperaci\u00f3n empresarial a corto, medio y largo plazo con una nueva visi\u00f3n y desde el \u00e1mbito supramunicipal. Estamos ante una iniciativa que suma y siempre hemos tenido el convencimiento de que tenemos un tesoro incalculable, las personas que formamos parte de este entramado. El trabajo en equipo nos permite favorecer la creatividad, el compromiso, la ejecuci\u00f3n de las tareas, los resultados, las relaciones interpersonales y el crecimiento personal.<\/p>\n<p><strong>\u00bfCu\u00e1l es el secreto de mantener viva la iniciativa colectiva?<\/strong><\/p>\n<p>MJ: Tenemos claro que tenemos que partir de una \u00f3ptica desde dentro y desde bajo, huyendo de planteamientos gen\u00e9ricos, integrando las personas y creando espacios donde germinan nuevas ideas que hay que desarrollar con la certeza de que las cosas se pueden hacer siempre mejor. El respeto, el di\u00e1logo y el fomento de un modelo de organizaci\u00f3n en el cual todas las personas implicadas han tenido acceso mediante la participaci\u00f3n en todo el proceso, pero tambi\u00e9n en la toma de decisiones ha sido, sin ning\u00fan tipo de duda, la clave.<\/p>\n<p>Aprender a escuchar, a mirar, a hacer y a compartir con generosidad nos ha permitido desmarcarnos de la competencia y diferenciarnos buscando nuevas formas de hacer las cosas, nuevas maneras de organizarnos, nuevos valores y nuevas f\u00f3rmulas para utilizar el know-how interno que tan buenos resultados nos ha dado. Un aprender que ultrapasa el \u00e1mbito de la formaci\u00f3n, que nos permite abrir las miradas hacia el que nos rodea sin l\u00edmites y sin perder de vista nuestro objetivo principal que acontece nuestra raz\u00f3n de ser.<\/p>\n<p><strong>Despu\u00e9s de las dificultades que ha vivido el comercio los \u00faltimos a\u00f1os con la pandemia, se puede decir que la Federaci\u00f3n, adem\u00e1s de destacar por su iniciativa colectiva, destaca tambi\u00e9n por su resiliencia. \u00bfC\u00f3mo lo hab\u00e9is vivido?<\/strong><\/p>\n<p>MJ: Han sido tiempos dif\u00edciles para el sector, en todos los aspectos, pero la fuerza del colectivo ha sido trascendental en el acompa\u00f1amiento a todos los establecimientos. El hecho de poder compartir angustias y miedos pero tambi\u00e9n poner sobre la mesa acciones comunes que nos permitieran seguir adelante ha sido un incentivo para todos. A nosotros nos gusta decir que la Federaci\u00f3n es el punto neur\u00e1lgico de las asociaciones que forman parte y realmente as\u00ed ha sido.<\/p>\n<p><strong>Este a\u00f1o es vuestro 20\u00ba aniversario. \u00a1Doble enhorabuena! \u00bfC\u00f3mo valoras, el recorrido de la Federaci\u00f3n?<\/strong><\/p>\n<p>MJ: Durante todos estos a\u00f1os hemos ido superando todos los retos que se nos han puesto delante y hemos ido evolucionando en funci\u00f3n a los cambios exponenciales que se han ido sucediendo en muy poco tiempo. Comercio es cultura, es patrimonio, es creatividad y transformaci\u00f3n. El comercio tiene un papel activo en la construcci\u00f3n del modelo de ciudad y promueve la cohesi\u00f3n social que configura las voluntades de todos los que viven y, con esta premisa, hemos ido construyendo todas y cada una de nuestras propuestas.<\/p>\n<p>Fruto de este modo de entender nuestro proyecto colectivo hemos conseguido grandes hitos y hemos desarrollado proyectos innovadores que nos han permitido llegar a d\u00eda de hoy siendo una entidad conocida y reconocida en todo nuestro territorio y en Catalu\u00f1a en general.<\/p>\n<p><strong>\u00bfC\u00f3mo se est\u00e1 adaptando la Federaci\u00f3n a los cambios que ha exigido la pandemia, como la digitalizaci\u00f3n? \u00bfQu\u00e9 oportunidad os ha brindado esta crisis?<\/strong><\/p>\n<p>MJ: Identificar las nuevas exigencias, analizar el impacto de los nuevos h\u00e1bitos sobre la oferta existente, identificar las necesidades de innovaci\u00f3n en nuevas tecnolog\u00edas y detectar nuevas \u00e1reas de oportunidades no se puede hacer sin un entramado de relaciones en cooperaci\u00f3n del sector p\u00fablico y privado y cualquier reflexi\u00f3n estrat\u00e9gica que se inicie en el momento del dise\u00f1o de un nuevo escenario es especialmente \u00fatil en aquellos sectores donde la incertidumbre de prever un futuro es muy elevada y donde casi no se practica el pensamiento estrat\u00e9gico porque la mayor\u00eda de los agentes est\u00e1n centrados en objetivos a corto plazo.<\/p>\n<p>Fieles a nuestros objetivos, estamos atentos a todos los cambios y prevemos acciones adaptadas a nuestro entorno m\u00e1s inmediato huyendo de planteamientos gen\u00e9ricos y homogeneizadores.<\/p>\n<p><strong>\u00bfQu\u00e9 proyectos ten\u00e9is sobre la mesa? \u00bfEn que est\u00e1is trabajando?<\/strong><\/p>\n<p>Pensar en grande y actuar juntos. Siempre he pensado que si no sabes a d\u00f3nde vas tampoco importa donde llegues. Cuando una cosa funciona, quiz\u00e1s no hay que tocarla a corto plazo, pero autom\u00e1ticamente, hay que empezar a pensar creativamente en escenarios de futuro que nos permitan seguir recogiendo \u00e9xitos, uno tras otro. El comercio de la Selva tiene historia y tiene una historia para explicar y descubrir.<\/p>\n<p>El dise\u00f1o de un escenario de futuro es una herramienta de previsi\u00f3n que est\u00e1 en sinton\u00eda, cada vez m\u00e1s, con los tiempos actuales. La materializaci\u00f3n de los retos que nos planteamos a partir de ahora depender\u00e1 en gran medida de nuestra capacidad para asumir los cambios y afrontarlos con las medidas estrat\u00e9gicas correctas y los recursos adecuados.<\/p>\n<p><strong>\u00bfCu\u00e1les son las demandas m\u00e1s urgentes que hace la Federaci\u00f3n a las administraciones p\u00fablicas para el comercio de proximidad?<\/strong><\/p>\n<p>MJ: Adem\u00e1s de las necesidades actuales, conocidas y demandadas por todos, nos preocupa especialmente la p\u00e9rdida de relevancia del comercio en el centro de las pol\u00edticas p\u00fablicas. Hace tiempo que hablamos de modelos de ciudad, de comercio, pero no es f\u00e1cil verlo reflejado con consenso a las diferentes administraciones. Nos hacen falta normativas justas, adaptadas y adaptables a cada realidad, inequ\u00edvocas y \u201cno interpretables\u201d y que permitan o se sustenten en la base del sentido com\u00fan y no de las imposiciones.<\/p>\n<p>Tenemos el reto de mantener un entramado comercial en todos los pueblos y ciudades de Catalu\u00f1a que permitan un desarrollo sostenible del territorio y de la actividad econ\u00f3mica antes de que sea demasiada tarde y hay que contar con todos los medios para garantizar el \u00e9xito.<\/p>\n<p>&nbsp;<\/p>\n","protected":false},"excerpt":{"rendered":"<p>La Federaci\u00f3n de Comercio de la Selva ha recibido el Premio Nacional de Comercio a la Iniciativa Colectiva, por la campa\u00f1a \u2018Acercamos el Comercio. En la Selva, Todos Somos Comercio Local\u2019. La actuaci\u00f3n, enfocada a impulsar el comercio de proximidad sobre todo entre el colectivo m\u00e1s joven, se ha materializado gracias al trabajo conjunto de las asociaciones de comerciantes de Arb\u00facies, Breda, Sant Hilari Sacalm, Santa Coloma de Farners, Sils y Vidreres. La presidenta de la Federaci\u00f3n, Marta Juli\u00e0, nos lo explica: \u00bfQu\u00e9 sensaciones has tenido al recoger este premio? MJ: Una satisfacci\u00f3n muy grande que quiero compartir con mis<\/p>\n","protected":false},"author":154,"featured_media":27526,"comment_status":"open","ping_status":"closed","sticky":false,"template":"","format":"standard","meta":[],"categories":[330],"tags":[],"_links":{"self":[{"href":"https:\/\/www.pimealdia.org\/es\/wp-json\/wp\/v2\/posts\/27522"}],"collection":[{"href":"https:\/\/www.pimealdia.org\/es\/wp-json\/wp\/v2\/posts"}],"about":[{"href":"https:\/\/www.pimealdia.org\/es\/wp-json\/wp\/v2\/types\/post"}],"author":[{"embeddable":true,"href":"https:\/\/www.pimealdia.org\/es\/wp-json\/wp\/v2\/users\/154"}],"replies":[{"embeddable":true,"href":"https:\/\/www.pimealdia.org\/es\/wp-json\/wp\/v2\/comments?post=27522"}],"version-history":[{"count":1,"href":"https:\/\/www.pimealdia.org\/es\/wp-json\/wp\/v2\/posts\/27522\/revisions"}],"predecessor-version":[{"id":27523,"href":"https:\/\/www.pimealdia.org\/es\/wp-json\/wp\/v2\/posts\/27522\/revisions\/27523"}],"wp:featuredmedia":[{"embeddable":true,"href":"https:\/\/www.pimealdia.org\/es\/wp-json\/wp\/v2\/media\/27526"}],"wp:attachment":[{"href":"https:\/\/www.pimealdia.org\/es\/wp-json\/wp\/v2\/media?parent=27522"}],"wp:term":[{"taxonomy":"category","embeddable":true,"href":"https:\/\/www.pimealdia.org\/es\/wp-json\/wp\/v2\/categories?post=27522"},{"taxonomy":"post_tag","embeddable":true,"href":"https:\/\/www.pimealdia.org\/es\/wp-json\/wp\/v2\/tags?post=27522"}],"curies":[{"name":"wp","href":"https:\/\/api.w.org\/{rel}","templated":true}]}}