{"id":27621,"date":"2022-11-17T12:10:03","date_gmt":"2022-11-17T10:10:03","guid":{"rendered":"https:\/\/www.pimealdia.org\/?p=27621"},"modified":"2022-11-17T12:43:44","modified_gmt":"2022-11-17T10:43:44","slug":"las-pymes-como-origen-y-destino-de-la-formacion-profesional","status":"publish","type":"post","link":"https:\/\/www.pimealdia.org\/es\/las-pymes-como-origen-y-destino-de-la-formacion-profesional\/","title":{"rendered":"Las pymes como origen y destino de la Formaci\u00f3n Profesional"},"content":{"rendered":"<p>Los estudiantes de Formaci\u00f3n Profesional del Vall\u00e8s Oriental tienen ahora la oportunidad de hacer una inmersi\u00f3n y conocer de principio a fin todo el proceso productivo de las peque\u00f1as y medianas empresas del territorio. Desde la descarga de un pedido de un cami\u00f3n hasta que este se vuelve a expedir al cliente. Observando y aprendiendo de todos los procesos que intervienen y conociendo de primera mano las diferentes \u00e1reas implicadas en cada procedimiento empresarial. Esta es una<strong> iniciativa del Consejo FP del Baix Vall\u00e8s,<\/strong> del que PIMEC forma parte, impulsando y facilitando el v\u00ednculo entre el mundo empresarial y el formativo. Concretamente, el proyecto que se ha iniciado es fruto de una colaboraci\u00f3n p\u00fablico-privada entre el Ayuntamiento de Mollet y un grupo de empresas estructuradas en nueve sectoriales que han participado activamente acogiendo y contribuyendo al aprendizaje del alumnado.<\/p>\n<p>El proyecto da respuesta a una de las ideas fuerza de PIMEC en relaci\u00f3n con el modelo catal\u00e1n de Formaci\u00f3n Profesional, situando la empresa en el origen y destino de los itinerarios formativos, y a la persona en el centro del sistema con orientaci\u00f3n, y reconociendo el papel formativo de las empresas favoreciendo las condiciones reales que estimulen la iniciativa y la implicaci\u00f3n de estas, especialmente de las mipymes.<\/p>\n<p>En el proyecto se ha impulsado la participaci\u00f3n de las pymes al acercar el \u00e1mbito empresarial a los alumnos favoreciendo un mejor desempe\u00f1o en el aprendizaje del alumnado que adquiere mayor seguridad en sus conocimientos, a trav\u00e9s de la <strong>inmersi\u00f3n en las diferentes etapas productivas de una empresa y el aprendizaje <em>in situ<\/em><\/strong> de las diferentes metodolog\u00edas de la mano de personas profesionales.<\/p>\n<p>Una de las empresas que participa en este proyecto es CAYPI, que se dedica a los recubrimientos de piezas met\u00e1licas y est\u00e1 ubicada en Sant Fost de Campsentelles. <img loading=\"lazy\" class=\"size-medium wp-image-27632 alignright\" src=\"https:\/\/www.pimealdia.org\/wp-content\/uploads\/2022\/11\/fotoCAIPY2-233x300.jpg\" alt=\"\" width=\"233\" height=\"300\" srcset=\"https:\/\/www.pimealdia.org\/wp-content\/uploads\/2022\/11\/fotoCAIPY2-233x300.jpg 233w, https:\/\/www.pimealdia.org\/wp-content\/uploads\/2022\/11\/fotoCAIPY2-794x1024.jpg 794w, https:\/\/www.pimealdia.org\/wp-content\/uploads\/2022\/11\/fotoCAIPY2-768x991.jpg 768w, https:\/\/www.pimealdia.org\/wp-content\/uploads\/2022\/11\/fotoCAIPY2-1191x1536.jpg 1191w, https:\/\/www.pimealdia.org\/wp-content\/uploads\/2022\/11\/fotoCAIPY2-1588x2048.jpg 1588w, https:\/\/www.pimealdia.org\/wp-content\/uploads\/2022\/11\/fotoCAIPY2-480x619.jpg 480w, https:\/\/www.pimealdia.org\/wp-content\/uploads\/2022\/11\/fotoCAIPY2-scaled.jpg 1984w\" sizes=\"(max-width: 233px) 100vw, 233px\" \/>En la jornada de puertas abiertas, \u201clas personas estudiantes pudieron ver los diferentes productos qu\u00edmicos que intervienen en el proceso de recubrimiento de piezas met\u00e1licas, y resolver sus dudas sobre todo aquello que hace referencia a lo que est\u00e1n estudiando, orientaci\u00f3n laboral, etc.\u201d, explica Josep Soto, director general de CAYPI y presidente de PIMEC Joves.<\/p>\n<p>Soto considera que hay que poner en valor las micros, peque\u00f1as y medianas empresas como origen y destino de la FP: <strong>\u201cEs importante mostrar el funcionamiento de nuestras mipymes a las personas que est\u00e1n estudiando para acercarles la realidad que vivir\u00e1n cuando se incorporen al mercado laboral y les sirva tambi\u00e9n para orientar sus estudios\u201d.<\/strong><\/p>\n<p>Sancor Transformadoras S.L., en Montorn\u00e8s del Vall\u00e8s, es otra de las pymes participantes, en este caso en el \u00e1mbito de la fabricaci\u00f3n de transformadores. Esta pyme tambi\u00e9n ha abierto sus puertas a alumnos de FP como primer paso para acercar empresa y escuela. En concreto, a alumnos que estudian segundo curso del ciclo formativo de electricidad y electr\u00f3nica en el IES Mollet. El codirector de la empresa, \u00c1lvaro S\u00e1nchez, ha valorado positivamente la experiencia.<\/p>\n<p><strong><img loading=\"lazy\" class=\"size-medium wp-image-27634 alignleft\" src=\"https:\/\/www.pimealdia.org\/wp-content\/uploads\/2022\/11\/fotoSANCOR-300x181.jpg\" alt=\"\" width=\"300\" height=\"181\" srcset=\"https:\/\/www.pimealdia.org\/wp-content\/uploads\/2022\/11\/fotoSANCOR-300x181.jpg 300w, https:\/\/www.pimealdia.org\/wp-content\/uploads\/2022\/11\/fotoSANCOR-1024x618.jpg 1024w, https:\/\/www.pimealdia.org\/wp-content\/uploads\/2022\/11\/fotoSANCOR-768x464.jpg 768w, https:\/\/www.pimealdia.org\/wp-content\/uploads\/2022\/11\/fotoSANCOR-480x290.jpg 480w, https:\/\/www.pimealdia.org\/wp-content\/uploads\/2022\/11\/fotoSANCOR.jpg 1322w\" sizes=\"(max-width: 300px) 100vw, 300px\" \/><\/strong><\/p>\n<p><strong>\u201cLa experiencia ha sido todo un \u00e9xito, tanto que repetiremos cada a\u00f1o con nuevas promociones de estudiantes que decidan hacer esta inmersi\u00f3n en la empresa\u201d <\/strong>\u00c1lvaro S\u00e1nchez, codirector de Sancor Transformadores S.L<\/p>\n<p>Para cerrar el c\u00edrculo, PIMEC y el nuevo Consejo de FP del Baix Vall\u00e8s han presentado una iniciativa con el fin de que la din\u00e1mica de funcionamiento vaya m\u00e1s all\u00e1, de forma que las empresas tambi\u00e9n visiten las escuelas para promover los oficios, as\u00ed como realizar una tarea de concienciaci\u00f3n y orientaci\u00f3n a las familias del alumnado sobre la importancia de la Formaci\u00f3n Profesional <strong>\u201cpara intentar poner de moda los oficios en las escuelas y que las personas j\u00f3venes tengan ganas de dedicarse a dichos oficios, que buena falta hace\u201d,<\/strong> asegura el delegado territorial de PIMEC Vall\u00e8s Oriental, Enric Vallejo.<\/p>\n<p>Pese a las ventajas de este sistema formativo, la patronal de las pymes catalanas se\u00f1ala que en un momento en que hay un incremento de la demanda de perfiles calificados por parte de las empresas, deben ponerse todos los medios para consolidar la FP y cubrir puestos de trabajo, teniendo en cuenta que en la situaci\u00f3n actual elegir esta opci\u00f3n no es garant\u00eda de tener plaza por los problemas de planificaci\u00f3n del sistema, por lo que <strong>PIMEC reclama un plan de choque para cubrir la totalidad de plazas demandadas de Formaci\u00f3n Profesional (FP) con el sector privado<\/strong>, mediante plazas concertadas, pr\u00e9stamos a las familias y cofinanciaci\u00f3n de los centros, puesto que m\u00e1s de 15.000 alumnos que quer\u00edan cursar FP finalmente no lo podr\u00e1n hacer por una mala planificaci\u00f3n del sistema, hecho que PIMEC ha lamentado.<\/p>\n","protected":false},"excerpt":{"rendered":"<p>Los estudiantes de Formaci\u00f3n Profesional del Vall\u00e8s Oriental tienen ahora la oportunidad de hacer una inmersi\u00f3n y conocer de principio a fin todo el proceso productivo de las peque\u00f1as y medianas empresas del territorio. Desde la descarga de un pedido de un cami\u00f3n hasta que este se vuelve a expedir al cliente. Observando y aprendiendo de todos los procesos que intervienen y conociendo de primera mano las diferentes \u00e1reas implicadas en cada procedimiento empresarial. Esta es una iniciativa del Consejo FP del Baix Vall\u00e8s, del que PIMEC forma parte, impulsando y facilitando el v\u00ednculo entre el mundo empresarial y el<\/p>\n","protected":false},"author":154,"featured_media":27637,"comment_status":"open","ping_status":"closed","sticky":false,"template":"","format":"standard","meta":[],"categories":[342],"tags":[],"_links":{"self":[{"href":"https:\/\/www.pimealdia.org\/es\/wp-json\/wp\/v2\/posts\/27621"}],"collection":[{"href":"https:\/\/www.pimealdia.org\/es\/wp-json\/wp\/v2\/posts"}],"about":[{"href":"https:\/\/www.pimealdia.org\/es\/wp-json\/wp\/v2\/types\/post"}],"author":[{"embeddable":true,"href":"https:\/\/www.pimealdia.org\/es\/wp-json\/wp\/v2\/users\/154"}],"replies":[{"embeddable":true,"href":"https:\/\/www.pimealdia.org\/es\/wp-json\/wp\/v2\/comments?post=27621"}],"version-history":[{"count":12,"href":"https:\/\/www.pimealdia.org\/es\/wp-json\/wp\/v2\/posts\/27621\/revisions"}],"predecessor-version":[{"id":27655,"href":"https:\/\/www.pimealdia.org\/es\/wp-json\/wp\/v2\/posts\/27621\/revisions\/27655"}],"wp:featuredmedia":[{"embeddable":true,"href":"https:\/\/www.pimealdia.org\/es\/wp-json\/wp\/v2\/media\/27637"}],"wp:attachment":[{"href":"https:\/\/www.pimealdia.org\/es\/wp-json\/wp\/v2\/media?parent=27621"}],"wp:term":[{"taxonomy":"category","embeddable":true,"href":"https:\/\/www.pimealdia.org\/es\/wp-json\/wp\/v2\/categories?post=27621"},{"taxonomy":"post_tag","embeddable":true,"href":"https:\/\/www.pimealdia.org\/es\/wp-json\/wp\/v2\/tags?post=27621"}],"curies":[{"name":"wp","href":"https:\/\/api.w.org\/{rel}","templated":true}]}}