{"id":27682,"date":"2022-12-01T17:20:55","date_gmt":"2022-12-01T15:20:55","guid":{"rendered":"https:\/\/www.pimealdia.org\/?p=27682"},"modified":"2022-12-01T17:20:55","modified_gmt":"2022-12-01T15:20:55","slug":"por-un-modelo-aeroportuario-catalan-integral-integrado-sostenible-y-de-gobernanza-compartida-y-concertada","status":"publish","type":"post","link":"https:\/\/www.pimealdia.org\/es\/por-un-modelo-aeroportuario-catalan-integral-integrado-sostenible-y-de-gobernanza-compartida-y-concertada\/","title":{"rendered":"Por un modelo aeroportuario catal\u00e1n integral, integrado, sostenible y de gobernanza compartida y concertada"},"content":{"rendered":"<p>Desde PIMEC y el Cl\u00faster Log\u00edstico de Catalunya hemos elaborado una propuesta para el consenso sobre el modelo aeroportuario catal\u00e1n. Nuestro objetivo es salir del callej\u00f3n sin salida al que nos han llevado en los \u00faltimos a\u00f1os sobre la ampliaci\u00f3n del aeropuerto del Prat y presentar propuestas en positivo para poder avanzar en la resoluci\u00f3n del modelo aeroportuario catal\u00e1n. En este sentido, es importante poner de relieve los siguientes puntos:<\/p>\n<p><strong>Es necesario definir un modelo de gesti\u00f3n multiaeroportuaria integral de Catalunya, sea cual sea su titularidad, Estado o Generalitat.<\/strong> Catalunya dispone de otros aer\u00f3dromos que tendr\u00edan que complementar el rol del Aeropuerto del Prat. Mientras que los aeropuertos de Girona y Reus son ideales para las conexiones punto a punto y descongestionan Barcelona, el Aeropuerto de Lleida-Alguaire ofrece excelentes condiciones para los vuelos de carga y Sabadell y la Seu d&#8217;Urgell, para los vuelos corporativos y regionales, respectivamente. La coordinaci\u00f3n de toda esta infraestructura es imprescindible para convertirnos en un pa\u00eds equilibrado y territorialmente compensado.<\/p>\n<p><strong>El futuro aeroportuario del pa\u00eds no puede depender de un gestor de infraestructuras privado como es AENA<\/strong>, con capacidad de bloqueo sobre el futuro de nuestros aeropuertos. Nos hace falta un sistema de gesti\u00f3n descentralizada y mancomunada entre las diferentes administraciones: estatal, auton\u00f3mica y local; sistema que, promoviendo el principio de eficiencia y eficacia de la gesti\u00f3n privada, preserve la gobernanza estrat\u00e9gica p\u00fablica, tal y como ya se hace en otras infraestructuras como las portuarias.<\/p>\n<p><strong>El aeropuerto del Prat tiene que consolidarse como hub intercontinental<\/strong>, \u00fanica v\u00eda para aumentar la conectividad de largo radio, de vital importancia para el desarrollo econ\u00f3mico de Catalunya. No se trata solo de aumentar el n\u00famero de pasajeros, se trata de poder aumentar el n\u00famero de operaciones a la vez que necesita un hub de estas caracter\u00edsticas. Lo que se denomina aumentar la capacidad del campo de vuelo. Es perfectamente compatible convertirse en hub internacional y ser responsable con el entorno. En nuestra propuesta dejamos claro que, para lograr este objetivo, no es necesario realizar la controvertida ampliaci\u00f3n de pista lado mar, que afecta a la reserva natural de la Ricarda.<\/p>\n<p><strong>La gesti\u00f3n independiente de la primera y tercera pista<\/strong>, de acuerdo con aquello que est\u00e1 contemplado en el Plan Director y en la Declaraci\u00f3n de Impacto Ambiental, junto con la aplicaci\u00f3n de tecnolog\u00eda para poder rebajar la distancia entre aviones y otras medidas t\u00e9cnicas que se detallan en nuestra propuesta, permite sobradamente incrementar el n\u00famero de operaciones por hora que necesita un hub de estas caracter\u00edsticas.<\/p>\n<p>Lo que no es admisible es que un proyecto que incluye diferentes actuaciones, la creaci\u00f3n de una ciudad aeroportuaria, la construcci\u00f3n de una nueva terminal sat\u00e9lite, la adecuaci\u00f3n de la terminal T1 (puesta en servicio hace casi 13 a\u00f1os), la conexi\u00f3n entre ambas terminales, la adecuaci\u00f3n de otras zonas complementarias (aparcamientos y otros), quede parado por la conflictiva ampliaci\u00f3n de pista lado mar, teniendo en cuenta que no es necesario que se lleve a cabo.<\/p>\n<p><strong>La realidad es que a finales del 2022 el aeropuerto del Prat alcanzar\u00e1 los niveles anteriores a la pandemia<\/strong> y si queremos seguir creciendo habr\u00e1 que actuar r\u00e1pidamente, no podemos esperar mucho tiempo. El futuro de la navegaci\u00f3n a\u00e9rea cambiar\u00e1 en los pr\u00f3ximos a\u00f1os hacia sistemas menos contaminantes, de forma que no podemos dar juego a una estrategia del decrecimiento basada en hip\u00f3tesis que cambiar\u00e1n en los a\u00f1os pr\u00f3ximos. Debemos estar posicionados en la primera divisi\u00f3n de los aeropuertos europeos y mundiales si queremos atraer talento e inversiones, y que nuestras empresas se puedan internacionalizar.<\/p>\n<p>Por todo esto, creemos indispensable, entre otras propuestas que figuran en nuestro informe, <strong>la constituci\u00f3n de una comisi\u00f3n de consenso para el impulso aeroportuario<\/strong>, liderada por el Departamento de Territorio de la Generalitat de Catalunya y por el Ministerio de Transportes, Movilidad y Agenda Urbana, y los Ayuntamientos del Prat y Barcelona, con presencia de las organizaciones empresariales m\u00e1s representativas de Catalunya, para abordar un plan de futuro aeroportuario del Josep Tarradellas-Barcelona-el Prat y como motor del pa\u00eds en el conjunto del espacio a\u00e9reo catal\u00e1n.<\/p>\n<p>Pedimos, por lo tanto, generosidad y voluntad de llegar a acuerdos a todas las partes para poner manos a la obra en la implementaci\u00f3n de <strong>este modelo aeroportuario integral de pa\u00eds que necesitamos para construir un pa\u00eds equilibrado y sostenible.<\/strong><\/p>\n<p>&nbsp;<\/p>\n<p style=\"text-align: center;\">Ignasi Sayol &#8211; presidente de PIMEC Log\u00edstica i presidente del Cl\u00faster Log\u00edstico de Catalunya<\/p>\n","protected":false},"excerpt":{"rendered":"<p>Desde PIMEC y el Cl\u00faster Log\u00edstico de Catalunya hemos elaborado una propuesta para el consenso sobre el modelo aeroportuario catal\u00e1n. Nuestro objetivo es salir del callej\u00f3n sin salida al que nos han llevado en los \u00faltimos a\u00f1os sobre la ampliaci\u00f3n del aeropuerto del Prat y presentar propuestas en positivo para poder avanzar en la resoluci\u00f3n del modelo aeroportuario catal\u00e1n. En este sentido, es importante poner de relieve los siguientes puntos: Es necesario definir un modelo de gesti\u00f3n multiaeroportuaria integral de Catalunya, sea cual sea su titularidad, Estado o Generalitat. Catalunya dispone de otros aer\u00f3dromos que tendr\u00edan que complementar el rol<\/p>\n","protected":false},"author":180,"featured_media":27679,"comment_status":"open","ping_status":"closed","sticky":false,"template":"","format":"standard","meta":[],"categories":[770],"tags":[],"_links":{"self":[{"href":"https:\/\/www.pimealdia.org\/es\/wp-json\/wp\/v2\/posts\/27682"}],"collection":[{"href":"https:\/\/www.pimealdia.org\/es\/wp-json\/wp\/v2\/posts"}],"about":[{"href":"https:\/\/www.pimealdia.org\/es\/wp-json\/wp\/v2\/types\/post"}],"author":[{"embeddable":true,"href":"https:\/\/www.pimealdia.org\/es\/wp-json\/wp\/v2\/users\/180"}],"replies":[{"embeddable":true,"href":"https:\/\/www.pimealdia.org\/es\/wp-json\/wp\/v2\/comments?post=27682"}],"version-history":[{"count":3,"href":"https:\/\/www.pimealdia.org\/es\/wp-json\/wp\/v2\/posts\/27682\/revisions"}],"predecessor-version":[{"id":27688,"href":"https:\/\/www.pimealdia.org\/es\/wp-json\/wp\/v2\/posts\/27682\/revisions\/27688"}],"wp:featuredmedia":[{"embeddable":true,"href":"https:\/\/www.pimealdia.org\/es\/wp-json\/wp\/v2\/media\/27679"}],"wp:attachment":[{"href":"https:\/\/www.pimealdia.org\/es\/wp-json\/wp\/v2\/media?parent=27682"}],"wp:term":[{"taxonomy":"category","embeddable":true,"href":"https:\/\/www.pimealdia.org\/es\/wp-json\/wp\/v2\/categories?post=27682"},{"taxonomy":"post_tag","embeddable":true,"href":"https:\/\/www.pimealdia.org\/es\/wp-json\/wp\/v2\/tags?post=27682"}],"curies":[{"name":"wp","href":"https:\/\/api.w.org\/{rel}","templated":true}]}}