{"id":27875,"date":"2023-02-27T20:15:20","date_gmt":"2023-02-27T18:15:20","guid":{"rendered":"https:\/\/www.pimealdia.org\/?p=27875"},"modified":"2023-02-27T20:26:51","modified_gmt":"2023-02-27T18:26:51","slug":"pymes-y-velocidad-en-el-mobile-world-congress-2023","status":"publish","type":"post","link":"https:\/\/www.pimealdia.org\/es\/pymes-y-velocidad-en-el-mobile-world-congress-2023\/","title":{"rendered":"Pymes y velocidad en el Mobile World Congress 2023"},"content":{"rendered":"<p style=\"text-align: justify;\">Estamos ya inmersos en una nueva edici\u00f3n del\u00a0Mobile\u00a0World\u00a0Congress. Este a\u00f1o, el lema del\u00a0Congreso\u00a0Internacional es <strong>\u201cVelocity\u201d<\/strong>, pero tal vez tendr\u00edamos que conseguir un equilibrio entre velocidad, seguridad y escalabilidad, seg\u00fan el tipo de empresas.<\/p>\n<p style=\"text-align: justify;\">La edici\u00f3n del 2023 cuenta con tres grandes \u00e1mbitos tem\u00e1ticos que concentran la mayor parte tanto de los debates como de las presentaciones de soluciones y novedades tecnol\u00f3gicas: la inteligencia artificial, el desarrollo de los protocolos 5G y 6G, y la Internet of Things (IoT), enfocada sobre todo a proyectos en la nube. Habr\u00e1 tambi\u00e9n alg\u00fan hueco para no olvidar las nuevas soluciones en finanzas tecnol\u00f3gicas (fintech) y algunas referencias colaterales al humanismo tecnol\u00f3gico.<\/p>\n<p style=\"text-align: justify;\">El MWC es un acontecimiento global que mantiene desde hace ya d\u00e9cadas su sede en <strong>Barcelona<\/strong>, y nos tenemos que felicitar por el hecho de que la ciudad mantenga la capacidad y el posicionamiento para ser <strong>punta de lanza de las tecnolog\u00edas y soluciones m\u00e1s avanzadas a escala mundial.<\/strong> Desde PIMEC hemos apoyado de forma continuada la alineaci\u00f3n de las administraciones p\u00fablicas y del sector privado en favor de la celebraci\u00f3n del Congreso y del legado que progresivamente va construyendo en la ciudad y el pa\u00eds. Tambi\u00e9n saludamos la creaci\u00f3n del Four Years From Now (FYFN), que daba voz a los desarrollos tecnol\u00f3gicos de empresas locales, muchas de ellas start-ups y, por lo tanto, pymes, que pod\u00edan disfrutar de un altavoz internacional sin precedentes.<\/p>\n<p style=\"text-align: justify;\">Llegados a este punto, desde PIMEC queremos situar la necesidad de que el legado del MWC se capilarice tambi\u00e9n a las micro, peque\u00f1as y medianas empresas del pa\u00eds. Existe todav\u00eda una brecha digital relevante entre grandes empresas y pymes y <strong>la necesidad de incorporar de forma urgente tanto tecnolog\u00edas digitales como innovaciones a las micro, peque\u00f1as y medianas empresas en los \u00e1mbitos de la inteligencia artificial, el tratamiento y an\u00e1lisis de datos, la ciberseguridad y la IoT, entre otros. <\/strong>Todos ellos son campos sobre los que se fundamentar\u00e1 cada vez m\u00e1s la competitividad y productividad de nuestras empresas.<\/p>\n<blockquote>\n<p style=\"text-align: center;\"><em>Conseguir que los nuevos desarrollos que se presentan en el\u00a0MWC\u00a0\u201caterricen\u201d en nuestro tejido empresarial debe ser prioritario para todos los agentes del ecosistema de innovaci\u00f3n, tanto estatal como de Catalu\u00f1a, si queremos hablar con propiedad de un legado.<\/em><\/p>\n<\/blockquote>\n<p style=\"text-align: justify;\">El uso de las tecnolog\u00edas en las pymes y las grandes empresas contin\u00faa siendo muy desigual. La superdigitalizaci\u00f3n avanza pero no a la misma \u201cvelocity\u201d, desgraciadamente, y la brecha se podr\u00eda ampliar. Solo el 9% de las peque\u00f1as empresas ha desarrollado proyectos en relaci\u00f3n con el Big Data, y lo mismo sucede respecto al comercio electr\u00f3nico, el tratamiento y an\u00e1lisis de los datos, o la utilizaci\u00f3n de sistemas \u201ccloud\u201d. El problema esencial es que todav\u00eda es muy dif\u00edcil encontrar soluciones adaptadas a las pymes y a sus modelos de negocio.<\/p>\n<p style=\"text-align: justify;\">Uno de los \u00faltimos informes (2022) de la Universitat Oberta de Catalunya (\u201c\u00bfHacia la corporaci\u00f3n Tyrell? Digitalizaci\u00f3n, tama\u00f1o de empresa y divergencia de productividad en Espa\u00f1a\u201d) ya establec\u00eda como conclusi\u00f3n la divergencia entre las grandes compa\u00f1\u00edas dominantes, que adaptan la tecnolog\u00eda a gran velocidad y aumentan su competitividad, y las pymes.<\/p>\n<p style=\"text-align: justify;\">En\u00a0PIMEC\u00a0trabajamos en proyectos que aspiran a reducir la brecha digital para las pymes: apoyando activamente la incorporaci\u00f3n de herramientas digitales (KIT Digital y otros); <strong>impulsando la participaci\u00f3n de las pymes en proyectos<\/strong> de compra p\u00fablica innovadora y de propuesta de soluciones a retos de ciudad o de pa\u00eds; trabajando en proyectos de\u00a0Big\u00a0Data con la UOC que den visibilidad al ajuste entre competencias acad\u00e9micas y demanda del mercado de trabajo; o perfilando un \u201cinnovation\u00a0journey\u201d\u00a0que asegure la aplicabilidad de soluciones tecnol\u00f3gicas y digitales enfocada espec\u00edficamente a pymes.<\/p>\n<p style=\"text-align: justify;\"><strong>No nos podemos permitir llegar tarde<\/strong>: sensibilizaci\u00f3n de las empresas y de las personas que trabajan; formaci\u00f3n especializada; cambio de cultura empresarial y asesoramiento personalizado sobre herramientas y soluciones adaptadas a las necesidades espec\u00edficas de las peque\u00f1as empresas, son partes de la <strong>estrategia a seguir<\/strong> <strong>en relaci\u00f3n con nuestro tejido empresarial de pymes para dotarlas de velocidad real en su adaptaci\u00f3n a las innovaciones tecnol\u00f3gicas.<\/strong><\/p>\n<p>&nbsp;<\/p>\n<p><em>Joan Josep Berbel<br \/>\n<\/em><em>Presidente de la Comisi\u00f3n de Innovaci\u00f3n y Digitalizaci\u00f3n de PIMEC<\/em><\/p>\n<p>&nbsp;<\/p>\n<p>&nbsp;<\/p>\n<p>&nbsp;<\/p>\n<p>&nbsp;<\/p>\n<p>&nbsp;<\/p>\n<p>&nbsp;<\/p>\n<p>&nbsp;<\/p>\n<p>&nbsp;<\/p>\n","protected":false},"excerpt":{"rendered":"<p>Estamos ya inmersos en una nueva edici\u00f3n del\u00a0Mobile\u00a0World\u00a0Congress. Este a\u00f1o, el lema del\u00a0Congreso\u00a0Internacional es \u201cVelocity\u201d, pero tal vez tendr\u00edamos que conseguir un equilibrio entre velocidad, seguridad y escalabilidad, seg\u00fan el tipo de empresas. La edici\u00f3n del 2023 cuenta con tres grandes \u00e1mbitos tem\u00e1ticos que concentran la mayor parte tanto de los debates como de las presentaciones de soluciones y novedades tecnol\u00f3gicas: la inteligencia artificial, el desarrollo de los protocolos 5G y 6G, y la Internet of Things (IoT), enfocada sobre todo a proyectos en la nube. Habr\u00e1 tambi\u00e9n alg\u00fan hueco para no olvidar las nuevas soluciones en finanzas tecnol\u00f3gicas (fintech)<\/p>\n","protected":false},"author":189,"featured_media":27883,"comment_status":"open","ping_status":"closed","sticky":false,"template":"","format":"standard","meta":[],"categories":[770],"tags":[],"_links":{"self":[{"href":"https:\/\/www.pimealdia.org\/es\/wp-json\/wp\/v2\/posts\/27875"}],"collection":[{"href":"https:\/\/www.pimealdia.org\/es\/wp-json\/wp\/v2\/posts"}],"about":[{"href":"https:\/\/www.pimealdia.org\/es\/wp-json\/wp\/v2\/types\/post"}],"author":[{"embeddable":true,"href":"https:\/\/www.pimealdia.org\/es\/wp-json\/wp\/v2\/users\/189"}],"replies":[{"embeddable":true,"href":"https:\/\/www.pimealdia.org\/es\/wp-json\/wp\/v2\/comments?post=27875"}],"version-history":[{"count":2,"href":"https:\/\/www.pimealdia.org\/es\/wp-json\/wp\/v2\/posts\/27875\/revisions"}],"predecessor-version":[{"id":27886,"href":"https:\/\/www.pimealdia.org\/es\/wp-json\/wp\/v2\/posts\/27875\/revisions\/27886"}],"wp:featuredmedia":[{"embeddable":true,"href":"https:\/\/www.pimealdia.org\/es\/wp-json\/wp\/v2\/media\/27883"}],"wp:attachment":[{"href":"https:\/\/www.pimealdia.org\/es\/wp-json\/wp\/v2\/media?parent=27875"}],"wp:term":[{"taxonomy":"category","embeddable":true,"href":"https:\/\/www.pimealdia.org\/es\/wp-json\/wp\/v2\/categories?post=27875"},{"taxonomy":"post_tag","embeddable":true,"href":"https:\/\/www.pimealdia.org\/es\/wp-json\/wp\/v2\/tags?post=27875"}],"curies":[{"name":"wp","href":"https:\/\/api.w.org\/{rel}","templated":true}]}}