{"id":27927,"date":"2023-03-02T18:28:54","date_gmt":"2023-03-02T16:28:54","guid":{"rendered":"https:\/\/www.pimealdia.org\/?p=27927"},"modified":"2023-03-02T18:28:54","modified_gmt":"2023-03-02T16:28:54","slug":"las-innovaciones-del-mwc23-aterrizan-en-las-pymes-catalanas","status":"publish","type":"post","link":"https:\/\/www.pimealdia.org\/es\/las-innovaciones-del-mwc23-aterrizan-en-las-pymes-catalanas\/","title":{"rendered":"Las innovaciones del MWC23 \u201caterrizan\u201d en las pymes catalanas"},"content":{"rendered":"<p style=\"text-align: justify;\"><strong>Tres start-ups catalanas socias de\u00a0PIMEC\u00a0han participado esta semana en el 4\u00a0Years\u00a0From\u00a0Now\u00a0en el marco del\u00a0Mobile\u00a0World\u00a0Congress\u00a02023 en Barcelona<\/strong><\/p>\n<p style=\"text-align: justify;\">La ciudad de Barcelona mantiene, despu\u00e9s de d\u00e9cadas, la capacidad y el posicionamiento para ser punta de lanza de las tecnolog\u00edas y soluciones m\u00e1s avanzadas a escala mundial. El congreso de telefon\u00eda m\u00f3vil, que atrae a profesionales de todo el mundo para presentar las \u00faltimas novedades y tendencias en este \u00e1mbito, se ha instalado de nuevo en la ciudad y, este a\u00f1o, ha recibido m\u00e1s de 80.000 personas. Durante esta semana se calcula que la ciudad recibir\u00e1 un impacto econ\u00f3mico de unos 350 millones de euros, impacto que repercute directamente en el tejido empresarial de Barcelona de varios sectores como el de la restauraci\u00f3n, el comercio, los servicios, el taxi, etc. Bares, restaurantes y discotecas prev\u00e9n facturar unos 96 millones de euros y se calcula que el gasto diario por persona en restauraci\u00f3n y ocio nocturno est\u00e1 alrededor de los 300 euros.<\/p>\n<figure id=\"attachment_27928\" aria-describedby=\"caption-attachment-27928\" style=\"width: 350px\" class=\"wp-caption alignright\"><img loading=\"lazy\" class=\"wp-image-27928\" style=\"text-align: justify;\" src=\"https:\/\/www.pimealdia.org\/wp-content\/uploads\/2023\/03\/Velocity-1-300x203.jpg\" alt=\"\" width=\"350\" height=\"237\" srcset=\"https:\/\/www.pimealdia.org\/wp-content\/uploads\/2023\/03\/Velocity-1-300x203.jpg 300w, https:\/\/www.pimealdia.org\/wp-content\/uploads\/2023\/03\/Velocity-1-480x325.jpg 480w, https:\/\/www.pimealdia.org\/wp-content\/uploads\/2023\/03\/Velocity-1.jpg 680w\" sizes=\"(max-width: 350px) 100vw, 350px\" \/><figcaption id=\"caption-attachment-27928\" class=\"wp-caption-text\">Foto: Entrada al MWC con el lema de este a\u00f1o &#8216;Velocity&#8217;<\/figcaption><\/figure>\n<p style=\"text-align: justify;\">Una edici\u00f3n del MWC en que la inteligencia artificial, la expansi\u00f3n de las tecnolog\u00edas digitales en los sectores industriales, la tecnolog\u00eda en las finanzas, la seguridad en las redes abiertas o el desarrollo de los protocolos 5G y 6G han sido los grandes \u00e1mbitos tem\u00e1ticos. Todos ellos son campos en los cuales se fundamentar\u00e1 cada vez m\u00e1s la competitividad y productividad de las pymes catalanas. Seg\u00fan el presidente de la Comisi\u00f3n de Innovaci\u00f3n y Digitalizaci\u00f3n de PIMEC, Joan Josep Berbel, \u201chay que conseguir que estas tecnolog\u00edas aterricen en nuestro tejido empresarial y que esta sea una tarea prioritaria para todos los agentes del ecosistema de innovaci\u00f3n, tanto estatal como de Catalu\u00f1a, si queremos hablar con propiedad de un legado\u201d. Para ello es necesario que en las peque\u00f1as y medianas empresas se produzca un \u201ccambio de cultura empresarial con soluciones adaptadas a las necesidades espec\u00edficas de las pymes\u201d. A pesar de que este a\u00f1o el lema del Congreso Internacional ha sido\u00a0<em>Velocity<\/em>, Joan Josep Berbel defiende que la estrategia que se deber\u00eda seguir para dotar las pymes de velocidad real en su adaptaci\u00f3n a las innovaciones tecnol\u00f3gicas es \u201cconseguir un equilibrio entre velocidad, seguridad y escalabilidad en diferentes tipos de empresas\u201d.<\/p>\n<p style=\"text-align: justify;\">La Fundaci\u00f3n\u00a0Mobile\u00a0World\u00a0Capital Barcelona (MWCapital)\u00a0y\u00a0PIMEC\u00a0colaboran desde 2017 en este acontecimiento global para impulsar y fomentar la transformaci\u00f3n digital de las micro, peque\u00f1as y medianas empresas catalanas. De hecho,\u00a0MWCapital\u00a0es la entidad que acoge el\u00a0Mobile\u00a0World\u00a0Congress\u00a0Barcelona y fund\u00f3 el sal\u00f3n 4\u00a0Years\u00a0From\u00a0Now\u00a0(4YFN) con el objetivo de que se convirtiera en una plataforma de negocios para dar voz a los desarrollos tecnol\u00f3gicos de empresas locales, muchas de ellas start-ups y, por lo tanto, pymes catalanas. Este a\u00f1o, las 3 empresas participantes en el 4YFN socias de\u00a0PIMEC han contado con un estand y han tenido la oportunidad de estar presentes en jornadas de\u00a0networking, sesiones de\u00a0<em>pitching<\/em>\u00a0para presentar su empresa o reuniones\u00a0<em>one-to-one<\/em>\u00a0para aprovechar al m\u00e1ximo este trampol\u00edn internacional sin precedentes.<\/p>\n<figure id=\"attachment_27896\" aria-describedby=\"caption-attachment-27896\" style=\"width: 350px\" class=\"wp-caption alignleft\"><img loading=\"lazy\" class=\"wp-image-27896\" src=\"https:\/\/www.pimealdia.org\/wp-content\/uploads\/2023\/03\/INCAPTO-300x203.jpg\" alt=\"\" width=\"350\" height=\"237\" srcset=\"https:\/\/www.pimealdia.org\/wp-content\/uploads\/2023\/03\/INCAPTO-300x203.jpg 300w, https:\/\/www.pimealdia.org\/wp-content\/uploads\/2023\/03\/INCAPTO-480x325.jpg 480w, https:\/\/www.pimealdia.org\/wp-content\/uploads\/2023\/03\/INCAPTO.jpg 680w\" sizes=\"(max-width: 350px) 100vw, 350px\" \/><figcaption id=\"caption-attachment-27896\" class=\"wp-caption-text\">Foto: Francesc Font, cofundador d&#8217;INCAPTO, presenta la empresa en una sesi\u00f3n de pitching del 4YFN<\/figcaption><\/figure>\n<p style=\"text-align: justify;\">INCAPTO es una start-up, asociada a la patronal, que se dedica a mejorar la experiencia de tomar caf\u00e9 democratizando las cafeteras superautom\u00e1ticas\u00a0y el caf\u00e9 de especialidad. La sostenibilidad es clave en su l\u00ednea de negocio y ofrecen soluciones tecnol\u00f3gicas para disfrutar de un caf\u00e9 reci\u00e9n molido con tan solo pulsar un bot\u00f3n, mediante un sistema responsable sin c\u00e1psulas ni residuos innecesarios. El cofundador de\u00a0INCAPTO, Francesc Font, asegura que estar presentes en esta edici\u00f3n del\u00a0MWC\u00a0les ha permitido \u201chacer contactos y presentar al mundo su modelo de negocio: pago por consumici\u00f3n\u201d. Francesc Font explica que las m\u00e1quinas de caf\u00e9 est\u00e1n conectadas con el Internet\u00a0of\u00a0Things\u00a0(IoT) y que a final de mes se facturan solo las consumiciones realizadas y de manera autom\u00e1tica se env\u00eda el caf\u00e9 sin tener que ocuparse de nada\u201d. Adem\u00e1s,\u00a0en INCAPTO\u00a0tambi\u00e9n se adaptan y tienen soluciones para cada empresa seg\u00fan su tama\u00f1o.<\/p>\n<figure id=\"attachment_27899\" aria-describedby=\"caption-attachment-27899\" style=\"width: 350px\" class=\"wp-caption alignright\"><img loading=\"lazy\" class=\"wp-image-27899\" src=\"https:\/\/www.pimealdia.org\/wp-content\/uploads\/2023\/03\/EPINIUM-300x203.jpg\" alt=\"\" width=\"350\" height=\"237\" srcset=\"https:\/\/www.pimealdia.org\/wp-content\/uploads\/2023\/03\/EPINIUM-300x203.jpg 300w, https:\/\/www.pimealdia.org\/wp-content\/uploads\/2023\/03\/EPINIUM-480x325.jpg 480w, https:\/\/www.pimealdia.org\/wp-content\/uploads\/2023\/03\/EPINIUM.jpg 680w\" sizes=\"(max-width: 350px) 100vw, 350px\" \/><figcaption id=\"caption-attachment-27899\" class=\"wp-caption-text\">Foto: Carlos Mart\u00ednez, CEO de EPINIUM, en la zona jard\u00edn del 4YFN<\/figcaption><\/figure>\n<p style=\"text-align: justify;\">Por su parte, Carlos Mart\u00ednez, fundador de\u00a0EPINIUM, otra start-up socia\u00a0de PIMEC, cree que estar presentes en el 4YFN \u201cha sido clave para ganar visibilidad, conocer el mercado y nuevas marcas, as\u00ed como para presentar la herramienta internacionalmente\u201d. El \u00e1rea de negocio de\u00a0EPINIUM\u00a0est\u00e1 vinculada a la automatizaci\u00f3n de\u00a0Amazon\u00a0Ads\u00a0y son \u201cla \u00fanica empresa en el mundo que efect\u00faa la integraci\u00f3n de una herramienta de inteligencia artificial que gestiona la publicidad autom\u00e1ticamente y ofrece los mejores resultados conectando la publicidad y el posicionamiento org\u00e1nico\u201d, destaca el\u00a0CEO, quien tambi\u00e9n ha valorado positivamente la posibilidad de hablar con potenciales inversores. Carlos Mart\u00ednez, expresidente de\u00a0PIMEC\u00a0Joves, asegura que la patronal lo ha acompa\u00f1ado en este viaje de crecimiento desde el principio y le ha permitido \u201caprender mucho de otras personas empresarias, hacer\u00a0networking, conseguir clientes e, incluso, alg\u00fan inversor\u201d.<\/p>\n<figure id=\"attachment_27902\" aria-describedby=\"caption-attachment-27902\" style=\"width: 350px\" class=\"wp-caption alignleft\"><img loading=\"lazy\" class=\"wp-image-27902\" src=\"https:\/\/www.pimealdia.org\/wp-content\/uploads\/2023\/03\/TALENTUP-260x300.jpg\" alt=\"\" width=\"350\" height=\"403\" srcset=\"https:\/\/www.pimealdia.org\/wp-content\/uploads\/2023\/03\/TALENTUP-260x300.jpg 260w, https:\/\/www.pimealdia.org\/wp-content\/uploads\/2023\/03\/TALENTUP-889x1024.jpg 889w, https:\/\/www.pimealdia.org\/wp-content\/uploads\/2023\/03\/TALENTUP-768x885.jpg 768w, https:\/\/www.pimealdia.org\/wp-content\/uploads\/2023\/03\/TALENTUP-1333x1536.jpg 1333w, https:\/\/www.pimealdia.org\/wp-content\/uploads\/2023\/03\/TALENTUP-1778x2048.jpg 1778w, https:\/\/www.pimealdia.org\/wp-content\/uploads\/2023\/03\/TALENTUP-480x553.jpg 480w\" sizes=\"(max-width: 350px) 100vw, 350px\" \/><figcaption id=\"caption-attachment-27902\" class=\"wp-caption-text\">Foto: Jordi Arcas, CEO de Talent Up, y el equipo de la empresa en el stand del 4YFN<\/figcaption><\/figure>\n<p style=\"text-align: justify;\">El paraguas de\u00a0PIMEC\u00a0tambi\u00e9n ha ayudado a la start-up\u00a0TalentUp, presente este a\u00f1o en el 4YFN, en su desarrollo empresarial. \u201cPoder disponer de una red de apoyo que facilita la orientaci\u00f3n, sinergias e\u00a0<em>insights<\/em>\u00a0ha sido y es un activo de gran valor para nuestra compa\u00f1\u00eda que nos permite navegar en el ecosistema de una manera que sin\u00a0PIMEC ser\u00eda dif\u00edcil\u201d, afirma Jordi\u00a0Arcas,\u00a0CEO\u00a0de TalentUp, una plataforma salarial mediante la cual es posible conocer los salarios de m\u00e1s de 250 posiciones en m\u00e1s de 120 ciudades de todo el mundo, lo que \u201cproporciona una gran ventaja competitiva a la hora de atraer y retener talento\u201d. Esta start-up trabaja con grandes, peque\u00f1as y medianas empresas y ofrece facilidades a las pymes con descuentos para empresas con menos de 20 trabajadores y a ONG. Jordi\u00a0Arcas\u00a0destaca que su presencia en el 4YFN, adem\u00e1s de \u201cser provechosa por la interacci\u00f3n con potenciales prospectos y clientes\u201d est\u00e1 siendo \u201cde gran valor por el hecho de poder presentar en persona TalentUp, escuchar directamente las necesidades de nuestro p\u00fablico objetivo y recibir el <em>feedback<\/em> y la opini\u00f3n de los visitantes de la feria\u201d.<\/p>\n<p style=\"text-align: justify;\">Pese al \u00e9xito y la presencia de cada vez m\u00e1s micro, peque\u00f1as y medianas en el Mobile\u00a0World\u00a0Congress, en la actualidad el uso de las innovaciones\u00a0tecnol\u00f3gicas\u00a0en las pymes y las grandes empresas catalanas contin\u00faa siendo desigual. Reducir la brecha digital y encontrar soluciones adaptadas al modelo de negocio de las pymes es el camino a seguir, para lo cual se requieren pol\u00edticas alineadas y colaboraci\u00f3n entre el sector p\u00fablico y el privado. Una necesidad que\u00a0PIMEC\u00a0ha puesto de manifiesto, y en la que ya est\u00e1 trabajando: \u201cQueremos situar la necesidad de que el legado del\u00a0MWC\u00a0capilarice\u00a0tambi\u00e9n en las micro, peque\u00f1as y medianas empresas del pa\u00eds para fomentar su competitividad y productividad\u201d, ha se\u00f1alado Joan Berbel.<\/p>\n","protected":false},"excerpt":{"rendered":"<p>Tres start-ups catalanas socias de\u00a0PIMEC\u00a0han participado esta semana en el 4\u00a0Years\u00a0From\u00a0Now\u00a0en el marco del\u00a0Mobile\u00a0World\u00a0Congress\u00a02023 en Barcelona La ciudad de Barcelona mantiene, despu\u00e9s de d\u00e9cadas, la capacidad y el posicionamiento para ser punta de lanza de las tecnolog\u00edas y soluciones m\u00e1s avanzadas a escala mundial. El congreso de telefon\u00eda m\u00f3vil, que atrae a profesionales de todo el mundo para presentar las \u00faltimas novedades y tendencias en este \u00e1mbito, se ha instalado de nuevo en la ciudad y, este a\u00f1o, ha recibido m\u00e1s de 80.000 personas. Durante esta semana se calcula que la ciudad recibir\u00e1 un impacto econ\u00f3mico de unos 350 millones<\/p>\n","protected":false},"author":154,"featured_media":27891,"comment_status":"open","ping_status":"closed","sticky":false,"template":"","format":"standard","meta":[],"categories":[332,329],"tags":[963],"_links":{"self":[{"href":"https:\/\/www.pimealdia.org\/es\/wp-json\/wp\/v2\/posts\/27927"}],"collection":[{"href":"https:\/\/www.pimealdia.org\/es\/wp-json\/wp\/v2\/posts"}],"about":[{"href":"https:\/\/www.pimealdia.org\/es\/wp-json\/wp\/v2\/types\/post"}],"author":[{"embeddable":true,"href":"https:\/\/www.pimealdia.org\/es\/wp-json\/wp\/v2\/users\/154"}],"replies":[{"embeddable":true,"href":"https:\/\/www.pimealdia.org\/es\/wp-json\/wp\/v2\/comments?post=27927"}],"version-history":[{"count":6,"href":"https:\/\/www.pimealdia.org\/es\/wp-json\/wp\/v2\/posts\/27927\/revisions"}],"predecessor-version":[{"id":27938,"href":"https:\/\/www.pimealdia.org\/es\/wp-json\/wp\/v2\/posts\/27927\/revisions\/27938"}],"wp:featuredmedia":[{"embeddable":true,"href":"https:\/\/www.pimealdia.org\/es\/wp-json\/wp\/v2\/media\/27891"}],"wp:attachment":[{"href":"https:\/\/www.pimealdia.org\/es\/wp-json\/wp\/v2\/media?parent=27927"}],"wp:term":[{"taxonomy":"category","embeddable":true,"href":"https:\/\/www.pimealdia.org\/es\/wp-json\/wp\/v2\/categories?post=27927"},{"taxonomy":"post_tag","embeddable":true,"href":"https:\/\/www.pimealdia.org\/es\/wp-json\/wp\/v2\/tags?post=27927"}],"curies":[{"name":"wp","href":"https:\/\/api.w.org\/{rel}","templated":true}]}}