{"id":27971,"date":"2023-03-13T13:41:59","date_gmt":"2023-03-13T11:41:59","guid":{"rendered":"https:\/\/www.pimealdia.org\/?p=27971"},"modified":"2023-03-13T14:04:54","modified_gmt":"2023-03-13T12:04:54","slug":"empoderamiento-femenino-no-al-poder-a-cualquier-precio","status":"publish","type":"post","link":"https:\/\/www.pimealdia.org\/es\/empoderamiento-femenino-no-al-poder-a-cualquier-precio\/","title":{"rendered":"Empoderamiento femenino: no al poder a cualquier precio"},"content":{"rendered":"<p>El pasado 8 de marzo celebramos un nuevo D\u00eda Internacional de la Mujer. Ese d\u00eda, hist\u00f3ricamente, se habla ampliamente de la igualdad de g\u00e9nero.<br \/>\nPersonalmente he defendido siempre, m\u00e1s que la igualdad, la equidad de g\u00e9nero.<br \/>\n\u00bfY a qu\u00e9 me refiero cuando hablo de equidad de g\u00e9nero?<\/p>\n<p>Seg\u00fan el art\u00edculo 2 de la Ley 17\/2015, del 21 de julio, equidad de g\u00e9nero es la distribuci\u00f3n justa de los derechos, los beneficios, las obligaciones, las oportunidades y los recursos en base al reconocimiento y el respeto de la diferencia entre mujeres y hombres en la sociedad.<br \/>\nSi hablamos de la distribuci\u00f3n justa de derechos, beneficios, obligaciones, oportunidades y recursos, autom\u00e1ticamente estamos hablando de terceros, de aquellos que tienen la capacidad de distribuir o hacer distribuir de una manera justa.<\/p>\n<p>Pero hoy no quiero escribir sobre la equidad de g\u00e9nero. Hoy quiero escribir sobre mi visi\u00f3n personal del\u00a0empoderamiento, y m\u00e1s concretamente sobre el\u00a0empoderamiento\u00a0femenino.<br \/>\nSeg\u00fan la enciclopedia catalana, el\u00a0empoderamiento\u00a0se define como el proceso por el cual individuos o grupos sociales recuperan e incrementan su capacidad de decisi\u00f3n y de liderazgo en relaci\u00f3n con su propio desarrollo y su propio devenir.<\/p>\n<p>En el caso de las mujeres, el\u00a0empoderamiento\u00a0femenino se entiende como el proceso a trav\u00e9s del cual las mujeres nos transformamos en <strong>agentes activos<\/strong> de nuestras propias vidas personales y colectivas.<\/p>\n<p>Una mujer empoderada es aquella que toma el poder para promover cambios en su situaci\u00f3n personal y, a la vez, social. Para m\u00ed, supone una actitud frente a la vida.<br \/>\nY esta actitud, \u00bfes innata o adquirida?<\/p>\n<p>No tengo respuesta para esta pregunta; personalmente desconozco la teor\u00eda, pero s\u00ed conozco la pr\u00e1ctica que me da la experiencia de una larga vida observando y conviviendo con otras mujeres. Las mujeres que actualmente me encuentro en mi entorno en posiciones de poder y responsabilidad son mujeres empoderadas nacidas en familias donde han tenido acceso a una educaci\u00f3n pr\u00e1cticamente sin limitaciones ni diferencias por cuestiones de g\u00e9nero.<\/p>\n<p>Son mujeres que se han formado y trabajado teniendo muy claros los logros profesionales que quer\u00edan alcanzar. Por el camino, muchas hemos sido madres, superando los obst\u00e1culos y trabas que la maternidad ha supuesto para nuestra carrera; ayer, hoy y posiblemente a\u00fan ma\u00f1ana.<br \/>\nLa fortaleza, la seguridad, la confianza, la perseverancia, la generosidad, la valent\u00eda y la empat\u00eda son algunas de las cualidades de las mujeres empoderadas. Pero tambi\u00e9n lo es la responsabilidad de saberse referentes y de intentar que otras mujeres, que quiz\u00e1s no tienen esta actitud \u201cde serie\u201d, la adopten, la hagan suya y la incorporen en su ADN.<\/p>\n<p>En m\u00e1s de una ocasi\u00f3n me he encontrado con mujeres de gran talento que, pudiendo dar un paso adelante para asumir un rol o un cargo relevante, se han mantenido al margen.<br \/>\nDesde aqu\u00ed hago un llamamiento a las mujeres empoderadas para que, con los medios que tengan a su alcance, echen una mano a aquellas que, por los motivos que sean, no han conseguido dar el paso.<\/p>\n<p>Yo creo firmemente en el\u00a0empoderamiento\u00a0femenino puesto que no depende de terceros. Depende de nosotras, las mujeres.<\/p>\n<p>En nuestra sociedad, el empoderamiento\u00a0es esta actitud, esta fuerza que te permite llegar all\u00ed donde t\u00fa te propongas, para conseguir aquellos roles o cargos de responsabilidad donde puedas aportar todo tu talento, conocimiento y experiencia.<\/p>\n<p>Parecer\u00eda que, una vez alcanzado este logro, ya hayamos llegado a la cumbre del\u00a0empoderamiento. Pero no es as\u00ed. Su expresi\u00f3n m\u00e1xima es, en su caso, ser capaz de renunciar a este cargo de responsabilidad, que tanto nos ha costado conseguir, cuando el rol que se te exige no est\u00e1 alineado con tus principios, ideas y valores.<\/p>\n<p>\u00a1<strong>S\u00cd<\/strong> al\u00a0empoderamiento, <strong>NO<\/strong> al poder a cualquier precio!<\/p>\n<p>&nbsp;<\/p>\n<p><em>Mireia Cammany<\/em><br \/>\n<em>Vicepresidenta de PIMEC<\/em><\/p>\n","protected":false},"excerpt":{"rendered":"<p>El pasado 8 de marzo celebramos un nuevo D\u00eda Internacional de la Mujer. Ese d\u00eda, hist\u00f3ricamente, se habla ampliamente de la igualdad de g\u00e9nero. Personalmente he defendido siempre, m\u00e1s que la igualdad, la equidad de g\u00e9nero. \u00bfY a qu\u00e9 me refiero cuando hablo de equidad de g\u00e9nero? Seg\u00fan el art\u00edculo 2 de la Ley 17\/2015, del 21 de julio, equidad de g\u00e9nero es la distribuci\u00f3n justa de los derechos, los beneficios, las obligaciones, las oportunidades y los recursos en base al reconocimiento y el respeto de la diferencia entre mujeres y hombres en la sociedad. Si hablamos de la distribuci\u00f3n<\/p>\n","protected":false},"author":94,"featured_media":27970,"comment_status":"open","ping_status":"closed","sticky":false,"template":"","format":"standard","meta":[],"categories":[770],"tags":[],"_links":{"self":[{"href":"https:\/\/www.pimealdia.org\/es\/wp-json\/wp\/v2\/posts\/27971"}],"collection":[{"href":"https:\/\/www.pimealdia.org\/es\/wp-json\/wp\/v2\/posts"}],"about":[{"href":"https:\/\/www.pimealdia.org\/es\/wp-json\/wp\/v2\/types\/post"}],"author":[{"embeddable":true,"href":"https:\/\/www.pimealdia.org\/es\/wp-json\/wp\/v2\/users\/94"}],"replies":[{"embeddable":true,"href":"https:\/\/www.pimealdia.org\/es\/wp-json\/wp\/v2\/comments?post=27971"}],"version-history":[{"count":1,"href":"https:\/\/www.pimealdia.org\/es\/wp-json\/wp\/v2\/posts\/27971\/revisions"}],"predecessor-version":[{"id":27972,"href":"https:\/\/www.pimealdia.org\/es\/wp-json\/wp\/v2\/posts\/27971\/revisions\/27972"}],"wp:featuredmedia":[{"embeddable":true,"href":"https:\/\/www.pimealdia.org\/es\/wp-json\/wp\/v2\/media\/27970"}],"wp:attachment":[{"href":"https:\/\/www.pimealdia.org\/es\/wp-json\/wp\/v2\/media?parent=27971"}],"wp:term":[{"taxonomy":"category","embeddable":true,"href":"https:\/\/www.pimealdia.org\/es\/wp-json\/wp\/v2\/categories?post=27971"},{"taxonomy":"post_tag","embeddable":true,"href":"https:\/\/www.pimealdia.org\/es\/wp-json\/wp\/v2\/tags?post=27971"}],"curies":[{"name":"wp","href":"https:\/\/api.w.org\/{rel}","templated":true}]}}