{"id":28024,"date":"2023-03-22T11:54:09","date_gmt":"2023-03-22T09:54:09","guid":{"rendered":"https:\/\/www.pimealdia.org\/?p=28024"},"modified":"2023-03-22T12:06:43","modified_gmt":"2023-03-22T10:06:43","slug":"el-agua-la-crisis-mas-importante","status":"publish","type":"post","link":"https:\/\/www.pimealdia.org\/es\/el-agua-la-crisis-mas-importante\/","title":{"rendered":"El agua: la crisis m\u00e1s importante"},"content":{"rendered":"<p style=\"text-align: justify;\">Uno de los <strong>efectos del cambio clim\u00e1tico<\/strong> m\u00e1s inmediatos es la <strong>modificaci\u00f3n de la frecuencia e intensidad de la lluvia<\/strong>. El clima mediterr\u00e1neo en general es heterog\u00e9neo, con sequ\u00edas largas y con episodios intensos de lluvia. Para que llueva en Catalunya es necesario que se genere una depresi\u00f3n ante la costa de forma que sus l\u00edneas de viento vayan de mar hacia tierra. Adem\u00e1s, hace falta que en altura haya fr\u00edo suficiente para que la humedad condense y facilite la lluvia. En verano se ven a menudo episodios de viento de mar hacia tierra y lo \u00fanico que hay es humedad, bochorno: falta el gradiente temperatura para que llueva.<\/p>\n<p style=\"text-align: justify;\">La situaci\u00f3n de Catalunya no facilita que los vientos vayan de mar hacia tierra dado que la Tierra gira de oeste hacia este. Las perturbaciones que vienen en esta direcci\u00f3n arrastran agua al oc\u00e9ano Atl\u00e1ntico, pero se van enjugando a medida que van atravesando la pen\u00ednsula Ib\u00e9rica, llegando secas a Catalunya. Esto ha pasado siempre. Lo que se ha modificado en los \u00faltimos a\u00f1os es la temperatura en las capas altas de la atm\u00f3sfera. Poco a poco la cota cero cada vez sube m\u00e1s de altitud y este es el elemento fundamental que frena la lluvia: no hay bastante energ\u00eda fr\u00eda para condensar la humedad, y no llueve.<\/p>\n<p style=\"text-align: justify;\">Este fen\u00f3meno ya no lo cambiaremos, en todo caso lo podr\u00edamos frenar (tampoco vamos a la velocidad adecuada para frenar el cambio clim\u00e1tico). Por lo tanto, lo que nos toca es adaptarnos a esta nueva situaci\u00f3n. Tener periodos largos de sequ\u00eda y periodos de lluvia intensa con inundaciones implica cambios profundos en las maneras de hacer.<\/p>\n<p style=\"text-align: justify;\">En cuanto al uso mayor de agua, el riego en agricultura, hay que acabar de forma urgente con el riego por inmersi\u00f3n, en grandes cantidades, que todav\u00eda se practica en algunas comarcas. <strong>Es urgente poner precio al agua para poderla destinar a las especies con m\u00e1s valor a\u00f1adido<\/strong> (hay que dejar de regar el trigo o la alfalfa, por ejemplo), que se riegue con gota a gota con sensores que miden las necesidades h\u00eddricas de los vegetales, y por aspersi\u00f3n. En cuanto al agua urbana, el precio tambi\u00e9n es un elemento disuasivo para impulsar el ahorro. Pero ser\u00e1 <strong>necesario que toda la costa genere su agua potable de desaladoras de agua de mar.<\/strong> El \u00e1rea metropolitana ya lo tiene, y la desaladora de Blanes se ampliar\u00e1 pronto, pero hay que pensar si habr\u00e1 que instalar m\u00e1s en la Costa Brava norte y en la Costa Dorada. Otra acci\u00f3n que ya se ha iniciado y debe completarse es el env\u00edo del agua depurada aguas arriba de un r\u00edo, permitiendo que se acabe de regenerar por su circulaci\u00f3n en el mismo. Hace falta tambi\u00e9n empezar a decir a las industrias m\u00e1s intensivas en agua que tienen que reducir dr\u00e1sticamente su consumo, y desarrollar la regeneraci\u00f3n de agua depurada con ultrafiltraci\u00f3n y osmosis para emplearla como agua entrante.<\/p>\n<p style=\"text-align: justify;\">Finalmente,<strong> aparte de ahorrar y regenerar, se requieren pol\u00edticas de gesti\u00f3n del agua de la que se dispone<\/strong>. Dado que aumentar la capacidad de los embalses es una opci\u00f3n casi imposible \u2013a pesar de que podr\u00edamos pensar en embalses secos para ser empleados en periodos de inundaci\u00f3n\u2013, la soluci\u00f3n que parece m\u00e1s plausible es la conexi\u00f3n de cuencas entre s\u00ed, de forma que una cuenca ayude a otra y a la inversa, cuando los episodios de sequ\u00eda lo exijan.<\/p>\n<p style=\"text-align: justify;\">Tenemos muchas acciones por hacer sin que la conciencia de la gente sea la necesaria para actuar decididamente. Queda el riesgo de incendios y la urgencia de actuar en la gesti\u00f3n de los bosques, creando accesos m\u00e1s f\u00e1ciles para gestionar la limpieza, la tala y la replantaci\u00f3n de estos espacios. La biomasa puede ser la soluci\u00f3n tanto para disminuir el riesgo de fuego como para convertirse en una fuente de energ\u00eda necesaria para resolver este conflicto tan grande que surge.<\/p>\n<p><em>Joan Vila<\/em><br \/>\n<em>President de la Comissi\u00f3 d\u2019Energia de PIMEC<\/em><\/p>\n","protected":false},"excerpt":{"rendered":"<p>Uno de los efectos del cambio clim\u00e1tico m\u00e1s inmediatos es la modificaci\u00f3n de la frecuencia e intensidad de la lluvia. El clima mediterr\u00e1neo en general es heterog\u00e9neo, con sequ\u00edas largas y con episodios intensos de lluvia. Para que llueva en Catalunya es necesario que se genere una depresi\u00f3n ante la costa de forma que sus l\u00edneas de viento vayan de mar hacia tierra. Adem\u00e1s, hace falta que en altura haya fr\u00edo suficiente para que la humedad condense y facilite la lluvia. En verano se ven a menudo episodios de viento de mar hacia tierra y lo \u00fanico que hay es<\/p>\n","protected":false},"author":97,"featured_media":28021,"comment_status":"open","ping_status":"closed","sticky":false,"template":"","format":"standard","meta":[],"categories":[338,342],"tags":[963],"_links":{"self":[{"href":"https:\/\/www.pimealdia.org\/es\/wp-json\/wp\/v2\/posts\/28024"}],"collection":[{"href":"https:\/\/www.pimealdia.org\/es\/wp-json\/wp\/v2\/posts"}],"about":[{"href":"https:\/\/www.pimealdia.org\/es\/wp-json\/wp\/v2\/types\/post"}],"author":[{"embeddable":true,"href":"https:\/\/www.pimealdia.org\/es\/wp-json\/wp\/v2\/users\/97"}],"replies":[{"embeddable":true,"href":"https:\/\/www.pimealdia.org\/es\/wp-json\/wp\/v2\/comments?post=28024"}],"version-history":[{"count":3,"href":"https:\/\/www.pimealdia.org\/es\/wp-json\/wp\/v2\/posts\/28024\/revisions"}],"predecessor-version":[{"id":28042,"href":"https:\/\/www.pimealdia.org\/es\/wp-json\/wp\/v2\/posts\/28024\/revisions\/28042"}],"wp:featuredmedia":[{"embeddable":true,"href":"https:\/\/www.pimealdia.org\/es\/wp-json\/wp\/v2\/media\/28021"}],"wp:attachment":[{"href":"https:\/\/www.pimealdia.org\/es\/wp-json\/wp\/v2\/media?parent=28024"}],"wp:term":[{"taxonomy":"category","embeddable":true,"href":"https:\/\/www.pimealdia.org\/es\/wp-json\/wp\/v2\/categories?post=28024"},{"taxonomy":"post_tag","embeddable":true,"href":"https:\/\/www.pimealdia.org\/es\/wp-json\/wp\/v2\/tags?post=28024"}],"curies":[{"name":"wp","href":"https:\/\/api.w.org\/{rel}","templated":true}]}}