{"id":28034,"date":"2023-03-21T16:56:25","date_gmt":"2023-03-21T14:56:25","guid":{"rendered":"https:\/\/www.pimealdia.org\/?p=28034"},"modified":"2023-03-21T16:56:25","modified_gmt":"2023-03-21T14:56:25","slug":"la-quiebra-del-silicon-valley-bank-y-otros-tipos-de-interes-y-como-las-pymes-pueden-seguir-afrontando-este-entorno-de-incertidumbre","status":"publish","type":"post","link":"https:\/\/www.pimealdia.org\/es\/la-quiebra-del-silicon-valley-bank-y-otros-tipos-de-interes-y-como-las-pymes-pueden-seguir-afrontando-este-entorno-de-incertidumbre\/","title":{"rendered":"La quiebra del Silicon Valley Bank (y otros), tipos de inter\u00e9s y c\u00f3mo las pymes pueden seguir afrontando este entorno de incertidumbre"},"content":{"rendered":"<p>Llevamos ya varios a\u00f1os en que las pymes se despiertan peri\u00f3dicamente con noticias que provocan cambios que hacen cada vez m\u00e1s dif\u00edcil su gesti\u00f3n:<\/p>\n<ul>\n<li>Una pandemia que obliga a cerrar actividades.<\/li>\n<li>Una crisis en la cadena de suministros.<\/li>\n<li>Una\u00a0escasez\u00a0de materiales y componentes estrat\u00e9gicos que provoca inflaci\u00f3n y la necesidad de disponer de capacidad financiera para las necesidades de capital circulante.<\/li>\n<li>El conflicto b\u00e9lico en Ucrania.<\/li>\n<li>Una actuaci\u00f3n de autoridades monetarias \u2013tanto la Reserva Federal americana como el Banco Central Europeo\u2013 que han pretendido combatir una inflaci\u00f3n de coste con subidas del tipo de inter\u00e9s.<\/li>\n<\/ul>\n<p>Y un largo etc\u00e9tera que podr\u00edamos citar. En cualquier caso, <strong>el actual entorno de incertidumbre por la combinaci\u00f3n del alza del tipo y la insolvencia financiera hace prever un riesgo de ralentizaci\u00f3n econ\u00f3mica justo cuando la actividad estaba recuperando los niveles prepandemia<\/strong>.<\/p>\n<p>Se est\u00e1 escribiendo ampliamente sobre las causas de la inflaci\u00f3n, el incremento de tipos, insolvencias bancarias, etc. Por lo tanto, intentaremos centrarnos aqu\u00ed en los impactos sobre las estrategias de las pymes y sugeriremos actuaciones que el sector p\u00fablico tendr\u00eda que implementar para evitar que las turbulencias monetarias afecten lo menos posible a las pymes.<\/p>\n<p><u>El contagio y efectos de los rescates bancarios<\/u><\/p>\n<p>En principio, las autoridades monetarias procuran aportar serenidad argumentando que, por las caracter\u00edsticas de los bancos en quiebra, la crisis afectar\u00eda al sector tecnol\u00f3gico y que no habr\u00e1 contagio. As\u00ed mismo, las actuaciones relacionadas con la banca suiza se considerar\u00eda que tampoco tendr\u00edan riesgo de contagio. No obstante, hay que recordar que el presidente de la Reserva Federal aseguraba pocos d\u00edas antes de la quiebra del\u00a0Silicon\u00a0Valley\u00a0Bank\u00a0que la condici\u00f3n de los bancos de los EE.UU. era s\u00f3lida.<\/p>\n<p>De todos modos, si bien tenemos que esperar que no se produzcan insolvencias, no se pueden descartar impactos en el entorno start-up; habr\u00e1 que ver si el fondeo de la financiaci\u00f3n alternativa no se posiciona en una postura m\u00e1s conservadora, as\u00ed como otros posibles factores que afecten a la fluidez en el cr\u00e9dito empresarial. En cualquier caso, las turbulencias monetarias no ayudan a la toma de decisiones de crecimiento.<\/p>\n<p><u>Las consecuencias del incremento en los tipos de inter\u00e9s<\/u><\/p>\n<p><strong>Lo que seguro que seguir\u00e1n sufriendo las pymes ser\u00e1 el doble efecto inflacionario de los precios de los componentes b\u00e1sicos y del tipo de inter\u00e9s.<\/strong> La inflaci\u00f3n de coste (por conflicto, ruptura de la cadena de suministros&#8230;) no se frenar\u00e1 por el alza en el tipo de inter\u00e9s. Por lo tanto, <strong>o bien la empresa tiene la capacidad de trasladar los incrementos de costes a los precios (traspasando el problema a la siguiente posici\u00f3n de la cadena de valor) o bien tiene que sacrificar margen y entrar en riesgo de no tener recursos para hacer frente a sus obligaciones o financiar su crecimiento<\/strong>.<\/p>\n<p>Hay que tener en cuenta que, si las empresas no invierten, <strong>esto puede comportar tambi\u00e9n que no se beneficien de fondos europeos<\/strong>. Por lo tanto, habr\u00eda que adoptar medidas de compensaci\u00f3n del coste financiero que contrarresten las alzas en los tipos como medida de activaci\u00f3n de las estrategias de crecimiento.<\/p>\n<p><u>\u00bfQu\u00e9 pedimos?<\/u><\/p>\n<p>Es fundamental que protejamos nuestras empresas en estos momentos en que necesitan adaptar sus procesos, productos y estrategias de crecimiento. En este sentido, consideramos que hay que contrarrestar el impacto financiero de los intereses al mismo tiempo que aseguramos la liquidez para fomentar los procesos de crecimiento. Pensamos que las pymes podr\u00edan perder fondos europeos. Sugerimos, pues, apoyos como:<\/p>\n<ul>\n<li><strong>Actuaciones para impulsar el proceso inversor<\/strong>: actuaciones como la l\u00ednea ICF Industria 4.0 que bonifica hasta 2 puntos del tipo de inter\u00e9s o la subvenci\u00f3n al crecimiento y el emprendimiento industrial que gestiona Avalis y que facilitan el proceso de inversi\u00f3n pasan a ser muy importantes en el actual entorno de incertidumbre. En este sentido, consideramos que hay que reforzar y ampliar este tipo de l\u00edneas y asegurar que se dise\u00f1a la ayuda de forma compatible con otros tipos de apoyo.<\/li>\n<li><strong>Actuaciones para impulsar el crecimiento empresarial<\/strong>: igualmente, habr\u00eda que buscar f\u00f3rmulas de bonificaci\u00f3n de intereses en l\u00edneas de circulante estructural.<\/li>\n<\/ul>\n<p>En conclusi\u00f3n, si bien en base a la actual informaci\u00f3n no esperamos una crisis financiera como la del 2008, consideramos que la incertidumbre requiere medidas s\u00f3lidas que faciliten la inversi\u00f3n y el crecimiento empresarial.<\/p>\n<p>&nbsp;<\/p>\n<p><em>Pere\u00a0Cots<\/em><br \/>\n<em>Director de Consultor\u00eda Estrat\u00e9gica y Financiaci\u00f3n de\u00a0PIMEC<\/em><\/p>\n","protected":false},"excerpt":{"rendered":"<p>Llevamos ya varios a\u00f1os en que las pymes se despiertan peri\u00f3dicamente con noticias que provocan cambios que hacen cada vez m\u00e1s dif\u00edcil su gesti\u00f3n: Una pandemia que obliga a cerrar actividades. Una crisis en la cadena de suministros. Una\u00a0escasez\u00a0de materiales y componentes estrat\u00e9gicos que provoca inflaci\u00f3n y la necesidad de disponer de capacidad financiera para las necesidades de capital circulante. El conflicto b\u00e9lico en Ucrania. Una actuaci\u00f3n de autoridades monetarias \u2013tanto la Reserva Federal americana como el Banco Central Europeo\u2013 que han pretendido combatir una inflaci\u00f3n de coste con subidas del tipo de inter\u00e9s. Y un largo etc\u00e9tera que podr\u00edamos<\/p>\n","protected":false},"author":133,"featured_media":28029,"comment_status":"open","ping_status":"closed","sticky":false,"template":"","format":"standard","meta":[],"categories":[342],"tags":[776,963],"_links":{"self":[{"href":"https:\/\/www.pimealdia.org\/es\/wp-json\/wp\/v2\/posts\/28034"}],"collection":[{"href":"https:\/\/www.pimealdia.org\/es\/wp-json\/wp\/v2\/posts"}],"about":[{"href":"https:\/\/www.pimealdia.org\/es\/wp-json\/wp\/v2\/types\/post"}],"author":[{"embeddable":true,"href":"https:\/\/www.pimealdia.org\/es\/wp-json\/wp\/v2\/users\/133"}],"replies":[{"embeddable":true,"href":"https:\/\/www.pimealdia.org\/es\/wp-json\/wp\/v2\/comments?post=28034"}],"version-history":[{"count":1,"href":"https:\/\/www.pimealdia.org\/es\/wp-json\/wp\/v2\/posts\/28034\/revisions"}],"predecessor-version":[{"id":28035,"href":"https:\/\/www.pimealdia.org\/es\/wp-json\/wp\/v2\/posts\/28034\/revisions\/28035"}],"wp:featuredmedia":[{"embeddable":true,"href":"https:\/\/www.pimealdia.org\/es\/wp-json\/wp\/v2\/media\/28029"}],"wp:attachment":[{"href":"https:\/\/www.pimealdia.org\/es\/wp-json\/wp\/v2\/media?parent=28034"}],"wp:term":[{"taxonomy":"category","embeddable":true,"href":"https:\/\/www.pimealdia.org\/es\/wp-json\/wp\/v2\/categories?post=28034"},{"taxonomy":"post_tag","embeddable":true,"href":"https:\/\/www.pimealdia.org\/es\/wp-json\/wp\/v2\/tags?post=28034"}],"curies":[{"name":"wp","href":"https:\/\/api.w.org\/{rel}","templated":true}]}}