{"id":28167,"date":"2023-04-10T09:30:33","date_gmt":"2023-04-10T07:30:33","guid":{"rendered":"https:\/\/www.pimealdia.org\/?p=28167"},"modified":"2023-05-22T14:58:41","modified_gmt":"2023-05-22T12:58:41","slug":"emprendimiento-y-autonomos-las-dos-caras-de-la-moneda","status":"publish","type":"post","link":"https:\/\/www.pimealdia.org\/es\/emprendimiento-y-autonomos-las-dos-caras-de-la-moneda\/","title":{"rendered":"Emprendimiento y aut\u00f3nomos: las dos caras de la moneda"},"content":{"rendered":"<p>El diccionario de la lengua catalana (Instituto de Estudios Catalanes) presenta las siguientes definiciones de emprendedor y aut\u00f3nomo:<\/p>\n<p><strong>emprendedor -a<br \/>\n<\/strong>adj. [LC]\u00a0Que no vacila en poner en ejecuci\u00f3n sus designios, que no teme emprender las cosas, que pone una gran actividad en sus empresas.<\/p>\n<p><strong>aut\u00f3nomo -a<\/strong><\/p>\n<p>1 adj. [LC] [PO] Que se gobierna por sus propias leyes, que tiene el derecho o la facultad de gobernarse a s\u00ed mismo.<br \/>\n2 adj. [EI]\u00a0Que se proporciona la fuerza motriz sin necesidad de un alimentador.<br \/>\n3 adj. [ECT]\u00a0[DR] Que trabaja por cuenta propia y no de\u00a0otros, que no depende de ning\u00fan patr\u00f3n<\/p>\n<p>Seg\u00fan esta definici\u00f3n, podemos decir que las dos caracter\u00edsticas principales del emprendimiento son \u201cponer en ejecuci\u00f3n\u201d y \u201csus designios\u201d. Es decir, su finalidad es la puesta en funcionamiento de una empresa o actividad o, dicho de otra manera, obtener el alta como aut\u00f3nomo\/a.<\/p>\n<p>A su vez, las caracter\u00edsticas del aut\u00f3nomo\/a son \u201cque se gobierna por sus propias leyes\u201d, muy alineado con la capacidad del emprendimiento de crear seg\u00fan \u201csus designios\u201d; con automotivaci\u00f3n; y sin depender de ning\u00fan patr\u00f3n.<\/p>\n<p>Y es que emprender y ser aut\u00f3nomo\/a forman parte del mismo\u00a0cont\u00ednuum. Veamos algunas caracter\u00edsticas m\u00e1s, muy conocidas en la figura emprendedora y que tienen su continuidad en el aut\u00f3nomo\/a:<\/p>\n<ul>\n<li>Motivaci\u00f3n y resiliencia: para superar los obst\u00e1culos de toda actividad emprendedora; para vencer los altibajos que tiene el d\u00eda a d\u00eda de toda actividad aut\u00f3noma.<\/li>\n<li>Aprendizaje constante: para tener la capacitaci\u00f3n para emprender y gestionar la futura actividad; para adaptarse a los cambios a los que est\u00e1 sometida la gesti\u00f3n de la empresa (tecnol\u00f3gicos, normativos, de sostenibilidad, laborales, fiscales, para citar algunos recientes).<\/li>\n<li>Gesti\u00f3n emocional y autoconfianza: para avanzar en el proceso de emprendimiento, a pesar de que los resultados no sean los esperados a la primera; para continuar con la empresa pese a las condiciones inciertas e, incluso, adversas.<\/li>\n<li>Visi\u00f3n: para imaginar qu\u00e9 ser\u00e1 aquello que todav\u00eda no es, en el caso del emprendimiento; para transformar aquello que tiene que ser a medio plazo, en el de la actividad aut\u00f3noma.<\/li>\n<li>Competencias comunes como negociaci\u00f3n, liderazgo, comunicaci\u00f3n, trabajo en equipo.<\/li>\n<\/ul>\n<p>Y es que la persona emprendedora se prepara para crear una empresa econ\u00f3micamente viable, medioambientalmente sostenible y socialmente responsable. Esta persona emprendedora, una vez creada la actividad, ser\u00e1 una aut\u00f3noma \u2013persona f\u00edsica o societaria, pero aut\u00f3noma, al fin y al cabo.<\/p>\n<p>Desde esta perspectiva, es necesario que las pol\u00edticas p\u00fablicas de apoyo al emprendimiento se focalicen en esta doble cara de la moneda, emprendimiento y actividad aut\u00f3noma; con esta visi\u00f3n de l\u00ednea continua entre una y otra etapa de la empresa y de apoyo a la persona promotora, para que el alta como aut\u00f3nomo\/a no sea la finalidad del emprendimiento sino el verdadero punto inicial de creaci\u00f3n de riqueza econ\u00f3mica, social y territorial que aporta la persona aut\u00f3noma.<\/p>\n<p><strong>Elisabet Bach<\/strong><br \/>\nPresidenta de Aut\u00f3nomos PIMEC<\/p>\n","protected":false},"excerpt":{"rendered":"<p>El diccionario de la lengua catalana (Instituto de Estudios Catalanes) presenta las siguientes definiciones de emprendedor y aut\u00f3nomo: emprendedor -a adj. [LC]\u00a0Que no vacila en poner en ejecuci\u00f3n sus designios, que no teme emprender las cosas, que pone una gran actividad en sus empresas. aut\u00f3nomo -a 1 adj. [LC] [PO] Que se gobierna por sus propias leyes, que tiene el derecho o la facultad de gobernarse a s\u00ed mismo. 2 adj. [EI]\u00a0Que se proporciona la fuerza motriz sin necesidad de un alimentador. 3 adj. [ECT]\u00a0[DR] Que trabaja por cuenta propia y no de\u00a0otros, que no depende de ning\u00fan patr\u00f3n Seg\u00fan<\/p>\n","protected":false},"author":105,"featured_media":28180,"comment_status":"open","ping_status":"closed","sticky":false,"template":"","format":"standard","meta":[],"categories":[770],"tags":[963],"_links":{"self":[{"href":"https:\/\/www.pimealdia.org\/es\/wp-json\/wp\/v2\/posts\/28167"}],"collection":[{"href":"https:\/\/www.pimealdia.org\/es\/wp-json\/wp\/v2\/posts"}],"about":[{"href":"https:\/\/www.pimealdia.org\/es\/wp-json\/wp\/v2\/types\/post"}],"author":[{"embeddable":true,"href":"https:\/\/www.pimealdia.org\/es\/wp-json\/wp\/v2\/users\/105"}],"replies":[{"embeddable":true,"href":"https:\/\/www.pimealdia.org\/es\/wp-json\/wp\/v2\/comments?post=28167"}],"version-history":[{"count":1,"href":"https:\/\/www.pimealdia.org\/es\/wp-json\/wp\/v2\/posts\/28167\/revisions"}],"predecessor-version":[{"id":28181,"href":"https:\/\/www.pimealdia.org\/es\/wp-json\/wp\/v2\/posts\/28167\/revisions\/28181"}],"wp:featuredmedia":[{"embeddable":true,"href":"https:\/\/www.pimealdia.org\/es\/wp-json\/wp\/v2\/media\/28180"}],"wp:attachment":[{"href":"https:\/\/www.pimealdia.org\/es\/wp-json\/wp\/v2\/media?parent=28167"}],"wp:term":[{"taxonomy":"category","embeddable":true,"href":"https:\/\/www.pimealdia.org\/es\/wp-json\/wp\/v2\/categories?post=28167"},{"taxonomy":"post_tag","embeddable":true,"href":"https:\/\/www.pimealdia.org\/es\/wp-json\/wp\/v2\/tags?post=28167"}],"curies":[{"name":"wp","href":"https:\/\/api.w.org\/{rel}","templated":true}]}}