{"id":28326,"date":"2023-05-12T12:02:08","date_gmt":"2023-05-12T10:02:08","guid":{"rendered":"https:\/\/www.pimealdia.org\/?p=28326"},"modified":"2023-05-12T14:14:07","modified_gmt":"2023-05-12T12:14:07","slug":"pensemos-primero-en-pequeno","status":"publish","type":"post","link":"https:\/\/www.pimealdia.org\/es\/pensemos-primero-en-pequeno\/","title":{"rendered":"Pensemos primero en peque\u00f1o"},"content":{"rendered":"<p style=\"text-align: justify;\">El pr\u00f3ximo 12 de mayo se celebra el \u201cD\u00eda Europeo de la Pyme\u201d, y en el contexto actual de pospandemia y presi\u00f3n inflacionaria, desde PIMEC y SMEunited continuamos defendiendo ante las instituciones el papel clave de las pymes en la sociedad y en la econom\u00eda.<\/p>\n<p style=\"text-align: justify;\">Desgraciadamente, el n\u00famero de empresas que han tenido que poner fin a su actividad contin\u00faa aumentando y, para que esta situaci\u00f3n no se convierta en una tendencia, seguimos trabajando en varios frentes.<\/p>\n<p style=\"text-align: justify;\">En primer lugar, <strong>hay que recuperar la estabilidad econ\u00f3mica de Europa, estabilizando los mercados de productos b\u00e1sicos y reduciendo la inflaci\u00f3n<\/strong>. El \u00edndice empresarial de las pymes (SME Business Climate Index) elaborado por SMEunited el pasado mes de marzo constata que la recuperaci\u00f3n de las pymes se mantiene estancada.<\/p>\n<p style=\"text-align: justify;\">En este contexto, y m\u00e1s que nunca, debemos asegurar que las autoridades, tanto a nivel europeo como nacional y auton\u00f3mico, promuevan la competitividad de las mipymes. Uno de los aspectos m\u00e1s relevantes consiste en <strong>poner fin a la volatilidad de los precios energ\u00e9ticos<\/strong> del \u00faltimo a\u00f1o instaurando un sistema justo de configuraci\u00f3n de precios. Otro elemento clave es<strong> acabar con la morosidad<\/strong> y desde PIMEC estamos trabajando para que la revisi\u00f3n de la directiva de lucha contra la morosidad sea clara y no d\u00e9 lugar a interpretaciones diferentes, que propicien los abusos por parte de grandes empresas.<\/p>\n<p style=\"text-align: justify;\">La falta de personal de las empresas en toda Europa tampoco es un tema de importancia menor. La Comisi\u00f3n Europea acaba de inaugurar el A\u00f1o Europeo de las Competencias para promover la reconversi\u00f3n de los trabajadores (reskiling), la formaci\u00f3n profesional y otras medidas como el reconocimiento de cualificaciones de ciudadanos no comunitarios. SMEunited, como agente social europeo, ha escogido como tema anual de trabajo las competencias y, <strong>desde PIMEC, estamos trasladando las necesidades concretas de las pymes para conseguir enderezar la situaci\u00f3n<\/strong>.<\/p>\n<p style=\"text-align: justify;\">En Europa disfrutamos de unos altos est\u00e1ndares de protecci\u00f3n medioambiental y laborales, comparados con el resto del mundo. Otros pa\u00edses desarrollados adoptan los est\u00e1ndares y las normas europeas en sus legislaciones. Esto, que nos hace sentir muy orgullosos de ser ciudadanos europeos, no tiene que ser un inconveniente para nuestras pymes. Nuestra tarea es encontrar el equilibrio entre un crecimiento sostenible e inclusivo y al mismo tiempo asegurarnos de que las pymes est\u00e9n en el puente de mando.<\/p>\n<p style=\"text-align: justify;\">Desde la delegaci\u00f3n UE de PIMEC<strong> siempre reclamamos que se legisle pensando en la dimensi\u00f3n de la empresa<\/strong> y que <strong>se alivie a las pymes de trabas administrativas y costes de cumplimiento innecesarios<\/strong>, y \u00a1no nos cansaremos de repetirlo!<\/p>\n<p>&nbsp;<\/p>\n<p><strong>Rosa Solanes<\/strong><br \/>\nRepresentante de PIMEC en la Uni\u00f3n Europea<\/p>\n","protected":false},"excerpt":{"rendered":"<p>El pr\u00f3ximo 12 de mayo se celebra el \u201cD\u00eda Europeo de la Pyme\u201d, y en el contexto actual de pospandemia y presi\u00f3n inflacionaria, desde PIMEC y SMEunited continuamos defendiendo ante las instituciones el papel clave de las pymes en la sociedad y en la econom\u00eda. Desgraciadamente, el n\u00famero de empresas que han tenido que poner fin a su actividad contin\u00faa aumentando y, para que esta situaci\u00f3n no se convierta en una tendencia, seguimos trabajando en varios frentes. En primer lugar, hay que recuperar la estabilidad econ\u00f3mica de Europa, estabilizando los mercados de productos b\u00e1sicos y reduciendo la inflaci\u00f3n. El \u00edndice<\/p>\n","protected":false},"author":76,"featured_media":28323,"comment_status":"open","ping_status":"closed","sticky":false,"template":"","format":"standard","meta":[],"categories":[342],"tags":[776,963],"_links":{"self":[{"href":"https:\/\/www.pimealdia.org\/es\/wp-json\/wp\/v2\/posts\/28326"}],"collection":[{"href":"https:\/\/www.pimealdia.org\/es\/wp-json\/wp\/v2\/posts"}],"about":[{"href":"https:\/\/www.pimealdia.org\/es\/wp-json\/wp\/v2\/types\/post"}],"author":[{"embeddable":true,"href":"https:\/\/www.pimealdia.org\/es\/wp-json\/wp\/v2\/users\/76"}],"replies":[{"embeddable":true,"href":"https:\/\/www.pimealdia.org\/es\/wp-json\/wp\/v2\/comments?post=28326"}],"version-history":[{"count":10,"href":"https:\/\/www.pimealdia.org\/es\/wp-json\/wp\/v2\/posts\/28326\/revisions"}],"predecessor-version":[{"id":28343,"href":"https:\/\/www.pimealdia.org\/es\/wp-json\/wp\/v2\/posts\/28326\/revisions\/28343"}],"wp:featuredmedia":[{"embeddable":true,"href":"https:\/\/www.pimealdia.org\/es\/wp-json\/wp\/v2\/media\/28323"}],"wp:attachment":[{"href":"https:\/\/www.pimealdia.org\/es\/wp-json\/wp\/v2\/media?parent=28326"}],"wp:term":[{"taxonomy":"category","embeddable":true,"href":"https:\/\/www.pimealdia.org\/es\/wp-json\/wp\/v2\/categories?post=28326"},{"taxonomy":"post_tag","embeddable":true,"href":"https:\/\/www.pimealdia.org\/es\/wp-json\/wp\/v2\/tags?post=28326"}],"curies":[{"name":"wp","href":"https:\/\/api.w.org\/{rel}","templated":true}]}}